{"id":618189,"date":"2025-12-23T16:13:14","date_gmt":"2025-12-23T16:13:14","guid":{"rendered":"https:\/\/www.europesays.com\/fr\/618189\/"},"modified":"2025-12-23T16:13:14","modified_gmt":"2025-12-23T16:13:14","slug":"budget-2026-le-gouvernement-va-remettre-sur-la-table-la-surtaxe-sur-les-grandes-entreprises-mais-enterre-la-reforme-de-la-tva-des-auto-entrepreneurs-23-12-2025-a-1358","status":"publish","type":"post","link":"https:\/\/www.europesays.com\/fr\/618189\/","title":{"rendered":"Budget 2026 : le gouvernement va remettre sur la table la surtaxe sur les grandes entreprises, mais enterre la r\u00e9forme de la TVA des auto-entrepreneurs &#8211; 23\/12\/2025 \u00e0 13:58"},"content":{"rendered":"<p> Apr\u00e8s l&rsquo;adoption par le Parlement de la loi sp\u00e9ciale ce mardi pour garantir la continuit\u00e9 de l&rsquo;\u00c9tat d\u00e9but janvier, la nouvelle lecture sur le budget d\u00e9butera d\u00e8s la semaine du 5 janvier en commission \u00e0 l&rsquo;Assembl\u00e9e.<\/p>\n<p>        <img decoding=\"async\" src=\"https:\/\/www.europesays.com\/fr\/wp-content\/uploads\/2025\/12\/9f949ec935d32a9aafe4397940fc8be2-760x507.jpg\" alt=\"( AFP \/ DIMITAR DILKOFF )\" loading=\"eager\" fetchpriority=\"high\" width=\"760\" height=\"507\" style=\"max-width: 100%!important; height: auto;\"\/><\/p>\n<p class=\"c-image-news__legend\">( AFP \/ DIMITAR DILKOFF )<\/p>\n<p>\n Apr\u00e8s l&rsquo;\u00e9chec des d\u00e9put\u00e9s et des s\u00e9nateurs \u00e0 se d&rsquo;accord pour doter la France d&rsquo;un budget pour l&rsquo;ann\u00e9e 2026, les parlementaires vont devoir se remettre au travail tr\u00e8s vite en janvier. \u00ab\u00a0Nous devrons au plus vite, en janvier, donner un budget \u00e0 la nation\u00a0\u00bb, a press\u00e9 Emmanuel Macron lundi. Et le gouvernement de devoir jongler entre les mesures \u00e0 garder ou \u00e0 enterrer avant le retour dans l&rsquo;h\u00e9micycle.\n<\/p>\n<p>\n Ainsi, le gouvernement a pr\u00e9vu de remettra sur la table la surtaxe sur les b\u00e9n\u00e9fices des grandes entreprises, supprim\u00e9e par le S\u00e9nat, a indiqu\u00e9 mardi 23 d\u00e9cembre le ministre des Relations avec le Parlement Laurent Panifous. \u00ab\u00a0Nous avons \u00e0 l&rsquo;issue des travaux du S\u00e9nat un texte qui est \u00e0 5,3% de d\u00e9ficit, c&rsquo;est beaucoup trop.<br \/>\n <strong><br \/>\n  L&rsquo;objectif partag\u00e9 \u00e0 gauche et \u00e0 droite est de 5%, \u00e7a veut dire neuf milliards d&rsquo;\u00e9cart\u00a0\u00bb<br \/>\n <\/strong><br \/>\n , a-t-il expliqu\u00e9 sur<\/p>\n<p>  France 2<\/p>\n<p> . Le d\u00e9bat est sur \u00ab\u00a0comment on r\u00e9partit ces neuf milliards\u00a0\u00bb entre augmentation de la fiscalit\u00e9 et baisse des d\u00e9penses, a-t-il r\u00e9sum\u00e9.\n<\/p>\n<p>\n Dans sa copie initiale, le gouvernement esp\u00e9rait d\u00e9gager par la surtaxe sur les grandes entreprises des recettes de quatre milliards d&rsquo;euros -contre huit l&rsquo;ann\u00e9e derni\u00e8re-, un montant port\u00e9 \u00e0 six milliards lors des d\u00e9bats \u00e0 l&rsquo;Assembl\u00e9e puis ramen\u00e9 \u00e0 z\u00e9ro par le S\u00e9nat.<br \/>\n <strong><br \/>\n  \u00ab\u00a0Le gouvernement reviendra probablement sur un montant entre quatre et six milliards<br \/>\n <\/strong><br \/>\n . Mais encore une fois, le gouvernement ne fait que proposer, ce sont les parlementaires qui doivent trancher ce sujet\u00a0\u00bb, a-t-il dit.\n<\/p>\n<p>\n Apr\u00e8s l&rsquo;adoption par le Parlement de la loi sp\u00e9ciale ce mardi pour garantir la continuit\u00e9 de l&rsquo;Etat d\u00e9but janvier, la nouvelle lecture sur le budget d\u00e9butera d\u00e8s la semaine du 5 janvier en commission \u00e0 l&rsquo;Assembl\u00e9e, a-t-il confirm\u00e9, mais \u00ab\u00a0le travail de compromis ne va pas attendre le 5 janvier\u00a0\u00bb.\n<\/p>\n<p> \u00ab\u00a0Notre id\u00e9e de r\u00e9forme n&rsquo;est pas bonne\u00a0\u00bb<\/p>\n<p>\n En revanche, le gouvernement a ent\u00e9rin\u00e9 la suppression de sa proposition de r\u00e9forme de la TVA des auto-entrepreneurs, contest\u00e9e et rejet\u00e9e par les deux chambres du Parlement pendant la discussion budg\u00e9taire, a d\u00e9clar\u00e9 lundi la ministre des Comptes publics, Am\u00e9lie de Montchalin.\n<\/p>\n<p>\n \u00ab\u00a0Et \u00e0 l&rsquo;Assembl\u00e9e et au S\u00e9nat,<br \/>\n <strong><br \/>\n  il a \u00e9t\u00e9 dit que ce n&rsquo;\u00e9tait pas une bonne id\u00e9e<br \/>\n <\/strong><br \/>\n (&#8230;) Il y a un compromis parce que manifestement notre id\u00e9e de r\u00e9forme n&rsquo;est pas bonne, j&rsquo;en prends acte, c&rsquo;est la d\u00e9mocratie, \u00e7a ne sera pas mis dans le budget final\u00a0\u00bb, a affirm\u00e9 Am\u00e9lie de Montchalin lors d&rsquo;un point presse \u00e0 l&rsquo;issue d&rsquo;un conseil des ministres extraordinaire consacr\u00e9 au budget.\n<\/p>\n<p>\n En novembre, les parlementaires avaient d\u00e9j\u00e0 supprim\u00e9, par une proposition de loi, une disposition du budget 2025 abaissant \u00e0 25.000 euros de chiffre d&rsquo;affaires annuel le seuil en de\u00e7\u00e0 duquel les micro-entreprises sont exempt\u00e9es de TVA, au lieu de 37.500 euros actuellement pour les prestations de services et 85.000 euros pour les activit\u00e9s de commerce.<br \/>\n <strong><br \/>\n  Le dispositif, qui devait rapporter environ 780 millions d&rsquo;euros par an<br \/>\n <\/strong><br \/>\n , dont la moiti\u00e9 pour l&rsquo;Etat, avait suscit\u00e9 une lev\u00e9e de boucliers des acteurs \u00e9conomiques, en premier lieu des micro-entreprises particuli\u00e8rement cibl\u00e9es. Le gouvernement pr\u00e9voyait dans son projet de budget 2026 une voie m\u00e9diane, avec un seuil de \u00ab\u00a0droit commun\u00a0\u00bb, fix\u00e9 \u00e0 37.500 euros, et un seuil sp\u00e9cifique abaiss\u00e9 \u00e0 25.000 euros pour les micro-entreprises du b\u00e2timent.<\/p>\n","protected":false},"excerpt":{"rendered":"Apr\u00e8s l&rsquo;adoption par le Parlement de la loi sp\u00e9ciale ce mardi pour garantir la continuit\u00e9 de l&rsquo;\u00c9tat d\u00e9but&hellip;\n","protected":false},"author":2,"featured_media":618190,"comment_status":"","ping_status":"","sticky":false,"template":"","format":"standard","meta":{"footnotes":""},"categories":[4],"tags":[400,11,398,408,405,1011,27,403,402,399,404,12,25,401,406,407],"class_list":{"0":"post-618189","1":"post","2":"type-post","3":"status-publish","4":"format-standard","5":"has-post-thumbnail","7":"category-france","8":"tag-action-cac-40","9":"tag-actualites","10":"tag-bourse-de-paris","11":"tag-boursorama","12":"tag-cotations","13":"tag-fr","14":"tag-france","15":"tag-indices-devises","16":"tag-investir","17":"tag-investissement","18":"tag-marche-boursier","19":"tag-news","20":"tag-republique-francaise","21":"tag-sicav","22":"tag-trackers","23":"tag-warrants"},"share_on_mastodon":{"url":"","error":""},"_links":{"self":[{"href":"https:\/\/www.europesays.com\/fr\/wp-json\/wp\/v2\/posts\/618189","targetHints":{"allow":["GET"]}}],"collection":[{"href":"https:\/\/www.europesays.com\/fr\/wp-json\/wp\/v2\/posts"}],"about":[{"href":"https:\/\/www.europesays.com\/fr\/wp-json\/wp\/v2\/types\/post"}],"author":[{"embeddable":true,"href":"https:\/\/www.europesays.com\/fr\/wp-json\/wp\/v2\/users\/2"}],"replies":[{"embeddable":true,"href":"https:\/\/www.europesays.com\/fr\/wp-json\/wp\/v2\/comments?post=618189"}],"version-history":[{"count":0,"href":"https:\/\/www.europesays.com\/fr\/wp-json\/wp\/v2\/posts\/618189\/revisions"}],"wp:featuredmedia":[{"embeddable":true,"href":"https:\/\/www.europesays.com\/fr\/wp-json\/wp\/v2\/media\/618190"}],"wp:attachment":[{"href":"https:\/\/www.europesays.com\/fr\/wp-json\/wp\/v2\/media?parent=618189"}],"wp:term":[{"taxonomy":"category","embeddable":true,"href":"https:\/\/www.europesays.com\/fr\/wp-json\/wp\/v2\/categories?post=618189"},{"taxonomy":"post_tag","embeddable":true,"href":"https:\/\/www.europesays.com\/fr\/wp-json\/wp\/v2\/tags?post=618189"}],"curies":[{"name":"wp","href":"https:\/\/api.w.org\/{rel}","templated":true}]}}