{"id":618193,"date":"2025-12-23T16:15:13","date_gmt":"2025-12-23T16:15:13","guid":{"rendered":"https:\/\/www.europesays.com\/fr\/618193\/"},"modified":"2025-12-23T16:15:13","modified_gmt":"2025-12-23T16:15:13","slug":"firminy-les-astuces-du-chef-du-restaurant-leverest-pour-composer-un-menu-original-et-abordable-pour-noel","status":"publish","type":"post","link":"https:\/\/www.europesays.com\/fr\/618193\/","title":{"rendered":"Firminy. Les astuces du chef du restaurant L&rsquo;Everest pour composer un menu original et abordable pour No\u00ebl"},"content":{"rendered":"<p>\u00c0 l\u2019approche des f\u00eates de fin d\u2019ann\u00e9e, nombreux sont ceux qui se creusent la t\u00eate pour pr\u00e9parer un repas festif et gourmand, sans pour autant faire exploser le budget. Pour glaner quelques conseils avis\u00e9s, nous sommes all\u00e9s \u00e0 la rencontre de Rajendra Pradhan, g\u00e9rant et chef en cuisine du restaurant L\u2019Everest, install\u00e9 \u00e0 Firminy depuis 2011.<\/p>\n<p>Aux commandes de cet \u00e9tablissement \u00e0 taille humaine, qui compte une trentaine de couverts, Rajendra travaille en famille. \u00c0 ses c\u00f4t\u00e9s, son \u00e9pouse Nirmala, responsable de salle, assure un accueil chaleureux et&#8230;<\/p>\n","protected":false},"excerpt":{"rendered":"\u00c0 l\u2019approche des f\u00eates de fin d\u2019ann\u00e9e, nombreux sont ceux qui se creusent la t\u00eate pour pr\u00e9parer un&hellip;\n","protected":false},"author":2,"featured_media":618194,"comment_status":"","ping_status":"","sticky":false,"template":"","format":"standard","meta":{"footnotes":""},"categories":[9653],"tags":[1111,11,2430,1687,7539,1777,674,10282,10283,1011,27,12,25,4001],"class_list":{"0":"post-618193","1":"post","2":"type-post","3":"status-publish","4":"format-standard","5":"has-post-thumbnail","7":"category-saint-etienne","8":"tag-actu","9":"tag-actualites","10":"tag-auvergne-rhone-alpes","11":"tag-culture-loisirs","12":"tag-edition-loire-sud","13":"tag-eu","14":"tag-europe","15":"tag-firminy","16":"tag-firminy-ville","17":"tag-fr","18":"tag-france","19":"tag-news","20":"tag-republique-francaise","21":"tag-saint-etienne"},"share_on_mastodon":{"url":"https:\/\/pubeurope.com\/@fr\/115769778192668070","error":""},"_links":{"self":[{"href":"https:\/\/www.europesays.com\/fr\/wp-json\/wp\/v2\/posts\/618193","targetHints":{"allow":["GET"]}}],"collection":[{"href":"https:\/\/www.europesays.com\/fr\/wp-json\/wp\/v2\/posts"}],"about":[{"href":"https:\/\/www.europesays.com\/fr\/wp-json\/wp\/v2\/types\/post"}],"author":[{"embeddable":true,"href":"https:\/\/www.europesays.com\/fr\/wp-json\/wp\/v2\/users\/2"}],"replies":[{"embeddable":true,"href":"https:\/\/www.europesays.com\/fr\/wp-json\/wp\/v2\/comments?post=618193"}],"version-history":[{"count":0,"href":"https:\/\/www.europesays.com\/fr\/wp-json\/wp\/v2\/posts\/618193\/revisions"}],"wp:featuredmedia":[{"embeddable":true,"href":"https:\/\/www.europesays.com\/fr\/wp-json\/wp\/v2\/media\/618194"}],"wp:attachment":[{"href":"https:\/\/www.europesays.com\/fr\/wp-json\/wp\/v2\/media?parent=618193"}],"wp:term":[{"taxonomy":"category","embeddable":true,"href":"https:\/\/www.europesays.com\/fr\/wp-json\/wp\/v2\/categories?post=618193"},{"taxonomy":"post_tag","embeddable":true,"href":"https:\/\/www.europesays.com\/fr\/wp-json\/wp\/v2\/tags?post=618193"}],"curies":[{"name":"wp","href":"https:\/\/api.w.org\/{rel}","templated":true}]}}