{"id":618195,"date":"2025-12-23T16:16:19","date_gmt":"2025-12-23T16:16:19","guid":{"rendered":"https:\/\/www.europesays.com\/fr\/618195\/"},"modified":"2025-12-23T16:16:19","modified_gmt":"2025-12-23T16:16:19","slug":"sans-surprise-marc-chassaubene-est-candidat-a-saint-etienne","status":"publish","type":"post","link":"https:\/\/www.europesays.com\/fr\/618195\/","title":{"rendered":"Sans surprise, Marc Chassaub\u00e9n\u00e9 est candidat \u00e0 Saint-Etienne"},"content":{"rendered":"<p class=\"is-style-chapo\">La nouvelle n\u2019a surpris personne. Marc Chassaub\u00e9n\u00e9, adjoint \u00e0 la Culture devenu 1er adjoint depuis la d\u00e9mission de Ga\u00ebl Perdriau et la d\u00e9signation de Jean-Pierre Berger comme maire, a confirm\u00e9 la rumeur ce matin. Il sera candidat aux Municipales 2026 \u00e0 Saint-Etienne\u2026 avec le soutien du maire actuel, ce qui ne fait pas l\u2019unanimit\u00e9 au sein de la majorit\u00e9.<\/p>\n<p><img fetchpriority=\"high\" decoding=\"async\" width=\"1024\" height=\"576\" src=\"https:\/\/www.europesays.com\/fr\/wp-content\/uploads\/2025\/12\/IMG_4935-1024x576.jpg\" alt=\"Chassaub\u00e9n\u00e9\" class=\"wp-image-81472\"  \/>Jean-Pierre Berger prend la pr\u00e9sidence du comiti\u00e9 de soutien de Marc Chassaub\u00e9n\u00e9. \u00a9JT\/ If Saint-Etienne<\/p>\n<p>\u00c7a n\u2019\u00e9tait pas une surprise. Le 11 d\u00e9cembre dernier, il devenait 1er adjoint du nouveau maire de Saint-Etienne, <a href=\"https:\/\/www.if-saint-etienne.fr\/politique-societe\/succession-de-perdriau-sans-surprise-jean-pierre-berger-devient-maire\" target=\"_blank\" rel=\"noreferrer noopener\">Jean-Pierre Berger<\/a>. Depuis 2014, il \u00e9tait adjoint de <a href=\"https:\/\/www.if-saint-etienne.fr\/immobilier-vie-juridique\/chantage-le-proces\/proces-de-chantage-monsieur-vous-ne-pouvez-plus-etre-le-maire-de-saint-etienne\" target=\"_blank\" rel=\"noreferrer noopener\">Ga\u00ebl Perdriau<\/a> charg\u00e9 de la culture et du design. D\u00e9j\u00e0 tr\u00e8s en avant depuis ce nouveau mandat, Marc Chassaub\u00e9n\u00e9 \u00e9tait de plus en plus pr\u00e9sent aux c\u00f4t\u00e9s de l\u2019ancien maire, lors de ses apparitions publiques, y compris lorsque le lien avec la culture \u00e9tait plut\u00f4t lointain. <\/p>\n<p>Ce mardi 23 d\u00e9cembre, il a mis fin aux rumeurs et a officialis\u00e9 sa candidature aux \u00e9lections municipales de Saint-Etienne. \u00ab\u00a0Je souhaite qu\u2019on ne soit pas affili\u00e9 \u00e0 un parti politique, a-t-il pr\u00e9cis\u00e9. Je consid\u00e8re en effet qu\u2019ils ont largement contribu\u00e9 \u00e0 la fracture de la soci\u00e9t\u00e9 actuelle\u00a0\u00bb. S\u2019il se pr\u00e9sente ainsi sans \u00e9tiquette, celle de \u00ab\u00a0fid\u00e8le de Ga\u00ebl Perdriau\u00a0\u00bb risque n\u00e9anmoins d\u2019\u00eatre difficile \u00e0 porter.<\/p>\n<p>Une \u00e9quipe renouvel\u00e9e<\/p>\n<p>Pour Marc Chassaub\u00e9n\u00e9, il s\u2019agit avant tout de poursuivre le travail men\u00e9 par l\u2019\u00e9quipe municipale, tout en apportant sa vision. Au sujet de Ga\u00ebl Perdriau, il pr\u00e9cise\u00a0: \u00ab\u00a0J\u2019ai mon point de vue de citoyen. Mais en tant qu\u2019\u00e9lu, je n\u2019ai pas \u00e0 essayer d\u2019influencer les St\u00e9phanois d\u2019une mani\u00e8re ou d\u2019une autre. Aujourd\u2019hui il y a un temps qui est pass\u00e9, et un autre combat pour lui qui n\u2019est plus le n\u00f4tre\u00a0\u00bb. La page est tourn\u00e9e donc. Une partie de ses colistiers \u00e9tait pr\u00e9sent autour de Marc Chassaub\u00e9n\u00e9 ce mardi matin. Parmi eux, des visages connus comme Marie-Jo P\u00e9rez, adjointe charg\u00e9e de la Tranquillit\u00e9 publique, Nicole Aubourdy, adjointe charg\u00e9e des Seniors, ou encore la conseill\u00e8re municipale d\u00e9l\u00e9gu\u00e9e \u00e0 la Sant\u00e9, et l\u2019environnement, Laura Cinieri. <\/p>\n<p>\u00ab\u00a0Un tiers est issu de la majorit\u00e9, pr\u00e9cise le candidat. L\u2019\u00e9quipe est donc largement renouvel\u00e9e et largement issue de la soci\u00e9t\u00e9 civile\u00a0\u00bb. Dans ses rangs, il compte ainsi Jo\u00ebl Bignozet, ancien CRS et enqu\u00eateur des Renseignements territoriaux, sp\u00e9cialiste des \u00e9conomies souterraines, ou encore la chef d\u2019entreprise Caroline Grotowsky. Sans d\u00e9rouler son programme, il a bien voulu d\u00e9voiler les pistes de travail qui sont envisag\u00e9es pour le mandat 2026-2032.<\/p>\n<p>Protection \u00e0 tous les \u00e2ges<\/p>\n<p>Pour lui, il s\u2019agit d\u2019accompagner et de prot\u00e9ger les habitants du plus jeune \u00e2ge au bien vieillir. Parmi les propositions cit\u00e9es, celle d\u2019utiliser davantage le levier du sport et de la culture pour accompagner les adolescents, s\u00e9curiser les parcours de vie en favorisant l\u2019acc\u00e8s au logement, \u00e0 l\u2019entrepreneuriat, au travail, ou encore apaiser les espaces publics. \u00ab\u00a0Nous avions lanc\u00e9 une consultation sur <a href=\"https:\/\/www.if-saint-etienne.fr\/politique\/les-stephanois-invites-a-repenser-les-places-du-centre-ville\" target=\"_blank\" rel=\"noreferrer noopener\">l\u2019avenir des places<\/a> de Saint-Etienne. Les conclusions sont extr\u00eamement enrichissantes, notamment autour de la v\u00e9g\u00e9talisation\u00a0\u00bb. <\/p>\n<p>Marc Chassaub\u00e9n\u00e9 entend mettre l\u2019accent sur le volet \u00e9conomie via les sp\u00e9cialit\u00e9s du territoire\u00a0: le manufacturing, l\u2019industrie, et le design, mais aussi vis-\u00e0-vis des commerces. Pour ce faire, il propose notamment de d\u00e9velopper les dispositifs de soutien \u00e0 l\u2019innovation commerciale. L\u2019acc\u00e8s au centre-ville serait facilit\u00e9 et les parkings relais d\u00e9velopp\u00e9s. Enfin, il souhaite \u00e9galement favoriser le \u00ab\u00a0bien vieillir chez soi\u00a0\u00bb, et faire de <a href=\"https:\/\/www.saint-etienne.fr\/\" target=\"_blank\" rel=\"noreferrer noopener\">Saint-Etienne<\/a> une ville inclusive et durable. Pour ce faire, il peut \u00e9galement compter sur un soutien de taille, celui de Jean-Pierre Berger, fra\u00eechement \u00e9lu maire.<\/p>\n<p>Une stabilit\u00e9 fragilis\u00e9e<\/p>\n<p>\u00ab\u00a0Il a fallu douze ans. Douze ans pour r\u00e9nover, transformer, animer la ville, a rappel\u00e9 Jean-Pierre Berger. C\u2019est douze ans de passion, de travail, de bonheur. Et puis c\u2019est aussi ce mandat difficile et exigeant, mais nous avons tenu bon. Ce travail, nous l\u2019avons fait en commun et ce n\u2019est pas fini, nous souhaitons poursuivre cette trajectoire ensemble\u00a0\u00bb. Un soutien d\u2019autant plus \u00e9tonnant que Jean-Pierre Berger a \u00e9t\u00e9 d\u00e9sign\u00e9 candidat \u00e0 la succession de Ga\u00ebl Perdriau, apr\u00e8s que la d\u00e9signation de Marc Chassaub\u00e9n\u00e9 n\u2019eut pas fait l\u2019unanimit\u00e9 au sein des rangs de la majorit\u00e9. <\/p>\n<p>Contact\u00e9e par If Saint-Etienne, Siham Labich, adjointe charg\u00e9e de la politique de la ville, qui avait soutenu la d\u00e9signation de Jean-Pierre Berger, regrette d\u2019avoir appris la nouvelle dans la presse. \u00ab\u00a0Plus de la moiti\u00e9 de la majorit\u00e9 n\u2019\u00e9tait pas au courant de cette conf\u00e9rence de presse. C\u2019est une grande surprise et on regrette cette absence de concertation. Nous sommes d\u2019autant plus surpris par la pr\u00e9sence de Jean-Pierre Berger qui a justement \u00e9t\u00e9 \u00e9lu parce que l\u2019on a dit non \u00e0 Marc Chassaub\u00e9n\u00e9. Nous d\u00e9plorons la position du maire qui privil\u00e9gie une personne par rapport \u00e0 une autre, alors que l\u2019on attendait de lui qu\u2019il garantisse la stabilit\u00e9 de l\u2019\u00e9quipe pour terminer ce mandat\u00a0\u00bb. <\/p>\n<p>C\u2019est pourquoi les membres de la majorit\u00e9 n\u2019ayant pas \u00e9t\u00e9 associ\u00e9s \u00e0 cette d\u00e9cision entendent se r\u00e9unir, et que Siham Labich n\u2019exclut pas de se pr\u00e9senter au Municipales. \u00ab\u00a0En fait, ils cherchent \u00e0 rompre le dialogue. Il n\u2019y a aucun int\u00e9r\u00eat de la part de Jean-Pierre Berger de faire cela si ce n\u2019est diviser la majorit\u00e9\u00a0\u00bb. (Encore) une affaire \u00e0 suivre \u00e0 Saint-Etienne.<\/p>\n","protected":false},"excerpt":{"rendered":"La nouvelle n\u2019a surpris personne. Marc Chassaub\u00e9n\u00e9, adjoint \u00e0 la Culture devenu 1er adjoint depuis la d\u00e9mission de&hellip;\n","protected":false},"author":2,"featured_media":618196,"comment_status":"","ping_status":"","sticky":false,"template":"","format":"standard","meta":{"footnotes":""},"categories":[9653],"tags":[1111,11,2430,15916,2761,15917,1777,674,1011,27,16352,24102,12,25,4001,66503],"class_list":{"0":"post-618195","1":"post","2":"type-post","3":"status-publish","4":"format-standard","5":"has-post-thumbnail","7":"category-saint-etienne","8":"tag-actu","9":"tag-actualites","10":"tag-auvergne-rhone-alpes","11":"tag-electif","12":"tag-elections-municipales-2026","13":"tag-elections-municipales-saint-etienne","14":"tag-eu","15":"tag-europe","16":"tag-fr","17":"tag-france","18":"tag-jean-pierre-berger","19":"tag-marc-chassaubene","20":"tag-news","21":"tag-republique-francaise","22":"tag-saint-etienne","23":"tag-siham-labich"},"share_on_mastodon":{"url":"https:\/\/pubeurope.com\/@fr\/115769783695510835","error":""},"_links":{"self":[{"href":"https:\/\/www.europesays.com\/fr\/wp-json\/wp\/v2\/posts\/618195","targetHints":{"allow":["GET"]}}],"collection":[{"href":"https:\/\/www.europesays.com\/fr\/wp-json\/wp\/v2\/posts"}],"about":[{"href":"https:\/\/www.europesays.com\/fr\/wp-json\/wp\/v2\/types\/post"}],"author":[{"embeddable":true,"href":"https:\/\/www.europesays.com\/fr\/wp-json\/wp\/v2\/users\/2"}],"replies":[{"embeddable":true,"href":"https:\/\/www.europesays.com\/fr\/wp-json\/wp\/v2\/comments?post=618195"}],"version-history":[{"count":0,"href":"https:\/\/www.europesays.com\/fr\/wp-json\/wp\/v2\/posts\/618195\/revisions"}],"wp:featuredmedia":[{"embeddable":true,"href":"https:\/\/www.europesays.com\/fr\/wp-json\/wp\/v2\/media\/618196"}],"wp:attachment":[{"href":"https:\/\/www.europesays.com\/fr\/wp-json\/wp\/v2\/media?parent=618195"}],"wp:term":[{"taxonomy":"category","embeddable":true,"href":"https:\/\/www.europesays.com\/fr\/wp-json\/wp\/v2\/categories?post=618195"},{"taxonomy":"post_tag","embeddable":true,"href":"https:\/\/www.europesays.com\/fr\/wp-json\/wp\/v2\/tags?post=618195"}],"curies":[{"name":"wp","href":"https:\/\/api.w.org\/{rel}","templated":true}]}}