{"id":618197,"date":"2025-12-23T16:17:39","date_gmt":"2025-12-23T16:17:39","guid":{"rendered":"https:\/\/www.europesays.com\/fr\/618197\/"},"modified":"2025-12-23T16:17:39","modified_gmt":"2025-12-23T16:17:39","slug":"les-indiscretions-politiques-de-la-semaine-2","status":"publish","type":"post","link":"https:\/\/www.europesays.com\/fr\/618197\/","title":{"rendered":"les indiscr\u00e9tions politiques de la semaine"},"content":{"rendered":"<p>  Municipales \u00e0 Nancy : Laurent Watrin \u00e9cart\u00e9<\/p>\n<p>Surprise au sein de la majorit\u00e9 de gauche de <a href=\"https:\/\/www.estrepublicain.fr\/p\/mathieu-klein\" target=\"_blank\" rel=\"noopener\">Mathieu Klein<\/a>.<\/p>\n<p>Selon nos informations, l\u2019\u00e9cologiste Laurent Watrin, actuel adjoint \u00e0 la d\u00e9mocratie coop\u00e9rative \u00e0 Nancy, <a href=\"https:\/\/www.estrepublicain.fr\/politique\/2020\/02\/22\/laurent-watrin-presente-sa-liste\" target=\"_blank\" rel=\"noopener\">t\u00eate de liste en 2020<\/a> et grand artisan <a href=\"https:\/\/www.estrepublicain.fr\/politique\/2020\/05\/28\/laurent-watrin-et-mathieu-klein-confirment-la-fusion-de-leurs-listes\" target=\"_blank\" rel=\"noopener\">de la victoire de Mathieu Klein la m\u00eame ann\u00e9e<\/a> , est \u00e9cart\u00e9 d\u2019Europe \u00c9cologie &#8211; Les Verts (EELV) dans la course aux municipales du mois de mars 2026.<\/p>\n<p>Contact\u00e9 ce lundi 22 d\u00e9cembre, Fr\u00e9d\u00e9ric Vitoux, secr\u00e9taire r\u00e9gional d\u2019EELV, confirme que le parti \u00e9colo a d\u00e9cid\u00e9 de repartir au prochain scrutin, comme les communistes et <a href=\"https:\/\/www.estrepublicain.fr\/elections\/2025\/11\/12\/a-nancy-place-publique-soutient-le-maire-sortant-mathieu-klein\" target=\"_blank\" rel=\"noopener\">Place Publique<\/a> , dans le cadre d\u2019une liste d\u2019union de la gauche en soutien \u00e0 Mathieu Klein.<\/p>\n<p>Selon Fr\u00e9d\u00e9ric Vitoux, douze places seront ouvertes aux \u00e9cologistes dans cette future liste. \u00c9lus sortant, <a href=\"https:\/\/www.estrepublicain.fr\/environnement\/2020\/07\/19\/isabelle-lucas-premiere-adjointe-ecologiste\" target=\"_blank\" rel=\"noopener\">Isabelle Lucas<\/a> , premi\u00e8re adjointe, <a href=\"https:\/\/www.estrepublicain.fr\/politique\/2022\/09\/12\/la-jeune-garde-politique-veut-bousculer-l-engagement-citoyen\" target=\"_blank\" rel=\"noopener\">Sabrina Benmokhtar<\/a> , adjointe \u00e0 l\u2019\u00e9galit\u00e9, <a href=\"https:\/\/www.estrepublicain.fr\/politique\/2020\/07\/28\/le-retour-final-de-patrick-hatzig\" target=\"_blank\" rel=\"noopener\">Patrick Hatzig<\/a> , conseiller au sch\u00e9ma des mobilit\u00e9s, ont \u00e9t\u00e9 d\u00e9sign\u00e9s pour repartir.<\/p>\n<p>Mais pas Laurent Watrin. La raison ? Fr\u00e9d\u00e9ric Vitoux explique \u00e0 <a href=\"https:\/\/www.estrepublicain.fr\/\" target=\"_blank\" rel=\"noopener\">L\u2019Est R\u00e9publicain<\/a> : \u00ab Il n\u2019a pas \u00e9t\u00e9 retenu, car il ne fait pas l\u2019unanimit\u00e9, je n\u2019ai rien de plus \u00e0 ajouter \u00e0 cette heure. \u00bb<\/p>\n<p>Se faire mettre au vert par son propre parti, c\u2019est dur\u2026<\/p>\n<p>  Laurent Watrin rencontre Klein<\/p>\n<p>Cet \u00e9pisode nanc\u00e9ien va-t-il laisser des traces ? Nul ne le sait encore \u00e0 cette heure.<\/p>\n<p>Mais que paie vraiment Laurent Watrin dans cette s\u00e9quence ? Ses contacts avec <a href=\"https:\/\/www.estrepublicain.fr\/p\/laurent-henart\" target=\"_blank\" rel=\"noopener\">Laurent H\u00e9nart<\/a> en 2020 avant son soutien \u00e0 Mathieu Klein ? Sa pr\u00e9sence tr\u00e8s visible aupr\u00e8s de <a href=\"https:\/\/www.estrepublicain.fr\/p\/raphael-glucksmann\" target=\"_blank\" rel=\"noopener\">Rapha\u00ebl Glucksmann<\/a> lors <a href=\"https:\/\/www.estrepublicain.fr\/elections\/2024\/03\/27\/a-nancy-raphael-glucksmann-defend-une-autre-europe\" target=\"_blank\" rel=\"noopener\">des derni\u00e8res \u00e9lections europ\u00e9ennes<\/a> ? Des divisions en interne ?<\/p>\n<p>Que va faire l\u2019int\u00e9ress\u00e9 d\u00e9sormais ?<\/p>\n<p>Laurent Watrin avait rendez-vous avec Mathieu Klein ce lundi 22 d\u00e9cembre. Le maire sortant lui a-t-il propos\u00e9 une place au PS ? Rien n\u2019a filtr\u00e9 de cette rencontre.<\/p>\n<p>L\u2019ancienne t\u00eate de liste va-t-elle recontacter Laurent H\u00e9nart ou appeler <a href=\"https:\/\/www.estrepublicain.fr\/p\/emmanuel-lacresse\" target=\"_blank\" rel=\"noopener\">Emmanuel Lacresse<\/a> ?<\/p>\n<p>Joint ce lundi, Laurent Watrin ne souhaite pas \u00ab faire de r\u00e9action \u00e0 ce stade \u00bb.<\/p>\n<p>Vert de rage ?<\/p>\n<p>  Horizon soutient H\u00e9nart<\/p>\n<p>Une demi-surprise. Dans un communiqu\u00e9 dat\u00e9 de ce lundi 22 d\u00e9cembre, la commission nationale d\u2019investiture (CNI) d\u2019Horizons, le parti pr\u00e9sid\u00e9 par <a href=\"https:\/\/www.estrepublicain.fr\/p\/edouard-philippe\" target=\"_blank\" rel=\"noopener\">\u00c9douard Philippe<\/a>, annonce avoir accord\u00e9 son soutien \u00e0 Laurent H\u00e9nart dans le cadre des \u00e9lections municipales de 2026 \u00e0 Nancy.<\/p>\n<p>\u00ab Laurent H\u00e9nart a d\u00e9montr\u00e9 une volont\u00e9 de large rassemblement, , explique <a href=\"https:\/\/www.estrepublicain.fr\/elections\/2025\/05\/06\/asnl-municipales-2026-les-indiscretions-politiques-de-la-semaine\" target=\"_blank\" rel=\"noopener\">Rapha\u00ebl Vuitton<\/a> , chef de file d\u2019Horizons pour les \u00e9lections municipales \u00e0 Nancy, et s\u2019est engag\u00e9 \u00e0 prendre en compte les axes prioritaires d\u2019Horizons : agir sur les pr\u00e9occupations du quotidien, donner la priorit\u00e9 \u00e0 la proximit\u00e9 et aux quartiers, restaurer une gestion s\u00e9rieuse, et r\u00e9concilier les Nanc\u00e9iennes et les Nanc\u00e9iens. \u00bb<\/p>\n<p>Rien que \u00e7a ?<\/p>\n<p>  Insoumis : pour Fournet, le PS est \u00e0 \u00ab droite \u00bb<\/p>\n<p>Petite phrase d\u2019Hadrien Fournet, Insoumis nanc\u00e9ien, soutien de la t\u00eate de liste <a href=\"https:\/\/www.estrepublicain.fr\/elections\/2025\/11\/12\/sarah-farghaly-tete-de-liste-de-la-france-insoumise-a-nancy\" target=\"_blank\" rel=\"noopener\">Sarah Farghaly<\/a> , vendredi 19 d\u00e9cembre, sur le r\u00e9seau (qui ne fait plus de fact-checking) Facebook, en direction du reste de la gauche : \u00ab Aux municipales 2026, c\u2019est simple. Si vous voulez que la gauche gagne et applique un programme de gauche, votez insoumis. Sinon ce sera le programme de droite. \u00bb<\/p>\n<p>La suspension de la <a href=\"https:\/\/www.estrepublicain.fr\/social\/2025\/12\/05\/budget-de-la-secu-l-assemblee-retablit-la-suspension-de-la-reforme-des-retraites\" target=\"_blank\" rel=\"noopener\">r\u00e9forme des retraites<\/a> , c\u2019est de droite finalement ?<\/p>\n","protected":false},"excerpt":{"rendered":"Municipales \u00e0 Nancy : Laurent Watrin \u00e9cart\u00e9 Surprise au sein de la majorit\u00e9 de gauche de Mathieu Klein.&hellip;\n","protected":false},"author":2,"featured_media":618198,"comment_status":"","ping_status":"","sticky":false,"template":"","format":"standard","meta":{"footnotes":""},"categories":[9635],"tags":[1111,11,1984,1707,1704,1706,1705,11984,4188,1777,674,1011,27,775,3540,2338,3539,6319,3457,2759,1702,1703,12,8387,3541,316,1078,3370,25,104],"class_list":{"0":"post-618197","1":"post","2":"type-post","3":"status-publish","4":"format-standard","5":"has-post-thumbnail","7":"category-nancy","8":"tag-actu","9":"tag-actualites","10":"tag-conseil-municipal","11":"tag-edition-luneville","12":"tag-edition-nancy-et-agglomeration","13":"tag-edition-pont-a-mousson","14":"tag-edition-toul","15":"tag-election-presidentielle","16":"tag-elections-municipales","17":"tag-eu","18":"tag-europe","19":"tag-fr","20":"tag-france","21":"tag-grand-est","22":"tag-horizons","23":"tag-la-france-insoumise","24":"tag-les-ecologistes","25":"tag-les-republicains","26":"tag-meurthe-et-moselle","27":"tag-modem","28":"tag-nancy","29":"tag-nancy-ville-54b","30":"tag-news","31":"tag-parti-communiste","32":"tag-parti-socialiste","33":"tag-politique","34":"tag-rassemblement-national","35":"tag-renaissance","36":"tag-republique-francaise","37":"tag-societe"},"share_on_mastodon":{"url":"https:\/\/pubeurope.com\/@fr\/115769785953552458","error":""},"_links":{"self":[{"href":"https:\/\/www.europesays.com\/fr\/wp-json\/wp\/v2\/posts\/618197","targetHints":{"allow":["GET"]}}],"collection":[{"href":"https:\/\/www.europesays.com\/fr\/wp-json\/wp\/v2\/posts"}],"about":[{"href":"https:\/\/www.europesays.com\/fr\/wp-json\/wp\/v2\/types\/post"}],"author":[{"embeddable":true,"href":"https:\/\/www.europesays.com\/fr\/wp-json\/wp\/v2\/users\/2"}],"replies":[{"embeddable":true,"href":"https:\/\/www.europesays.com\/fr\/wp-json\/wp\/v2\/comments?post=618197"}],"version-history":[{"count":0,"href":"https:\/\/www.europesays.com\/fr\/wp-json\/wp\/v2\/posts\/618197\/revisions"}],"wp:featuredmedia":[{"embeddable":true,"href":"https:\/\/www.europesays.com\/fr\/wp-json\/wp\/v2\/media\/618198"}],"wp:attachment":[{"href":"https:\/\/www.europesays.com\/fr\/wp-json\/wp\/v2\/media?parent=618197"}],"wp:term":[{"taxonomy":"category","embeddable":true,"href":"https:\/\/www.europesays.com\/fr\/wp-json\/wp\/v2\/categories?post=618197"},{"taxonomy":"post_tag","embeddable":true,"href":"https:\/\/www.europesays.com\/fr\/wp-json\/wp\/v2\/tags?post=618197"}],"curies":[{"name":"wp","href":"https:\/\/api.w.org\/{rel}","templated":true}]}}