{"id":618203,"date":"2025-12-23T16:23:12","date_gmt":"2025-12-23T16:23:12","guid":{"rendered":"https:\/\/www.europesays.com\/fr\/618203\/"},"modified":"2025-12-23T16:23:12","modified_gmt":"2025-12-23T16:23:12","slug":"victimes-dun-vol-a-la-roulotte-dans-le-parking-du-polygone-deux-etudiants-montpellierains-retrouvent-leurs-voleurs","status":"publish","type":"post","link":"https:\/\/www.europesays.com\/fr\/618203\/","title":{"rendered":"Victimes d\u2019un vol \u00e0 la roulotte dans le parking du Polygone, deux \u00e9tudiants montpelli\u00e9rains retrouvent leurs voleurs"},"content":{"rendered":"<p>\n                                                                La pugnacit\u00e9 de deux \u00e9tudiants, victimes d\u2019un vol \u00e0 la roulotte dans le parking du Polygone, a \u00e9t\u00e9 r\u00e9compens\u00e9e ce lundi 22\u00a0d\u00e9cembre. Les recherches qu\u2019ils ont entreprises autour du centre commercial ont permis l\u2019interpellation de deux sans domicile fixe.\n                            <\/p>\n<p>Mauvaise surprise ce lundi 22\u00a0d\u00e9cembre pour un couple d\u2019\u00e9tudiants, \u00e2g\u00e9s de 20 ans, qui venaient d\u2019effectuer des achats de No\u00ebl au Polygone \u00e0 Montpellier. Revenant au parking pour r\u00e9cup\u00e9rer leur voiture, ils se sont en effet rendu compte que celle-ci avait \u00e9t\u00e9 forc\u00e9e. L\u2019une des vitres avait \u00e9t\u00e9 bris\u00e9e et un sac leur avait \u00e9t\u00e9 d\u00e9rob\u00e9.<\/p>\n<p>Ni une ni deux, ils se sont rendus \u00e0 l\u2019accueil pour alerter le personnel de leur m\u00e9saventure. On leur a alors conseill\u00e9 d\u2019aller d\u00e9poser plainte et, apr\u00e8s visionnage des cam\u00e9ras de vid\u00e9oprotection, on leur a donn\u00e9 un signalement assez pr\u00e9cis des deux auteurs.<\/p>\n<p>L\u2019ordinateur volatilis\u00e9<\/p>\n<p>Par acquit de conscience, les deux vingtenaires ont d\u00e9cid\u00e9 d\u2019aller faire un tour \u00e0 l\u2019ext\u00e9rieur pour tenter de retrouver les voleurs. Une initiative qui va s\u2019av\u00e9rer payante puisque, rue Baudin, \u00e0 deux pas du parking, ils ont crois\u00e9 la route de deux sans domicile fixe, tr\u00e8s alcoolis\u00e9s, ressemblant \u00e0 s\u2019y m\u00e9prendre au signalement donn\u00e9. En se rapprochant d\u2019eux, les derniers doutes qu\u2019ils pouvaient avoir sur ces suspects ont \u00e9t\u00e9 lev\u00e9s puisqu\u2019aux pieds de l\u2019un d\u2019eux, ils ont reconnu leur sac tout juste d\u00e9rob\u00e9.<\/p>\n<p>Une patrouille de police secours, avis\u00e9e, a proc\u00e9d\u00e9 \u00e0 leur interpellation. L\u2019a\u00een\u00e9, \u00e2g\u00e9 de 53 ans, a reconnu les faits. Il fait l\u2019objet d\u2019une convocation (COPJ) devant la justice. Son comp\u00e8re d\u2019infortune, \u00e2g\u00e9 de 47 ans, a lui \u00e9t\u00e9 mis hors de cause. Malheureusement, si le sac a \u00e9t\u00e9 restitu\u00e9 aux deux \u00e9tudiants, un ordinateur et des affaires de cours manquent toujours \u00e0 l\u2019appel.<\/p>\n","protected":false},"excerpt":{"rendered":"La pugnacit\u00e9 de deux \u00e9tudiants, victimes d\u2019un vol \u00e0 la roulotte dans le parking du Polygone, a \u00e9t\u00e9&hellip;\n","protected":false},"author":2,"featured_media":618204,"comment_status":"","ping_status":"","sticky":false,"template":"","format":"standard","meta":{"footnotes":""},"categories":[9599],"tags":[1111,11,1777,674,118,1011,27,7089,2208,12,2680,25],"class_list":{"0":"post-618203","1":"post","2":"type-post","3":"status-publish","4":"format-standard","5":"has-post-thumbnail","7":"category-montpellier","8":"tag-actu","9":"tag-actualites","10":"tag-eu","11":"tag-europe","12":"tag-faits-divers","13":"tag-fr","14":"tag-france","15":"tag-herault","16":"tag-montpellier","17":"tag-news","18":"tag-occitanie","19":"tag-republique-francaise"},"share_on_mastodon":{"url":"https:\/\/pubeurope.com\/@fr\/115769809717296945","error":""},"_links":{"self":[{"href":"https:\/\/www.europesays.com\/fr\/wp-json\/wp\/v2\/posts\/618203","targetHints":{"allow":["GET"]}}],"collection":[{"href":"https:\/\/www.europesays.com\/fr\/wp-json\/wp\/v2\/posts"}],"about":[{"href":"https:\/\/www.europesays.com\/fr\/wp-json\/wp\/v2\/types\/post"}],"author":[{"embeddable":true,"href":"https:\/\/www.europesays.com\/fr\/wp-json\/wp\/v2\/users\/2"}],"replies":[{"embeddable":true,"href":"https:\/\/www.europesays.com\/fr\/wp-json\/wp\/v2\/comments?post=618203"}],"version-history":[{"count":0,"href":"https:\/\/www.europesays.com\/fr\/wp-json\/wp\/v2\/posts\/618203\/revisions"}],"wp:featuredmedia":[{"embeddable":true,"href":"https:\/\/www.europesays.com\/fr\/wp-json\/wp\/v2\/media\/618204"}],"wp:attachment":[{"href":"https:\/\/www.europesays.com\/fr\/wp-json\/wp\/v2\/media?parent=618203"}],"wp:term":[{"taxonomy":"category","embeddable":true,"href":"https:\/\/www.europesays.com\/fr\/wp-json\/wp\/v2\/categories?post=618203"},{"taxonomy":"post_tag","embeddable":true,"href":"https:\/\/www.europesays.com\/fr\/wp-json\/wp\/v2\/tags?post=618203"}],"curies":[{"name":"wp","href":"https:\/\/api.w.org\/{rel}","templated":true}]}}