{"id":618217,"date":"2025-12-23T16:33:12","date_gmt":"2025-12-23T16:33:12","guid":{"rendered":"https:\/\/www.europesays.com\/fr\/618217\/"},"modified":"2025-12-23T16:33:12","modified_gmt":"2025-12-23T16:33:12","slug":"strasbourg-le-marche-de-noel-a-limpact-economique-le-plus-important-deurope-selon-letude-dune-banque","status":"publish","type":"post","link":"https:\/\/www.europesays.com\/fr\/618217\/","title":{"rendered":"Strasbourg. Le march\u00e9 de No\u00ebl a l\u2019impact \u00e9conomique \u00ab le plus important d\u2019Europe \u00bb, selon l\u2019\u00e9tude d\u2019une banque"},"content":{"rendered":"<p>Les visiteurs du march\u00e9 de No\u00ebl sont-ils prompts \u00e0 d\u00e9gainer leur CB\u00a0? Le montant de leurs d\u00e9penses aurait augment\u00e9 de 30\u00a0% chaque ann\u00e9e depuis 2022, y compris pour cette \u00e9dition 2025, indique Visa \u00e0 l\u2019appui d\u2019une analyse des transactions bancaires. Strasbourg b\u00e9n\u00e9ficierait ainsi du march\u00e9 de No\u00ebl \u00ab\u00a0ayant l\u2019impact \u00e9conomique le plus important en Europe, avec une hausse des d\u00e9penses et des transactions de pr\u00e8s de 40\u00a0% par rapport au mois pr\u00e9c\u00e9dant son ouverture\u00a0\u00bb.<\/p>\n<p>L\u2019op\u00e9rateur de cartes bancaires pr\u00e9cise que Strasbourg s\u2019offre la premi\u00e8re place devant plusieurs capitales europ\u00e9ennes (Vienne, Budapest, Riga et Tallinn) et des march\u00e9s de No\u00ebl allemands importants comme Cologne et Munich.<\/p>\n<p>  Une fr\u00e9quentation de touristes \u00e9trangers en hausse de plus de 45 %<\/p>\n<p>Visa rel\u00e8ve \u00e9galement que Strasbourg a vu sa fr\u00e9quentation de touristes \u00e9trangers augmenter de plus de 45\u00a0% par rapport \u00e0 2024, devant Lille (pr\u00e8s de 40\u00a0%) et Francfort (pr\u00e8s de 35\u00a0%), sans pr\u00e9ciser les nationalit\u00e9s concern\u00e9es.<\/p>\n<p>  Des r\u00e9serves m\u00e9thodologiques<\/p>\n<p>Une \u00e9tude \u00e0 prendre avec des pincettes donc, Visa ne communiquant par ailleurs pas sa m\u00e9thodologie. \u00ab\u00a0Il s\u2019agit de donn\u00e9es qui couvrent les transactions effectu\u00e9es dans toute la ville pendant les jours des march\u00e9s de No\u00ebl\u00a0\u00bb, se contente de nous pr\u00e9ciser la soci\u00e9t\u00e9.<\/p>\n","protected":false},"excerpt":{"rendered":"Les visiteurs du march\u00e9 de No\u00ebl sont-ils prompts \u00e0 d\u00e9gainer leur CB\u00a0? Le montant de leurs d\u00e9penses aurait&hellip;\n","protected":false},"author":2,"featured_media":618218,"comment_status":"","ping_status":"","sticky":false,"template":"","format":"standard","meta":{"footnotes":""},"categories":[2820],"tags":[1111,11,1687,2880,1777,674,107,1011,27,775,2089,12,25,640,2879],"class_list":{"0":"post-618217","1":"post","2":"type-post","3":"status-publish","4":"format-standard","5":"has-post-thumbnail","7":"category-strasbourg","8":"tag-actu","9":"tag-actualites","10":"tag-culture-loisirs","11":"tag-edition-strasbourg","12":"tag-eu","13":"tag-europe","14":"tag-fil-info","15":"tag-fr","16":"tag-france","17":"tag-grand-est","18":"tag-marche","19":"tag-news","20":"tag-republique-francaise","21":"tag-strasbourg","22":"tag-strasbourg-ville"},"share_on_mastodon":{"url":"https:\/\/pubeurope.com\/@fr\/115769848896206875","error":""},"_links":{"self":[{"href":"https:\/\/www.europesays.com\/fr\/wp-json\/wp\/v2\/posts\/618217","targetHints":{"allow":["GET"]}}],"collection":[{"href":"https:\/\/www.europesays.com\/fr\/wp-json\/wp\/v2\/posts"}],"about":[{"href":"https:\/\/www.europesays.com\/fr\/wp-json\/wp\/v2\/types\/post"}],"author":[{"embeddable":true,"href":"https:\/\/www.europesays.com\/fr\/wp-json\/wp\/v2\/users\/2"}],"replies":[{"embeddable":true,"href":"https:\/\/www.europesays.com\/fr\/wp-json\/wp\/v2\/comments?post=618217"}],"version-history":[{"count":0,"href":"https:\/\/www.europesays.com\/fr\/wp-json\/wp\/v2\/posts\/618217\/revisions"}],"wp:featuredmedia":[{"embeddable":true,"href":"https:\/\/www.europesays.com\/fr\/wp-json\/wp\/v2\/media\/618218"}],"wp:attachment":[{"href":"https:\/\/www.europesays.com\/fr\/wp-json\/wp\/v2\/media?parent=618217"}],"wp:term":[{"taxonomy":"category","embeddable":true,"href":"https:\/\/www.europesays.com\/fr\/wp-json\/wp\/v2\/categories?post=618217"},{"taxonomy":"post_tag","embeddable":true,"href":"https:\/\/www.europesays.com\/fr\/wp-json\/wp\/v2\/tags?post=618217"}],"curies":[{"name":"wp","href":"https:\/\/api.w.org\/{rel}","templated":true}]}}