{"id":618223,"date":"2025-12-23T16:36:17","date_gmt":"2025-12-23T16:36:17","guid":{"rendered":"https:\/\/www.europesays.com\/fr\/618223\/"},"modified":"2025-12-23T16:36:17","modified_gmt":"2025-12-23T16:36:17","slug":"amir-richardson-annonce-son-envie-de-revenir-a-nice","status":"publish","type":"post","link":"https:\/\/www.europesays.com\/fr\/618223\/","title":{"rendered":"Amir Richardson annonce son envie de revenir \u00e0 Nice"},"content":{"rendered":"<p>Ces derniers jours, la rumeur envoyant <a href=\"https:\/\/www.footmercato.net\/joueur\/amir-richardson\/\" target=\"_blank\" rel=\"noopener\">Amir Richardson<\/a> \u00e0 <a href=\"https:\/\/www.footmercato.net\/club\/ogc-nice\/\" target=\"_blank\" rel=\"noopener\">Nice<\/a> prend de l\u2019ampleur. Peu utilis\u00e9 avec la Fiorentina cette saison (2 matches), le milieu marocain, qui ne comprend pas son traitement en Italie comme lui-m\u00eame l\u2019a avou\u00e9 au micro de <a href=\"https:\/\/www.lequipe.fr\/Football\/Actualites\/Amir-richardson-qui-devrait-quitter-la-fiorentina-au-mercato-nice-c-est-clairement-ma-priorite\/1629125\" target=\"_blank\" rel=\"noopener\">L\u2019Equipe<\/a>, est dans le viseur du club azur\u00e9en, en difficult\u00e9 depuis le d\u00e9but de la saison. Pass\u00e9 par le Gym entre 2012 et 2019, le joueur de 23 ans a expliqu\u00e9 \u00e0 nos confr\u00e8res qu\u2019il souhaitait revenir du c\u00f4t\u00e9 de l\u2019Allianz Riviera cet hiver : <\/p>\n<p>            La suite apr\u00e8s cette publicit\u00e9<\/p>\n<p>\u00abc\u2019est mon club de c\u0153ur. J\u2019ai grandi \u00e0 Nice, ma m\u00e8re y habite encore. Je sais qu\u2019il vit une mauvaise passe mais en vrai, le Gym est un tr\u00e8s bon club de <a href=\"https:\/\/www.footmercato.net\/france\/ligue-1\/\" target=\"_blank\" rel=\"noopener\">Ligue 1<\/a>. \u00c7a arrive \u00e0 tout le monde les mauvaises passes. Nice, c\u2019est clairement ma priorit\u00e9. Je sais qu\u2019ils vivent une mauvaise passe, \u00e7a arrive \u00e0 tout le monde. En un mercato, m\u00eame sur un match, \u00e7a peut changer.\u00bb Actuellement, Nice travaillerait pour obtenir son pr\u00eat sans option d\u2019achat \u00e0 en croire les informations du journal. <\/p>\n<p>\n    Pub. le 23\/12\/2025 16:41<br \/>\n            &#8211; MAJ le 23\/12\/2025 17:19\n    <\/p>\n","protected":false},"excerpt":{"rendered":"Ces derniers jours, la rumeur envoyant Amir Richardson \u00e0 Nice prend de l\u2019ampleur. Peu utilis\u00e9 avec la Fiorentina&hellip;\n","protected":false},"author":2,"featured_media":618224,"comment_status":"","ping_status":"","sticky":false,"template":"","format":"standard","meta":{"footnotes":""},"categories":[2819],"tags":[1111,11,1777,674,1011,27,12,2401,882,25],"class_list":{"0":"post-618223","1":"post","2":"type-post","3":"status-publish","4":"format-standard","5":"has-post-thumbnail","7":"category-nice","8":"tag-actu","9":"tag-actualites","10":"tag-eu","11":"tag-europe","12":"tag-fr","13":"tag-france","14":"tag-news","15":"tag-nice","16":"tag-provence-alpes-cote-dazur","17":"tag-republique-francaise"},"share_on_mastodon":{"url":"https:\/\/pubeurope.com\/@fr\/115769860724699837","error":""},"_links":{"self":[{"href":"https:\/\/www.europesays.com\/fr\/wp-json\/wp\/v2\/posts\/618223","targetHints":{"allow":["GET"]}}],"collection":[{"href":"https:\/\/www.europesays.com\/fr\/wp-json\/wp\/v2\/posts"}],"about":[{"href":"https:\/\/www.europesays.com\/fr\/wp-json\/wp\/v2\/types\/post"}],"author":[{"embeddable":true,"href":"https:\/\/www.europesays.com\/fr\/wp-json\/wp\/v2\/users\/2"}],"replies":[{"embeddable":true,"href":"https:\/\/www.europesays.com\/fr\/wp-json\/wp\/v2\/comments?post=618223"}],"version-history":[{"count":0,"href":"https:\/\/www.europesays.com\/fr\/wp-json\/wp\/v2\/posts\/618223\/revisions"}],"wp:featuredmedia":[{"embeddable":true,"href":"https:\/\/www.europesays.com\/fr\/wp-json\/wp\/v2\/media\/618224"}],"wp:attachment":[{"href":"https:\/\/www.europesays.com\/fr\/wp-json\/wp\/v2\/media?parent=618223"}],"wp:term":[{"taxonomy":"category","embeddable":true,"href":"https:\/\/www.europesays.com\/fr\/wp-json\/wp\/v2\/categories?post=618223"},{"taxonomy":"post_tag","embeddable":true,"href":"https:\/\/www.europesays.com\/fr\/wp-json\/wp\/v2\/tags?post=618223"}],"curies":[{"name":"wp","href":"https:\/\/api.w.org\/{rel}","templated":true}]}}