{"id":618254,"date":"2025-12-23T16:53:11","date_gmt":"2025-12-23T16:53:11","guid":{"rendered":"https:\/\/www.europesays.com\/fr\/618254\/"},"modified":"2025-12-23T16:53:11","modified_gmt":"2025-12-23T16:53:11","slug":"jai-un-reve-avoir-moins-peur-a-lecole-le-collectif-metooecole-ecrit-une-lettre-ouverte-a-anne-hidalgo","status":"publish","type":"post","link":"https:\/\/www.europesays.com\/fr\/618254\/","title":{"rendered":"\u00ab\u00a0J\u2019ai un r\u00eave, avoir moins peur \u00e0 l\u2019\u00e9cole\u00a0\u00bb\u00a0: le collectif #MeTooEcole \u00e9crit une lettre ouverte \u00e0 Anne Hidalgo"},"content":{"rendered":"<p class=\"paragraph text_align_left lp-f-body-02\">La lettre est sign\u00e9e d\u2019un enfant de sept ans. Il s\u2019appelle Emmanuel. Cette ann\u00e9e, pas de liste de cadeaux au p\u00e8re de No\u00ebl, mais plut\u00f4t une lettre \u00e0 la maire (PS) de Paris <a href=\"https:\/\/www.leparisien.fr\/politique\/anne-hidalgo\/\" target=\"_self\" rel=\"noopener\">Anne Hidalgo<\/a>, appel\u00e9e \u00ab Maire No\u00ebl \u00bb. Dans ce manuscrit, \u00e9crit par le collectif <a href=\"https:\/\/www.leparisien.fr\/societe\/on-est-en-alerte-la-montee-de-la-mefiance-des-parents-vis-a-vis-du-periscolaire-15-12-2025-2FKXUBHMDRF7LEQ3HVCOTOS4W4.php\" target=\"_self\" rel=\"noopener\">#MeTooEcole<\/a>, le jeune enfant, scolaris\u00e9 \u00e0 <a href=\"https:\/\/www.leparisien.fr\/paris-75\/\" target=\"_self\" rel=\"noopener\">Paris<\/a>, fait part de ses craintes et ses peurs.<\/p>\n<p class=\"\">\u00ab Pour la rentr\u00e9e 2026, j\u2019ai un r\u00eave : avoir moins peur \u00e0 l\u2019\u00e9cole. Des fois, le matin, j\u2019ai un caillou dans le ventre. Je serre tr\u00e8s fort la main de papa ou maman et je fais semblant d\u2019\u00eatre courageux \u00bb, \u00e9crit Emmanuel, \u00e2g\u00e9 de sept ans.<\/p>\n<p>\u00ab Il y en a aussi qui font tr\u00e8s peur \u00bb<\/p>\n<p class=\"\">Tout au long de la lettre, l\u2019enfant demande plusieurs actions \u00e0 la maire de la capitale. \u00ab Plus de grands qui aident, qui regardent vraiment, qui voient que \u00e7a ne va pas. (\u2026) \u00c0 l\u2019\u00e9cole, on est entour\u00e9s de plein d\u2019adultes gentils mais il y en a aussi qui font tr\u00e8s peur \u00bb, poursuit-il.<\/p>\n<p class=\"\">Des \u00ab cris \u00bb, des \u00ab violences \u00bb, des \u00ab histoires d\u2019adultes qui font des choses interdites aux enfants \u00bb\u2026 \u00c0 travers les mots d\u2019Emmanuel, #MeTooEcole fait r\u00e9f\u00e9rence aux diff\u00e9rents scandales qui ont fait surface ces derniers mois \u00e0 Paris.<\/p>\n<p class=\"\">\u00ab Ce n\u2019est pas parce que c\u2019est No\u00ebl qu\u2019il y a une tr\u00eave pour la protection de l\u2019enfance \u00bb, t\u00e9moigne Barka Zerouali, membre du collectif, qui refuse de voir le sujet \u00ab retomber \u00bb pendant les vacances de fin d\u2019ann\u00e9e. \u00ab On a beaucoup entendu de parents et d\u2019adultes en g\u00e9n\u00e9ral prendre la parole sur le sujet. Avec cette lettre, on voulait remettre la parole de l\u2019enfant au centre \u00bb, explique-t-elle.<\/p>\n<p>\u00ab 2026, c\u2019est dans deux semaines \u00bb<\/p>\n<p class=\"\">\u00ab Cette lettre va dans le sens de notre phrase toute simple qui est qu\u2019un enfant doit pouvoir aller \u00e0 l\u2019\u00e9cole sans avoir peur \u00bb, poursuit la m\u00e8re de famille. \u00ab 2026, c\u2019est dans deux semaines et nous ne voulons pas que ces enfants aient la moindre crainte en retournant \u00e0 l\u2019\u00e9cole \u00e0 la rentr\u00e9e \u00bb, esp\u00e8re-t-elle.<\/p>\n<p class=\"\">Pour cela, le collectif, cr\u00e9\u00e9 le 20 novembre dernier, journ\u00e9e internationale des droits de l\u2019enfant, compte sur la Ville de Paris pour mettre en place des mesures concr\u00e8tes. \u00ab On juge une Ville \u00e0 ce qu\u2019elle prot\u00e8ge. Il faut que cette protection soit syst\u00e9mique et pas au cas par cas, que les alertes soient trait\u00e9es rapidement et qu\u2019il y ait une pleine transparence sur ce qui est fait et ce qui n\u2019est pas fait \u00bb, insiste Barka Zerouali.<\/p>\n<p class=\"\">Pour l\u2019heure, cette derni\u00e8re regrette une certaine \u00ab opacit\u00e9 \u00bb en la mati\u00e8re et r\u00e9clame que <a href=\"https:\/\/www.leparisien.fr\/paris-75\/violences-sexuelles-dans-les-ecoles-la-ville-de-paris-cree-un-poste-de-defenseur-des-enfants-04-12-2025-M3XRJFSA7NCYTDDXCQMF4XSIOA.php\" target=\"_self\" rel=\"noopener\">l\u2019H\u00f4tel de Ville \u00ab se retrousse les manches \u00bb<\/a>. \u00ab Apr\u00e8s les effets d\u2019annonces, pourquoi on nous fait encore remonter d\u2019autres faits ? \u00bb, s\u2019inqui\u00e8te-t-elle.<\/p>\n<p class=\"\">Interrog\u00e9 sur le sujet ce matin sur France Inter, l\u2019ancien adjoint (PCF) d\u2019Hidalgo de Paris <a href=\"https:\/\/www.leparisien.fr\/politique\/ian-brossat\/\" target=\"_self\" rel=\"noopener\">Ian Brossat<\/a> a valid\u00e9 les revendications du collectif. \u00ab Ils ont parfaitement raison. C\u2019est ce qu\u2019il faudra faire dans les ann\u00e9es qui viennent. Il faut prendre au s\u00e9rieux les alertes qui ont \u00e9t\u00e9 \u00e9mises et les revendications de ces parents \u00bb, a r\u00e9pondu <a href=\"https:\/\/www.leparisien.fr\/elections\/municipales\/municipales-2026-a-paris-la-gauche-saffiche-unie-derriere-emmanuel-gregoire-18-12-2025-3JG4PBXVWJAF7ANVEWKEOEIYPI.php\" target=\"_self\" rel=\"noopener\">celui qui s\u2019est rang\u00e9 r\u00e9cemment derri\u00e8re Emmanuel Gr\u00e9goire<\/a> dans la course \u00e0 <a href=\"https:\/\/www.leparisien.fr\/elections\/municipales\/municipales-paris\/\" target=\"_self\" rel=\"noopener\">la mairie de Paris<\/a>.<\/p>\n<p class=\"\">Le collectif avait d\u00e9j\u00e0 \u00e9crit une pr\u00e9c\u00e9dente lettre \u00e0 <a href=\"https:\/\/www.leparisien.fr\/politique\/emmanuel-macron\/\" target=\"_self\" rel=\"noopener\">Emmanuel Macron<\/a>, laiss\u00e9e pour l\u2019heure sans r\u00e9ponse. Suite \u00e0 cette nouvelle lettre, sign\u00e9e du pr\u00e9nom du pr\u00e9sident du R\u00e9publique &#8211; loin d\u2019\u00eatre un hasard -, #MeTooEcole esp\u00e8re de nouvelles r\u00e9ponses de la Ville. Une nouvelle r\u00e9union est pr\u00e9vue en janvier.<\/p>\n","protected":false},"excerpt":{"rendered":"La lettre est sign\u00e9e d\u2019un enfant de sept ans. Il s\u2019appelle Emmanuel. Cette ann\u00e9e, pas de liste de&hellip;\n","protected":false},"author":2,"featured_media":618255,"comment_status":"","ping_status":"","sticky":false,"template":"","format":"standard","meta":{"footnotes":""},"categories":[1888],"tags":[11,1777,674,1011,27,1944,12,626,25],"class_list":{"0":"post-618254","1":"post","2":"type-post","3":"status-publish","4":"format-standard","5":"has-post-thumbnail","7":"category-paris","8":"tag-actualites","9":"tag-eu","10":"tag-europe","11":"tag-fr","12":"tag-france","13":"tag-ma-ville","14":"tag-news","15":"tag-paris","16":"tag-republique-francaise"},"share_on_mastodon":{"url":"https:\/\/pubeurope.com\/@fr\/115769927500544466","error":""},"_links":{"self":[{"href":"https:\/\/www.europesays.com\/fr\/wp-json\/wp\/v2\/posts\/618254","targetHints":{"allow":["GET"]}}],"collection":[{"href":"https:\/\/www.europesays.com\/fr\/wp-json\/wp\/v2\/posts"}],"about":[{"href":"https:\/\/www.europesays.com\/fr\/wp-json\/wp\/v2\/types\/post"}],"author":[{"embeddable":true,"href":"https:\/\/www.europesays.com\/fr\/wp-json\/wp\/v2\/users\/2"}],"replies":[{"embeddable":true,"href":"https:\/\/www.europesays.com\/fr\/wp-json\/wp\/v2\/comments?post=618254"}],"version-history":[{"count":0,"href":"https:\/\/www.europesays.com\/fr\/wp-json\/wp\/v2\/posts\/618254\/revisions"}],"wp:featuredmedia":[{"embeddable":true,"href":"https:\/\/www.europesays.com\/fr\/wp-json\/wp\/v2\/media\/618255"}],"wp:attachment":[{"href":"https:\/\/www.europesays.com\/fr\/wp-json\/wp\/v2\/media?parent=618254"}],"wp:term":[{"taxonomy":"category","embeddable":true,"href":"https:\/\/www.europesays.com\/fr\/wp-json\/wp\/v2\/categories?post=618254"},{"taxonomy":"post_tag","embeddable":true,"href":"https:\/\/www.europesays.com\/fr\/wp-json\/wp\/v2\/tags?post=618254"}],"curies":[{"name":"wp","href":"https:\/\/api.w.org\/{rel}","templated":true}]}}