{"id":618260,"date":"2025-12-23T16:56:17","date_gmt":"2025-12-23T16:56:17","guid":{"rendered":"https:\/\/www.europesays.com\/fr\/618260\/"},"modified":"2025-12-23T16:56:17","modified_gmt":"2025-12-23T16:56:17","slug":"larmee-ukrainienne-annonce-avoir-abandonne-la-ville-de-siversk-face-aux-assauts-des-troupes-russes","status":"publish","type":"post","link":"https:\/\/www.europesays.com\/fr\/618260\/","title":{"rendered":"l&rsquo;arm\u00e9e ukrainienne annonce avoir abandonn\u00e9 la ville de Siversk face aux assauts des troupes russes"},"content":{"rendered":"<p>\n    Les troupes de Moscou \u00abdisposent d\u2019un avantage significatif en termes d\u2019effectifs et d\u2019\u00e9quipement et, malgr\u00e9 des pertes importantes, poursuivent leurs op\u00e9rations offensives\u00bb, a ajout\u00e9 l\u2019\u00e9tat-major ukrainien.<\/p>\n<p class=\"fig-paragraph\">L&rsquo;arm\u00e9e ukrainienne a annonc\u00e9 mardi s&rsquo;\u00eatre retir\u00e9e de la ville de Siversk, dans l&rsquo;est de\u00a0<a href=\"http:\/\/www.lefigaro.fr\/international\/guerre-en-ukraine-des-frappes-russes-entrainent-des-coupures-de-courant-d-ampleur-dans-plusieurs-regions-20251223\" data-fig-type=\"NewsFlash\" data-gtm-custom-categorie=\"navigation\" data-gtm-custom-action=\"crossclick\" data-gtm-custom-label=\"Contextuel\" data-gtm-event=\"customEventSPE\" data-fig-domain=\"LEFIGARO\" target=\"_blank\" rel=\"noopener\">l&rsquo;Ukraine<\/a>, face aux assauts des troupes russes, qui avaient revendiqu\u00e9 la capture de cette localit\u00e9 le 11 d\u00e9cembre. \u00abAfin de pr\u00e9server la vie de nos soldats et la capacit\u00e9 de combat de nos unit\u00e9s, les d\u00e9fenseurs ukrainiens se sont retir\u00e9s de la localit\u00e9\u00bb, a indiqu\u00e9 sur Telegram l&rsquo;\u00e9tat-major de l&rsquo;arm\u00e9e ukrainienne.<\/p>\n<p class=\"fig-paragraph\">Selon cette source, les soldats russes \u00abont r\u00e9ussi \u00e0 avancer gr\u00e2ce \u00e0 leur sup\u00e9riorit\u00e9 num\u00e9rique et \u00e0 la pression constante exerc\u00e9e par de petits groupes d\u2019assaut dans des conditions m\u00e9t\u00e9orologiques difficiles\u00bb. Les troupes de\u00a0<a href=\"http:\/\/www.lefigaro.fr\/international\/moscou-la-serie-d-assassinats-cibles-de-generaux-russes-continue-20251222\" data-fig-type=\"Article\" data-gtm-custom-categorie=\"navigation\" data-gtm-custom-action=\"crossclick\" data-gtm-custom-label=\"Contextuel\" data-gtm-event=\"customEventSPE\" data-fig-domain=\"LEFIGARO\" target=\"_blank\" rel=\"noopener\">Moscou\u00a0<\/a>\u00abdisposent d\u2019un avantage significatif en termes d\u2019effectifs et d\u2019\u00e9quipement et, malgr\u00e9 des pertes importantes, poursuivent leurs op\u00e9rations offensives\u00bb, a ajout\u00e9 l\u2019\u00e9tat-major ukrainien.<\/p>\n<p class=\"fig-body-link\">\n            \u00c0 lire aussi<br \/>\n        <a class=\"fig-body-link__link fig-premium-mark\" href=\"http:\/\/www.lefigaro.fr\/international\/guerre-en-ukraine-la-russie-revendique-la-prise-de-la-ville-de-siversk-verrou-du-donbass-20251211\" data-fig-type=\"NewsFlash\" data-gtm-custom-categorie=\"navigation\" data-gtm-custom-action=\"crossclick\" data-gtm-custom-label=\"Contextuel\" data-gtm-event=\"customEventSPE\" data-fig-domain=\"LEFIGARO\" target=\"_blank\" rel=\"noopener\"><\/p>\n<p>        Guerre en Ukraine\u00a0: la Russie revendique la prise de la ville de Siversk dans le Donbass<br \/>\n    <\/a>\n<\/p>\n<p>                                            <a class=\"fig-a11y-skip\" href=\"#fig-a11y-skip-main-inarticle\" data-module=\"a11y-skip\" data-context=\"was @visible\"><br \/>\n    Passer la publicit\u00e9<br \/>\n<\/a>            <\/p>\n<p>                                            19% du territoire ukrainien occup\u00e9<\/p>\n<p class=\"fig-paragraph\">La Russie avait revendiqu\u00e9 il y a moins de deux semaines la prise de Siversk, des derniers verrous emp\u00eachant les\u00a0forces russes\u00a0de s\u2019approcher des grandes cit\u00e9s r\u00e9gionales encore sous contr\u00f4le ukrainien de Kramatorsk et de Sloviansk. Comptant environ 11.000 habitants avant la guerre, Siversk est aujourd\u2019hui en grande partie d\u00e9truite.<\/p>\n<p class=\"fig-paragraph\">Les forces russes s\u2019en \u00e9taient approch\u00e9es par trois c\u00f4t\u00e9s \u00e0 partir de septembre 2025, avant de percer les d\u00e9fenses ukrainiennes locales entre novembre et d\u00e9cembre, selon des analystes militaires. La Russie, qui occupe environ 19% du territoire ukrainien, a acc\u00e9l\u00e9r\u00e9 ses avanc\u00e9es en Ukraine ces derniers mois, revendiquant notamment la capture du n\u0153ud logistique cl\u00e9 de\u00a0<a href=\"http:\/\/www.lefigaro.fr\/international\/guerre-en-ukraine-la-russie-revendique-la-prise-de-la-ville-cle-de-pokrovsk-20251202\" data-fig-type=\"NewsFlash\" data-gtm-custom-categorie=\"navigation\" data-gtm-custom-action=\"crossclick\" data-gtm-custom-label=\"Contextuel\" data-gtm-event=\"customEventSPE\" data-fig-domain=\"LEFIGARO\" target=\"_blank\" rel=\"noopener\">Pokrovsk<\/a>.<\/p>\n<p class=\"fig-paragraph\">Elle a r\u00e9alis\u00e9 en en novembre sa plus grande progression sur le front en Ukraine en un an, selon l\u2019analyse par l\u2019AFP des donn\u00e9es fournies par l\u2019Institut am\u00e9ricain pour l\u2019\u00e9tude de la guerre (ISW), qui travaille avec le Critical Threats Project (CTP, une \u00e9manation de l\u2019American Enterprise Institute), deux centres de r\u00e9flexion am\u00e9ricains sp\u00e9cialis\u00e9s dans l\u2019\u00e9tude des conflits. Parall\u00e8lement, l\u2019Ukraine et la Russie n\u00e9gocient s\u00e9par\u00e9ment avec les \u00c9tats-Unis sur le\u00a0plan am\u00e9ricain\u00a0visant \u00e0 mettre fin \u00e0 la guerre.<\/p>\n","protected":false},"excerpt":{"rendered":"Les troupes de Moscou \u00abdisposent d\u2019un avantage significatif en termes d\u2019effectifs et d\u2019\u00e9quipement et, malgr\u00e9 des pertes importantes,&hellip;\n","protected":false},"author":2,"featured_media":618261,"comment_status":"","ping_status":"","sticky":false,"template":"","format":"standard","meta":{"footnotes":""},"categories":[1590],"tags":[11,1813,1777,674,131,12,220],"class_list":{"0":"post-618260","1":"post","2":"type-post","3":"status-publish","4":"format-standard","5":"has-post-thumbnail","7":"category-ukraine","8":"tag-actualites","9":"tag-armee","10":"tag-eu","11":"tag-europe","12":"tag-guerre-en-ukraine","13":"tag-news","14":"tag-ukraine"},"share_on_mastodon":{"url":"https:\/\/pubeurope.com\/@fr\/115769939309548489","error":""},"_links":{"self":[{"href":"https:\/\/www.europesays.com\/fr\/wp-json\/wp\/v2\/posts\/618260","targetHints":{"allow":["GET"]}}],"collection":[{"href":"https:\/\/www.europesays.com\/fr\/wp-json\/wp\/v2\/posts"}],"about":[{"href":"https:\/\/www.europesays.com\/fr\/wp-json\/wp\/v2\/types\/post"}],"author":[{"embeddable":true,"href":"https:\/\/www.europesays.com\/fr\/wp-json\/wp\/v2\/users\/2"}],"replies":[{"embeddable":true,"href":"https:\/\/www.europesays.com\/fr\/wp-json\/wp\/v2\/comments?post=618260"}],"version-history":[{"count":0,"href":"https:\/\/www.europesays.com\/fr\/wp-json\/wp\/v2\/posts\/618260\/revisions"}],"wp:featuredmedia":[{"embeddable":true,"href":"https:\/\/www.europesays.com\/fr\/wp-json\/wp\/v2\/media\/618261"}],"wp:attachment":[{"href":"https:\/\/www.europesays.com\/fr\/wp-json\/wp\/v2\/media?parent=618260"}],"wp:term":[{"taxonomy":"category","embeddable":true,"href":"https:\/\/www.europesays.com\/fr\/wp-json\/wp\/v2\/categories?post=618260"},{"taxonomy":"post_tag","embeddable":true,"href":"https:\/\/www.europesays.com\/fr\/wp-json\/wp\/v2\/tags?post=618260"}],"curies":[{"name":"wp","href":"https:\/\/api.w.org\/{rel}","templated":true}]}}