{"id":618267,"date":"2025-12-23T17:00:26","date_gmt":"2025-12-23T17:00:26","guid":{"rendered":"https:\/\/www.europesays.com\/fr\/618267\/"},"modified":"2025-12-23T17:00:26","modified_gmt":"2025-12-23T17:00:26","slug":"leurope-en-ordre-disperse-pour-la-derniere-seance-complete-de-la-semaine-23-12-2025-a-1750","status":"publish","type":"post","link":"https:\/\/www.europesays.com\/fr\/618267\/","title":{"rendered":"L\u2019Europe en ordre dispers\u00e9 pour la derni\u00e8re s\u00e9ance compl\u00e8te de la semaine &#8211; 23\/12\/2025 \u00e0 17:50"},"content":{"rendered":"<p>\n (AOF) &#8211; Les grands indices du Vieux-Continent ont connu des fortunes diverses. Le CAC 40 a par exemple c\u00e9d\u00e9 0,21%, \u00e0 8 103,85 points, alors que l\u2019EuroStoxx 50 a grappill\u00e9 0,07%, \u00e0 5 747,79 points. Les investisseurs ont pourtant tent\u00e9 de r\u00e9agir apr\u00e8s l\u2019annonce d\u2019un PIB sup\u00e9rieur aux attentes au troisi\u00e8me trimestre aux Etats-Unis. Toutefois, une \u00e9conomie robuste pourrait avoir pour effet un ralentissement de l\u2019inflation, ce qui pousserait la R\u00e9serve f\u00e9d\u00e9rale am\u00e9ricaine \u00e0 ne pas toucher \u00e0 ses taux, ce qui a logiquement refroidi les intervenants.\n<\/p>\n<p>\n En Europe, les autorit\u00e9s sanitaires am\u00e9ricaines (Food &amp; Drug Administration) ont approuv\u00e9 le Wegovy de<br \/>\n <strong><br \/>\n  Novo Nordisk<br \/>\n <\/strong><br \/>\n (+9,24%, \u00e0 331,55 couronnes danoises) sous forme de comprim\u00e9 oral de 25mg en prise quotidienne unique pour r\u00e9duire l&rsquo;exc\u00e8s de poids et le maintenir \u00e0 long terme, tout en r\u00e9duisant le risque d&rsquo;\u00e9v\u00e9nements cardiovasculaires majeurs. Avec cette d\u00e9cision de la FDA, le laboratoire danois reste un pr\u00e9curseur dans les traitements contre l&rsquo;ob\u00e9sit\u00e9 puisqu&rsquo;il s&rsquo;agit de la premi\u00e8re th\u00e9rapie par agoniste des r\u00e9cepteurs du peptide-1 de type glucagon (GLP-1) par voie orale approuv\u00e9e.\n<\/p>\n<p>\n A Paris, l&rsquo;Autorit\u00e9 des march\u00e9s financiers (AMF) a publi\u00e9 hier les r\u00e9sultats d\u00e9finitifs de l&rsquo;offre publique mixte initi\u00e9e par<br \/>\n <strong><br \/>\n  Ab\u00e9o<br \/>\n <\/strong><br \/>\n (-0,45% \u00e0 8,94 euros) sur les titres de<br \/>\n <strong><br \/>\n  Vogo<br \/>\n <\/strong><br \/>\n (-1,48% \u00e0 2,67 euros) non encore d\u00e9tenus par Ab\u00e9o (groupe commercialisant des \u00e9quipements de sport et de loisir) dont la p\u00e9riode de r\u00e9ouverture s&rsquo;est cl\u00f4tur\u00e9e le 17 d\u00e9cembre dernier. A l&rsquo;issue de cette p\u00e9riode, 275 266 actions Vogo ont \u00e9t\u00e9 apport\u00e9es \u00e0 l&rsquo;offre r\u00e9ouverte, repr\u00e9sentant 4,49% du capital et 3,87% au moins des droits de vote de Vogo (soci\u00e9t\u00e9 d\u00e9veloppant des solutions audio-vid\u00e9o aux fans et professionnels dans le sport).\n<\/p>\n<p>\n <strong><br \/>\n  AB Science<br \/>\n <\/strong><br \/>\n (+2,20%, \u00e0 1,30 euro), l&rsquo;Office des brevets des Etats-Unis a d\u00e9livr\u00e9 un avis d&rsquo;acceptation pour un brevet portant sur des m\u00e9thodes de traitement de la dr\u00e9panocytose avec la principale mol\u00e9cule d&rsquo;AB Science, le Masitinib. Ce nouveau brevet am\u00e9ricain prot\u00e8ge jusqu&rsquo;en novembre 2040 la propri\u00e9t\u00e9 intellectuelle du Masitinib dans cette indication. Cette d\u00e9cision renforce le portefeuille de propri\u00e9t\u00e9 intellectuelle de cette mol\u00e9cule avec une protection \u00e0 long terme pour une indication suppl\u00e9mentaire pr\u00e9sentant un besoin non m\u00e9dical non satisfait.\n<\/p>\n<p>\n <strong><br \/>\n  Les chiffres macro\u00e9conomiques du jour<br \/>\n <\/strong>\n<\/p>\n<p>\n Au mois de d\u00e9cembre, l\u2019indice de confiance des consommateurs calcul\u00e9 par le Conference Board a progress\u00e9 pour atteindre 89,1 points, apr\u00e8s 88,7 points. Les analystes tablaient toutefois sur une am\u00e9lioration plus importante \u00e0 91 points.\n<\/p>\n<p>\n Au mois d\u2019octobre, les commandes de biens durables am\u00e9ricaines ont d\u00e9\u00e7u. Elles se sont repli\u00e9es de 2,2%, contre des attentes \u00e0 -1,5% et un pr\u00e9c\u00e9dent \u00e0 +0,7%. En donn\u00e9es core, hors \u00e9l\u00e9ments de transport, elles ont \u00e9galement \u00e9t\u00e9 moins bonnes que pr\u00e9vu avec une hausse de seulement 0,2%, l\u00e0 o\u00f9 les analystes esp\u00e9raient +0,3% et un pr\u00e9c\u00e9dent \u00e0 +0,7%.\n<\/p>\n<p>\n Le produit int\u00e9rieur brut des \u00c9tats-Unis a augment\u00e9 de 4,3% au troisi\u00e8me trimestre alors que les analystes esp\u00e9raient une hausse de 3,3%. Au deuxi\u00e8me trimestre, le PIB avait progress\u00e9 de 3,8%.\n<\/p>\n<p>\n Sur le march\u00e9 des devises, \u00e0 la cl\u00f4ture, l&rsquo;euro \u00e9tait en l\u00e9g\u00e8re hausse (+0,13%) face au billet vert, et se n\u00e9gociait contre 1,1777 dollar.<\/p>\n","protected":false},"excerpt":{"rendered":"(AOF) &#8211; Les grands indices du Vieux-Continent ont connu des fortunes diverses. Le CAC 40 a par exemple&hellip;\n","protected":false},"author":2,"featured_media":15273,"comment_status":"","ping_status":"","sticky":false,"template":"","format":"standard","meta":{"footnotes":""},"categories":[1586],"tags":[400,11,398,408,405,1777,674,1011,27,403,402,399,404,12,25,401,406,407],"class_list":{"0":"post-618267","1":"post","2":"type-post","3":"status-publish","4":"format-standard","5":"has-post-thumbnail","7":"category-europe","8":"tag-action-cac-40","9":"tag-actualites","10":"tag-bourse-de-paris","11":"tag-boursorama","12":"tag-cotations","13":"tag-eu","14":"tag-europe","15":"tag-fr","16":"tag-france","17":"tag-indices-devises","18":"tag-investir","19":"tag-investissement","20":"tag-marche-boursier","21":"tag-news","22":"tag-republique-francaise","23":"tag-sicav","24":"tag-trackers","25":"tag-warrants"},"share_on_mastodon":{"url":"https:\/\/pubeurope.com\/@fr\/115769955002772117","error":""},"_links":{"self":[{"href":"https:\/\/www.europesays.com\/fr\/wp-json\/wp\/v2\/posts\/618267","targetHints":{"allow":["GET"]}}],"collection":[{"href":"https:\/\/www.europesays.com\/fr\/wp-json\/wp\/v2\/posts"}],"about":[{"href":"https:\/\/www.europesays.com\/fr\/wp-json\/wp\/v2\/types\/post"}],"author":[{"embeddable":true,"href":"https:\/\/www.europesays.com\/fr\/wp-json\/wp\/v2\/users\/2"}],"replies":[{"embeddable":true,"href":"https:\/\/www.europesays.com\/fr\/wp-json\/wp\/v2\/comments?post=618267"}],"version-history":[{"count":0,"href":"https:\/\/www.europesays.com\/fr\/wp-json\/wp\/v2\/posts\/618267\/revisions"}],"wp:featuredmedia":[{"embeddable":true,"href":"https:\/\/www.europesays.com\/fr\/wp-json\/wp\/v2\/media\/15273"}],"wp:attachment":[{"href":"https:\/\/www.europesays.com\/fr\/wp-json\/wp\/v2\/media?parent=618267"}],"wp:term":[{"taxonomy":"category","embeddable":true,"href":"https:\/\/www.europesays.com\/fr\/wp-json\/wp\/v2\/categories?post=618267"},{"taxonomy":"post_tag","embeddable":true,"href":"https:\/\/www.europesays.com\/fr\/wp-json\/wp\/v2\/tags?post=618267"}],"curies":[{"name":"wp","href":"https:\/\/api.w.org\/{rel}","templated":true}]}}