{"id":618284,"date":"2025-12-23T17:15:16","date_gmt":"2025-12-23T17:15:16","guid":{"rendered":"https:\/\/www.europesays.com\/fr\/618284\/"},"modified":"2025-12-23T17:15:16","modified_gmt":"2025-12-23T17:15:16","slug":"ca-me-met-en-colere-anny-duperey-a-ete-ecartee-du-casting-de-danse-avec-les-stars-a-quelques-semaines-du-lancement","status":"publish","type":"post","link":"https:\/\/www.europesays.com\/fr\/618284\/","title":{"rendered":"\u00ab\u00a0\u00c7a me met en col\u00e8re\u00a0\u00bb: Anny Duperey a \u00e9t\u00e9 \u00e9cart\u00e9e du casting de \u00ab\u00a0Danse avec les stars\u00a0\u00bb \u00e0 quelques semaines du lancement"},"content":{"rendered":"<p class=\"ap-StoryElement ap-StoryElement--mb ap-StoryText\">Onze candidats \u00e0 la place des douze habituels de chaque saison. Le dernier nom qui devait \u00eatre communiqu\u00e9 \u00e9tait, en fait, celui d&rsquo;Anny Duperey, com\u00e9dienne de 78 ans, qui a \u00e9t\u00e9 invit\u00e9e \u00e0 rejoindre le casting apr\u00e8s avoir r\u00e9p\u00e9t\u00e9 avec les danseurs. Mais, contre toute attente, TF1 a annul\u00e9 sa participation \u00e0 la derni\u00e8re minute. Un changement de programme qui n&rsquo;a pas ravi la principale int\u00e9ress\u00e9e.<\/p>\n<p><a href=\"https:\/\/www.dhnet.be\/medias\/television\/2025\/12\/19\/danse-avec-les-stars-le-casting-complet-devoile-une-danseuse-emblematique-fait-son-grand-retour-QQC225H6EFG2PH23G54UPMHMRQ\/\" target=\"_self\" class=\"ap-StoryInterstitialLink ap-StoryElement ap-StoryElement--mb\" rel=\"noopener\">\u00ab\u00a0Danse avec les stars\u00a0\u00bb : le casting complet d\u00e9voil\u00e9, une danseuse embl\u00e9matique fait son grand retour<\/a><\/p>\n<p class=\"ap-StoryElement ap-StoryElement--mb ap-StoryText\">Dans les colonnes du Parisien, Anny Duperey explique avoir \u00e9t\u00e9 contact\u00e9e en septembre par la production pour participer \u00e0 l&rsquo;\u00e9mission. \u00ab\u00a0J&rsquo;ai dit oui tout de suite sans h\u00e9siter\u00a0\u00bb, raconte-t-elle.<\/p>\n<p class=\"ap-StoryElement ap-StoryElement--mb ap-StoryText\">Tr\u00e8s vite, l&rsquo;actrice a rencontr\u00e9 le danseur professionnel avec qui elle allait \u00e9voluer lors de la saison. \u00ab\u00a0Le 10 septembre, je suis all\u00e9e dans les studios de Malakoff (Hauts-de-Seine) pour rencontrer Yann-Alrick Mortreuil. On s&rsquo;est marr\u00e9s comme des baleines. Je l&rsquo;ai trouv\u00e9 infiniment sympathique. On a r\u00e9gl\u00e9 une premi\u00e8re danse qui \u00e9tait une jolie valse\u00a0\u00bb, continue-t-elle.<\/p>\n<p class=\"ap-StoryElement ap-StoryElement--mb ap-StoryText\">Apr\u00e8s avoir re\u00e7u le \u00ab\u00a0feu vert\u00a0\u00bb de son m\u00e9decin, la com\u00e9dienne a re\u00e7u \u00ab\u00a0le programme de tous les prime qui commenceront en janvier\u00a0\u00bb. \u00ab\u00a0On m&rsquo;a dit que les dates de r\u00e9p\u00e9tition allaient arriver bient\u00f4t. J&rsquo;avais gard\u00e9 tout mon hiver libre jusqu&rsquo;\u00e0 fin avril. J&rsquo;allais me consacrer enti\u00e8rement \u00e0 l&rsquo;\u00e9mission. Et puis, les dates n&rsquo;arrivaient pas\u2026\u00a0\u00bb<\/p>\n<p><a href=\"https:\/\/www.dhnet.be\/medias\/television\/2025\/12\/01\/danse-avec-les-stars-2026-voici-les-premiers-noms-de-celebrites-qui-ont-fuite-UT7C3YZS2JHSPCDJ2K3VZMNPMY\/\" target=\"_self\" class=\"ap-StoryInterstitialLink ap-StoryElement ap-StoryElement--mb\" rel=\"noopener\">\u00ab\u00a0Danse avec les stars\u00a0\u00bb 2026: voici les premiers noms de c\u00e9l\u00e9brit\u00e9s qui ont fuit\u00e9<\/a>\u00ab\u00a0Je trouve \u00e7a ahurissant\u00a0\u00bb<\/p>\n<p class=\"ap-StoryElement ap-StoryElement--mb ap-StoryText\">La com\u00e9dienne n&rsquo;a appris son \u00e9viction que ce lundi par son agente, Danielle Gain. \u00ab\u00a0La production l&rsquo;a appel\u00e9e en disant que la direction de TF1 avait soudainement d\u00e9couvert mon \u00e2ge et que les grands chefs, \u00ab\u00a0dans les bureaux en verre\u00a0\u00bb, avaient pos\u00e9 un veto \u00e0 ma participation\u2026 La production a dit qu&rsquo;elle \u00e9tait d\u00e9sol\u00e9e\u00a0\u00bb, explique-t-elle. \u00ab\u00a0Je trouve \u00e7a ahurissant qu&rsquo;on d\u00e9couvre maintenant ma date de naissance. Ils auraient pu quand m\u00eame s&rsquo;apercevoir un peu plus t\u00f4t que j&rsquo;\u00e9tais n\u00e9 en 1947 ! \u00c7a me met en col\u00e8re. C&rsquo;est la preuve qu&rsquo;aujourd&rsquo;hui, on vous met subtilement au rancart \u00e0 cause de votre \u00e2ge, sans se soucier de savoir dans quelle forme vous \u00eates ni si vous pouvez encore faire le grand \u00e9cart. C&rsquo;est pour \u00e7a que cette photo, prise en avril dernier et sur laquelle j&rsquo;attrape mon pied, j&rsquo;adorerais en faire une carte de v\u0153ux et l&rsquo;envoyer aux dirigeants de TF1 en \u00e9crivant \u00ab\u00a0Sans rancune. Je vous souhaite de tout c\u0153ur de pouvoir faire \u00e7a \u00e0 mon \u00e2ge\u00a0\u00bb.\u00a0\u00bb<\/p>\n","protected":false},"excerpt":{"rendered":"Onze candidats \u00e0 la place des douze habituels de chaque saison. Le dernier nom qui devait \u00eatre communiqu\u00e9&hellip;\n","protected":false},"author":2,"featured_media":618285,"comment_status":"","ping_status":"","sticky":false,"template":"","format":"standard","meta":{"footnotes":""},"categories":[1359],"tags":[4952,5972,194,58,59,1011,27,973,199],"class_list":{"0":"post-618284","1":"post","2":"type-post","3":"status-publish","4":"format-standard","5":"has-post-thumbnail","7":"category-people","8":"tag-anny-duperey","9":"tag-danse","10":"tag-danse-avec-les-stars","11":"tag-divertissement","12":"tag-entertainment","13":"tag-fr","14":"tag-france","15":"tag-people","16":"tag-tf1"},"share_on_mastodon":{"url":"https:\/\/pubeurope.com\/@fr\/115770014069351731","error":""},"_links":{"self":[{"href":"https:\/\/www.europesays.com\/fr\/wp-json\/wp\/v2\/posts\/618284","targetHints":{"allow":["GET"]}}],"collection":[{"href":"https:\/\/www.europesays.com\/fr\/wp-json\/wp\/v2\/posts"}],"about":[{"href":"https:\/\/www.europesays.com\/fr\/wp-json\/wp\/v2\/types\/post"}],"author":[{"embeddable":true,"href":"https:\/\/www.europesays.com\/fr\/wp-json\/wp\/v2\/users\/2"}],"replies":[{"embeddable":true,"href":"https:\/\/www.europesays.com\/fr\/wp-json\/wp\/v2\/comments?post=618284"}],"version-history":[{"count":0,"href":"https:\/\/www.europesays.com\/fr\/wp-json\/wp\/v2\/posts\/618284\/revisions"}],"wp:featuredmedia":[{"embeddable":true,"href":"https:\/\/www.europesays.com\/fr\/wp-json\/wp\/v2\/media\/618285"}],"wp:attachment":[{"href":"https:\/\/www.europesays.com\/fr\/wp-json\/wp\/v2\/media?parent=618284"}],"wp:term":[{"taxonomy":"category","embeddable":true,"href":"https:\/\/www.europesays.com\/fr\/wp-json\/wp\/v2\/categories?post=618284"},{"taxonomy":"post_tag","embeddable":true,"href":"https:\/\/www.europesays.com\/fr\/wp-json\/wp\/v2\/tags?post=618284"}],"curies":[{"name":"wp","href":"https:\/\/api.w.org\/{rel}","templated":true}]}}