{"id":618304,"date":"2025-12-23T17:26:16","date_gmt":"2025-12-23T17:26:16","guid":{"rendered":"https:\/\/www.europesays.com\/fr\/618304\/"},"modified":"2025-12-23T17:26:16","modified_gmt":"2025-12-23T17:26:16","slug":"larmee-ukrainienne-abandonne-la-ville-de-siversk-dans-loblast-de-donetsk-ou-les-forces-russes-ont-un-avantage-significatif-en-hommes-et-en-materiel","status":"publish","type":"post","link":"https:\/\/www.europesays.com\/fr\/618304\/","title":{"rendered":"l\u2019arm\u00e9e ukrainienne abandonne la ville de Siversk, dans l\u2019oblast de Donetsk, o\u00f9 les forces russes ont \u00ab\u00a0un avantage significatif en hommes et en mat\u00e9riel \u00a0\u00bb"},"content":{"rendered":"<p>   La centrale nucl\u00e9aire de Tchernobyl menac\u00e9e d\u2019effondrement en cas de\u00a0nouvelle frappe russe, selon son directeur               <img decoding=\"async\" class=\"post__live-container--img post__space-node\"  src=\"https:\/\/www.europesays.com\/fr\/wp-content\/uploads\/2025\/12\/1cb5858_ftp-1-fj4bwginuimx-5742188-01-06.jpg\" data- alt=\"Des employ\u00e9s de la centrale de Tchernobyl,\u00a0le 22\u00a0d\u00e9cembre 2025.\"\/>   Des employ\u00e9s de la centrale de Tchernobyl,\u00a0le 22\u00a0d\u00e9cembre 2025. TETIANA DZHAFAROVA \/ AFP               <\/p>\n<p class=\"post__live-container--answer-text post__space-node\">Une frappe russe pourrait provoquer l\u2019effondrement de l\u2019abri antiradiations interne de la centrale nucl\u00e9aire de Tchernobyl, aujourd\u2019hui \u00e0 l\u2019arr\u00eat, en Ukraine, a d\u00e9clar\u00e9 le directeur de la centrale, Sergiy Tarakanov \u00e0 l\u2019Agence France-Presse (AFP). \u00ab\u00a0Si un missile ou un drone le touche directement, ou m\u00eame tombe quelque part \u00e0 proximit\u00e9, par exemple un Iskander, Dieu nous en garde, cela provoquera un mini-s\u00e9isme dans la zone\u00a0\u00bb, a-t-il expliqu\u00e9 \u00e0 l\u2019AFP, lors d\u2019un entretien r\u00e9alis\u00e9 la semaine derni\u00e8re. \u00ab\u00a0Personne ne peut garantir que l\u2019abri restera debout apr\u00e8s cela. C\u2019est l\u00e0 la principale menace\u00a0\u00bb, a-t-il ajout\u00e9.<\/p>\n<p class=\"post__live-container--answer-text post__space-node\">Les vestiges de la centrale nucl\u00e9aire sont recouverts d\u2019une coque interne en acier et en b\u00e9ton, que l\u2019on nomme \u00ab\u00a0sarcophage\u00a0\u00bb, construite \u00e0 la h\u00e2te apr\u00e8s la catastrophe nucl\u00e9aire de 1986, ainsi que d\u2019une coque externe moderne et high-tech, appel\u00e9e \u00ab\u00a0New Safe Confinement\u00a0\u00bb (NSC, nouveau confinement de s\u00e9curit\u00e9).<\/p>\n<p class=\"post__live-container--answer-text post__space-node\">L\u2019abri du NSC a \u00e9t\u00e9 gravement endommag\u00e9 lors d\u2019une frappe de drone russe, en f\u00e9vrier, qui a provoqu\u00e9 un incendie majeur dans le rev\u00eatement ext\u00e9rieur de la structure en acier. \u00ab\u00a0Notre NSC a perdu plusieurs de ses fonctions principales. Et nous comprenons qu\u2019il nous faudra au moins trois ou quatre ans pour restaurer ces fonctions\u00a0\u00bb, a pr\u00e9cis\u00e9 M.\u00a0Tarakanov.<\/p>\n<p class=\"post__live-container--answer-text post__space-node\">Les niveaux de radiation sur le site restent \u00ab\u00a0stables et dans les limites normales\u00a0\u00bb, a-t-il aussi d\u00e9clar\u00e9.<\/p>\n<p class=\"post__live-container--answer-text post__space-node\">L\u2019AIEA a pr\u00e9venu au d\u00e9but du mois qu\u2019une mission d\u2019inspection avait constat\u00e9 que l\u2019abri avait \u00ab\u00a0perdu ses fonctions de s\u00e9curit\u00e9 essentielles, notamment sa capacit\u00e9 de confinement, mais qu\u2019il n\u2019y avait pas de dommages permanents aux structures porteuses ou aux syst\u00e8mes de surveillance\u00a0\u00bb.<\/p>\n<p class=\"post__live-container--answer-text post__space-node\">Le trou caus\u00e9 par l\u2019impact du drone a \u00e9t\u00e9 recouvert d\u2019un \u00e9cran protecteur, a encore d\u00e9taill\u00e9 M. Tarakanov, mais 300 petits trous faits par les pompiers pour lutter contre l\u2019incendie doivent encore \u00eatre combl\u00e9s.<\/p>\n<p class=\"post__live-container--answer-text post__space-node\">L\u2019arm\u00e9e russe s\u2019\u00e9tait empar\u00e9e de la centrale au d\u00e9but de son invasion, en\u00a02022, avant de se retirer quelques semaines plus tard.<\/p>\n","protected":false},"excerpt":{"rendered":"La centrale nucl\u00e9aire de Tchernobyl menac\u00e9e d\u2019effondrement en cas de\u00a0nouvelle frappe russe, selon son directeur Des employ\u00e9s de&hellip;\n","protected":false},"author":2,"featured_media":618305,"comment_status":"","ping_status":"","sticky":false,"template":"","format":"standard","meta":{"footnotes":""},"categories":[5],"tags":[11,1011,27,14,12,28],"class_list":{"0":"post-618304","1":"post","2":"type-post","3":"status-publish","4":"format-standard","5":"has-post-thumbnail","7":"category-international","8":"tag-actualites","9":"tag-fr","10":"tag-france","11":"tag-international","12":"tag-news","13":"tag-world"},"share_on_mastodon":{"url":"https:\/\/pubeurope.com\/@fr\/115770058270731870","error":""},"_links":{"self":[{"href":"https:\/\/www.europesays.com\/fr\/wp-json\/wp\/v2\/posts\/618304","targetHints":{"allow":["GET"]}}],"collection":[{"href":"https:\/\/www.europesays.com\/fr\/wp-json\/wp\/v2\/posts"}],"about":[{"href":"https:\/\/www.europesays.com\/fr\/wp-json\/wp\/v2\/types\/post"}],"author":[{"embeddable":true,"href":"https:\/\/www.europesays.com\/fr\/wp-json\/wp\/v2\/users\/2"}],"replies":[{"embeddable":true,"href":"https:\/\/www.europesays.com\/fr\/wp-json\/wp\/v2\/comments?post=618304"}],"version-history":[{"count":0,"href":"https:\/\/www.europesays.com\/fr\/wp-json\/wp\/v2\/posts\/618304\/revisions"}],"wp:featuredmedia":[{"embeddable":true,"href":"https:\/\/www.europesays.com\/fr\/wp-json\/wp\/v2\/media\/618305"}],"wp:attachment":[{"href":"https:\/\/www.europesays.com\/fr\/wp-json\/wp\/v2\/media?parent=618304"}],"wp:term":[{"taxonomy":"category","embeddable":true,"href":"https:\/\/www.europesays.com\/fr\/wp-json\/wp\/v2\/categories?post=618304"},{"taxonomy":"post_tag","embeddable":true,"href":"https:\/\/www.europesays.com\/fr\/wp-json\/wp\/v2\/tags?post=618304"}],"curies":[{"name":"wp","href":"https:\/\/api.w.org\/{rel}","templated":true}]}}