{"id":618313,"date":"2025-12-23T17:32:13","date_gmt":"2025-12-23T17:32:13","guid":{"rendered":"https:\/\/www.europesays.com\/fr\/618313\/"},"modified":"2025-12-23T17:32:13","modified_gmt":"2025-12-23T17:32:13","slug":"deux-adolescentes-font-une-fete-dans-un-airbnb-et-menacent-le-proprietaire-avec-un-couteau","status":"publish","type":"post","link":"https:\/\/www.europesays.com\/fr\/618313\/","title":{"rendered":"deux adolescentes font une f\u00eate dans un Airbnb et menacent le propri\u00e9taire avec un couteau"},"content":{"rendered":"<p>                    Par<br \/>\n        <strong><br \/>\n            <a href=\"https:\/\/actu.fr\/auteur\/pierre-emile-bouchy-actu-fr\" title=\"Consulter tous les articles de Paul-Emile Bouchy\" target=\"_blank\" rel=\"noopener\">Paul-Emile Bouchy<\/a><br \/>\n                    <\/strong><\/p>\n<p>        Publi\u00e9 le<\/p>\n<p>            23 d\u00e9c. 2025 \u00e0 18h18        <\/p>\n<p>Dimanche 21\u00a0d\u00e9cembre 2025, vers 23h30, la <a href=\"https:\/\/actu.fr\/tag\/police\" target=\"_blank\" rel=\"noopener\">police<\/a> a interpell\u00e9 <strong>deux adolescentes de 15 et 16\u00a0ans avenue Foch<\/strong>, \u00e0 <a href=\"https:\/\/actu.fr\/grand-est\/nancy_54395\" target=\"_blank\" rel=\"noopener\">Nancy<\/a> (Meurthe-et-Moselle).<\/p>\n<p class=\" wall-content\">Elles ont <strong>menac\u00e9 de mort avec un couteau le propri\u00e9taire<\/strong> d\u2019un appartement lou\u00e9 sur <a href=\"https:\/\/actu.fr\/tag\/airbnb\" target=\"_blank\" rel=\"noopener\">Airbnb<\/a>.<\/p>\n<p>Une f\u00eate impr\u00e9vue organis\u00e9e dans le logement Airbnb<\/p>\n<p class=\" wall-content\">D\u2019apr\u00e8s la police, les deux adolescentes avaient r\u00e9ussi \u00e0 louer le logement Airbnb\u00a0via une connaissance\u00a0et avaient d\u00e9cid\u00e9 d\u2019y organiser <strong>une f\u00eate avec une dizaine de personnes<\/strong>.<\/p>\n<p class=\" wall-content\">Habitant \u00e0 c\u00f4t\u00e9 et voyant cela, le propri\u00e9taire, accompagn\u00e9 de son \u00e9pouse et d\u2019amis \u00e0 lui, s\u2019est rendu sur place pour stopper la soir\u00e9e. Rappelant que les soir\u00e9es \u00e9taient interdites, le propri\u00e9taire a \u00e9t\u00e9 <strong>insult\u00e9 par les adolescentes et il a pris la d\u00e9cision de les faire sortir<\/strong>.<\/p>\n<p class=\" wall-content\">C\u2019est une fois sur la voie publique qu\u2019une des adolescentes a menac\u00e9 le propri\u00e9taire avec le couteau. <strong>\u00ab\u2009Elle l\u2019a plac\u00e9 sous sa gorge\u2009\u00bb<\/strong>, indique la police. La seconde a ensuite saisi le couteau et a poursuivi un ami du propri\u00e9taire.<\/p>\n<p>Les adolescentes reconnaissent les faits<\/p>\n<p class=\" wall-content\">Une patrouille de police qui passait dans le secteur est intervenue et a interpell\u00e9 les deux adolescentes. <strong>Plac\u00e9es en garde \u00e0 vue, elles ont reconnu les faits<\/strong>.<\/p>\n<p class=\" wall-content\">Elles ont \u00e9t\u00e9 pr\u00e9sent\u00e9es ce mardi devant le juge des enfants pour <strong>violence avec arme et menace de mort<\/strong>. Elles ont re\u00e7u une convocation par proc\u00e8s-verbal sous contr\u00f4le judiciaire et ont \u00e9t\u00e9 <strong>replac\u00e9es dans leurs foyers pour jeunes de Longwy et de Nancy<\/strong>.<\/p>\n<p>Votre r\u00e9gion, votre actu !<\/p>\n<p>Recevez chaque jour les infos qui comptent pour vous.<\/p>\n<p>\t<a href=\"https:\/\/actu.fr\/newsletter\" class=\"ac-btn ac-btn--corner ac-btn--medium ac-btn--blue800\" target=\"_blank\" rel=\"noopener\">S&rsquo;incrire<\/a><\/p>\n<p class=\" wall-content\">Le propri\u00e9taire et son \u00e9pouse n\u2019ont pas \u00e9t\u00e9 bless\u00e9s physiquement mais ont re\u00e7u chacun <strong>deux jours d\u2019incapacit\u00e9 totale de travail pour violences psychologiques<\/strong>.<\/p>\n<p class=\" wall-content\">Personnalisez votre actualit\u00e9 en ajoutant vos villes et m\u00e9dias en favori avec <a href=\"https:\/\/moncompte.actu.fr\" title=\"D\u00e9couvez Mon Actu\" rel=\"nofollow noopener\" data-trk=\"{&quot;cta&quot;:{&quot;action&quot;:&quot;https:\\\/\\\/moncompte.actu.fr&quot;,&quot;category&quot;:&quot;mon compte&quot;,&quot;from&quot;:&quot;article footer&quot;,&quot;name&quot;:&quot;Mon actu&quot;,&quot;type&quot;:&quot;cta&quot;}}\" target=\"_blank\">Mon Actu<\/a>.<\/p>\n","protected":false},"excerpt":{"rendered":"Par Paul-Emile Bouchy Publi\u00e9 le 23 d\u00e9c. 2025 \u00e0 18h18 Dimanche 21\u00a0d\u00e9cembre 2025, vers 23h30, la police a&hellip;\n","protected":false},"author":2,"featured_media":618314,"comment_status":"","ping_status":"","sticky":false,"template":"","format":"standard","meta":{"footnotes":""},"categories":[9635],"tags":[1111,11,7345,1777,674,118,1011,27,775,1702,12,1072,25],"class_list":{"0":"post-618313","1":"post","2":"type-post","3":"status-publish","4":"format-standard","5":"has-post-thumbnail","7":"category-nancy","8":"tag-actu","9":"tag-actualites","10":"tag-airbnb","11":"tag-eu","12":"tag-europe","13":"tag-faits-divers","14":"tag-fr","15":"tag-france","16":"tag-grand-est","17":"tag-nancy","18":"tag-news","19":"tag-police","20":"tag-republique-francaise"},"share_on_mastodon":{"url":"https:\/\/pubeurope.com\/@fr\/115770080957091319","error":""},"_links":{"self":[{"href":"https:\/\/www.europesays.com\/fr\/wp-json\/wp\/v2\/posts\/618313","targetHints":{"allow":["GET"]}}],"collection":[{"href":"https:\/\/www.europesays.com\/fr\/wp-json\/wp\/v2\/posts"}],"about":[{"href":"https:\/\/www.europesays.com\/fr\/wp-json\/wp\/v2\/types\/post"}],"author":[{"embeddable":true,"href":"https:\/\/www.europesays.com\/fr\/wp-json\/wp\/v2\/users\/2"}],"replies":[{"embeddable":true,"href":"https:\/\/www.europesays.com\/fr\/wp-json\/wp\/v2\/comments?post=618313"}],"version-history":[{"count":0,"href":"https:\/\/www.europesays.com\/fr\/wp-json\/wp\/v2\/posts\/618313\/revisions"}],"wp:featuredmedia":[{"embeddable":true,"href":"https:\/\/www.europesays.com\/fr\/wp-json\/wp\/v2\/media\/618314"}],"wp:attachment":[{"href":"https:\/\/www.europesays.com\/fr\/wp-json\/wp\/v2\/media?parent=618313"}],"wp:term":[{"taxonomy":"category","embeddable":true,"href":"https:\/\/www.europesays.com\/fr\/wp-json\/wp\/v2\/categories?post=618313"},{"taxonomy":"post_tag","embeddable":true,"href":"https:\/\/www.europesays.com\/fr\/wp-json\/wp\/v2\/tags?post=618313"}],"curies":[{"name":"wp","href":"https:\/\/api.w.org\/{rel}","templated":true}]}}