{"id":618321,"date":"2025-12-23T17:37:13","date_gmt":"2025-12-23T17:37:13","guid":{"rendered":"https:\/\/www.europesays.com\/fr\/618321\/"},"modified":"2025-12-23T17:37:13","modified_gmt":"2025-12-23T17:37:13","slug":"marche-de-noel-parc-et-jardin-skate-park-apres-le-deluge-a-montpellier-le-point-sur-ce-qui-rouvre-ou-reste-ferme-ce-24-decembre","status":"publish","type":"post","link":"https:\/\/www.europesays.com\/fr\/618321\/","title":{"rendered":"March\u00e9 de No\u00ebl, parc et jardin, skate park\u2026 apr\u00e8s le d\u00e9luge \u00e0 Montpellier, le point sur ce qui rouvre ou reste ferm\u00e9 ce 24\u00a0d\u00e9cembre"},"content":{"rendered":"<p>\n                                                                Le Lez peine \u00e0 s\u2019\u00e9couler au lendemain des pluies torrentielles qui se sont abattues sur Montpellier. Les services de la Ville sont \u00e0 pied d\u2019\u0153uvre pour un retour \u00e0 la normale dans les jours \u00e0 venir. Le point avec Herv\u00e9 Martin.\n                            <\/p>\n<p>Au lendemain du d\u00e9luge qui s\u2019est abattu sur Montpellier, la vigilance est toujours de mise. Si le niveau des cours d\u2019eau a baiss\u00e9, le Lez\u00a0demeure sous surveillance. \u00ab\u00a0Les \u00e9tangs et les foss\u00e9s sont pleins, le fleuve a du mal \u00e0 s\u2019\u00e9couler\u00a0\u00bb, indique Herv\u00e9 Martin, adjoint d\u2019astreinte cette semaine. D\u2019ailleurs le quai du Pir\u00e9e et la passerelle\u00a0Tipasa qui relie la place de l\u2019Europe \u00e0 l\u2019H\u00f4tel de R\u00e9gion sont rest\u00e9s ferm\u00e9s au public. Ces axes devraient encore rester inaccessibles ce mercredi pour permettre aux services de la Ville de d\u00e9blayer les branchages et nettoyer le long du Lez.<\/p>\n<p>Skate park ferm\u00e9<\/p>\n<p>Le skate-park de Grammont devrait aussi rester portes closes. Les pluies torrentielles ont rendu les modules extr\u00eamement glissants et dangereux pour les usagers. Quelques d\u00e9g\u00e2ts mat\u00e9riels ont \u00e9t\u00e9 relev\u00e9s sur diff\u00e9rentes installations sportives.<\/p>\n<p>R\u00e9ouverture du March\u00e9 de No\u00ebl<\/p>\n<p>Le March\u00e9 de No\u00ebl, rest\u00e9 ferm\u00e9 ce mardi, devrait \u00e0 nouveau accueillir le public ce mercredi 24\u00a0d\u00e9cembre. Un soulagement pour les exposants qui ont p\u00e2ti d\u2019une m\u00e9t\u00e9o tr\u00e8s pluvieuse ces derniers temps.\u00a0\u00ab\u00a0Nous v\u00e9rifions l\u2019\u00e9tat des platanes et les installations \u00e9lectriques\u00a0\u00bb, explique Herv\u00e9 Martin. Les parcs sont aussi scrupuleusement inspect\u00e9s avant de rouvrir au public. Une douzaine d\u2019arbres ont \u00e9t\u00e9 d\u00e9racin\u00e9s durant cet \u00e9pisode m\u00e9diterran\u00e9en en raison des sols gorg\u00e9s d\u2019eau. Un pin est encore tomb\u00e9 sur la chauss\u00e9e ce mardi\u00a0avenue du P\u00e8re-Soulas.<\/p>\n<p>Les gymnases Gambardella et Jean-Bouin qui ont accueilli des personnes sans domicile fixe et d\u2019autres issues du camp pr\u00e8s du rond-point Maurice-Gennevaux\u00a0fermera ses portes ce mercredi matin \u00e0 9\u00a0h.<\/p>\n<p>Circulation normale dans les transports en commun<\/p>\n<p>Le r\u00e9seau des transports en commun a repris un fonctionnement normal avec un point de vigilance au rond-point du Ch\u00e2teau d\u2019O. \u00ab\u00a0La ligne 1 a \u00e9t\u00e9 interrompue momentan\u00e9ment lundi entre Occitanie et Saint-Paul. Une navette a \u00e9t\u00e9 mise en place, indique Herv\u00e9 Martin. C\u2019est difficile \u00e0 comprendre mais en cas de grosse averse, le cumul d\u2019eau est dangereux pour la circulation du tramway.\u00a0\u00bb<\/p>\n<p>L\u2019\u00e9lu se f\u00e9licite que cet \u00e9pisode\u00a0n\u2019ait pas caus\u00e9 de victime. \u00ab\u00a0Les Montpelli\u00e9rains adoptent les bons comportements. Avec le d\u00e9but des vacances, il n\u2019y avait pas de transport scolaire\u00a0et moins de monde sur les routes.\u00a0\u00bb<\/p>\n","protected":false},"excerpt":{"rendered":"Le Lez peine \u00e0 s\u2019\u00e9couler au lendemain des pluies torrentielles qui se sont abattues sur Montpellier. Les services&hellip;\n","protected":false},"author":2,"featured_media":618322,"comment_status":"","ping_status":"","sticky":false,"template":"","format":"standard","meta":{"footnotes":""},"categories":[9599],"tags":[1111,11,1777,674,1011,27,7089,71962,2208,15882,12,2680,25],"class_list":{"0":"post-618321","1":"post","2":"type-post","3":"status-publish","4":"format-standard","5":"has-post-thumbnail","7":"category-montpellier","8":"tag-actu","9":"tag-actualites","10":"tag-eu","11":"tag-europe","12":"tag-fr","13":"tag-france","14":"tag-herault","15":"tag-intempu00e9ries","16":"tag-montpellier","17":"tag-mu00e9tu00e9o","18":"tag-news","19":"tag-occitanie","20":"tag-republique-francaise"},"share_on_mastodon":{"url":"https:\/\/pubeurope.com\/@fr\/115770100717241826","error":""},"_links":{"self":[{"href":"https:\/\/www.europesays.com\/fr\/wp-json\/wp\/v2\/posts\/618321","targetHints":{"allow":["GET"]}}],"collection":[{"href":"https:\/\/www.europesays.com\/fr\/wp-json\/wp\/v2\/posts"}],"about":[{"href":"https:\/\/www.europesays.com\/fr\/wp-json\/wp\/v2\/types\/post"}],"author":[{"embeddable":true,"href":"https:\/\/www.europesays.com\/fr\/wp-json\/wp\/v2\/users\/2"}],"replies":[{"embeddable":true,"href":"https:\/\/www.europesays.com\/fr\/wp-json\/wp\/v2\/comments?post=618321"}],"version-history":[{"count":0,"href":"https:\/\/www.europesays.com\/fr\/wp-json\/wp\/v2\/posts\/618321\/revisions"}],"wp:featuredmedia":[{"embeddable":true,"href":"https:\/\/www.europesays.com\/fr\/wp-json\/wp\/v2\/media\/618322"}],"wp:attachment":[{"href":"https:\/\/www.europesays.com\/fr\/wp-json\/wp\/v2\/media?parent=618321"}],"wp:term":[{"taxonomy":"category","embeddable":true,"href":"https:\/\/www.europesays.com\/fr\/wp-json\/wp\/v2\/categories?post=618321"},{"taxonomy":"post_tag","embeddable":true,"href":"https:\/\/www.europesays.com\/fr\/wp-json\/wp\/v2\/tags?post=618321"}],"curies":[{"name":"wp","href":"https:\/\/api.w.org\/{rel}","templated":true}]}}