{"id":618325,"date":"2025-12-23T17:39:18","date_gmt":"2025-12-23T17:39:18","guid":{"rendered":"https:\/\/www.europesays.com\/fr\/618325\/"},"modified":"2025-12-23T17:39:18","modified_gmt":"2025-12-23T17:39:18","slug":"gendarme-et-dessinateur-stephane-a-peint-une-grande-fresque-pour-les-enfants-hospitalises-au-chu-de-rouen","status":"publish","type":"post","link":"https:\/\/www.europesays.com\/fr\/618325\/","title":{"rendered":"Gendarme et dessinateur, St\u00e9phane a peint une grande fresque pour les enfants hospitalis\u00e9s au CHU de Rouen"},"content":{"rendered":"<p>                    Par<br \/>\n        <strong><br \/>\n            <a href=\"https:\/\/actu.fr\/auteur\/sebastien-aliome\" title=\"Consulter tous les articles de S\u00e9bastien Aliome\" target=\"_blank\" rel=\"noopener\">S\u00e9bastien Aliome<\/a><br \/>\n                    <\/strong><\/p>\n<p>        Publi\u00e9 le<\/p>\n<p>            23 d\u00e9c. 2025 \u00e0 17h31        <\/p>\n<p>Habitant pr\u00e8s de <a href=\"https:\/\/actu.fr\/normandie\/neufchatel-en-bray_76462\" target=\"_blank\" rel=\"noopener\">Neufch\u00e2tel-en-Bray<\/a> (<b>Seine-Maritime<\/b>), St\u00e9phane Lecoup a deux vies, et surtout un grand c\u0153ur. Quand il n\u2019est pas sur son deux-roues au sein du Peloton motoris\u00e9 de la <a href=\"https:\/\/actu.fr\/tag\/gendarmerie\" target=\"_blank\" rel=\"noopener\">gendarmerie<\/a>, il dessine. Une de ses derni\u00e8res cr\u00e9ations remonte \u00e0 quelques jours seulement\u2009: il s\u2019agit d\u2019une grande fresque d\u20191\u00a0m 50 sur 3\u00a0m pour les <b>enfants hospitalis\u00e9s<\/b> au <a href=\"https:\/\/actu.fr\/tag\/chu-rouen\" target=\"_blank\" rel=\"noopener\">CHU de Rouen<\/a>. \u00ab\u2009J\u2019ai vu passer une annonce de l\u2019unit\u00e9 qui recherchait un graffeur. J\u2019ai fait une maquette et je l\u2019ai envoy\u00e9e. J\u2019ai \u00e9t\u00e9 retenu. C\u2019est la premi\u00e8re fois que je faisais ce type de dessins, en couleur notamment, et \u00e0 main lev\u00e9e\u2009\u00bb.<\/p>\n<p>Une fresque pour les enfants hospitalis\u00e9s<\/p>\n<p class=\" wall-content\">B\u00e9n\u00e9volement, <b>St\u00e9phane Lecoup<\/b> a donc pass\u00e9 4\u00a0jours \u00e0 l\u2019unit\u00e9 p\u00e9diatrique du centre hospitalier de Rouen afin d\u2019y r\u00e9aliser cette \u0153uvre qui met d\u00e9j\u00e0 du baume au c\u0153ur \u00e0 tous les enfants sur place et \u00e0 leurs familles. \u00ab\u2009Ce n\u2019\u00e9tait que du bonheur et beaucoup d\u2019\u00e9motion car on ne r\u00e9alise que trop peu la chance que l\u2019on a d\u2019\u00eatre et surtout d\u2019avoir des enfants en bonne sant\u00e9. Des plus petits aux ados, ils ont tous \u00e9t\u00e9 super. Le <b>personnel soignant<\/b> a aussi \u00e9t\u00e9 au top et aux petits soins pour moi\u2009\u00bb a partag\u00e9 le dessinateur sur sa page Facebook.<\/p>\n<p>    <a href=\"https:\/\/www.facebook.com\/plugins\/post.php?href=https%3A%2F%2Fwww.facebook.com%2Fstephane.lecoupdessin%2Fposts%2Fpfbid036zXuT79VqukfCCWtfBuJk7eqyzboV7HRGbsEKAwM5ciVD3vh1YWjvSegAooDzsmhl&amp;show_text=true&amp;width=350\" title=\"Ouvrie le lien\" target=\"_blank\" rel=\"noopener\">Cliquez ici pour visualiser le contenu<\/a><\/p>\n<p class=\" wall-content\">Et de nous confier \u00e9galement\u2009: \u00ab\u2009Pendant que je commen\u00e7ais la fresque, les enfants, les jeunes mais aussi le personnel soignant venaient me voir et me faisaient des propositions sur les personnages. J\u2019en ai donc ajout\u00e9 un certain nombre qui n\u2019\u00e9tait pas pr\u00e9vu au d\u00e9part. On a eu de tr\u00e8s beaux \u00e9changes et c\u2019\u00e9tait \u00e9mouvant sachant que l\u2019unit\u00e9 accueille des enfants, de b\u00e9b\u00e9 jusqu\u2019\u00e0 17\u00a0ans. Ils \u00e9taient \u00e0 mes c\u00f4t\u00e9s\u2009\u00bb.<\/p>\n<p class=\" wall-content\">La fresque est situ\u00e9e dans le couloir central de l\u2019unit\u00e9, juste en face du r\u00e9fectoire. Ainsi, tout le monde passe devant et s\u2019y arr\u00eate chaque jour.<\/p>\n<p>\u00ab\u2009Un magnifique cadeau de No\u00ebl\u2009\u00bb<\/p>\n<p class=\" wall-content\">St\u00e9phane Lecoup a donc v\u00e9cu un moment qu\u2019il n\u2019est pas pr\u00e8s d\u2019oublier, et remercie vivement toutes les personnes qui l\u2019ont encourag\u00e9 dans ce projet devenu r\u00e9alit\u00e9.<\/p>\n<p>Vid\u00e9os : en ce moment sur Actu<br \/>\n    <img   decoding=\"async\" loading=\"lazy\" class=\"size-large\" src=\"https:\/\/www.europesays.com\/fr\/wp-content\/uploads\/2025\/12\/b83595b282496ac3595b2824960459v-960x640.jpg\" alt=\"Une belle fresque pour les enfants hospitalis\u00e9s au CHU de Rouen.\" width=\"960\" height=\"640\"\/><br \/>\n    Une belle fresque pour les enfants hospitalis\u00e9s au CHU de Rouen. \u00a9St\u00e9phane Lecoup<\/p>\n<p class=\" wall-content\">Que ce soit du c\u00f4t\u00e9 de ses ami (e) s, de la cadre du service p\u00e9diatrique, du personnel de l\u2019h\u00f4pital, de sa hi\u00e9rarchie ou encore de l\u2019enseigne de bricolage qui lui a offert la peinture, St\u00e9phane est tr\u00e8s reconnaissant.<\/p>\n<p>Votre r\u00e9gion, votre actu !<\/p>\n<p>Recevez chaque jour les infos qui comptent pour vous.<\/p>\n<p>\t<a href=\"https:\/\/actu.fr\/newsletter\" class=\"ac-btn ac-btn--corner ac-btn--medium ac-btn--blue800\" target=\"_blank\" rel=\"noopener\">S&rsquo;incrire<\/a><\/p>\n<p class=\" wall-content\">\u00ab\u2009C\u2019\u00e9tait vraiment une superbe\u2009aventure qui, je le pense sera reconduite. C\u2019est un magnifique cadeau de <a href=\"https:\/\/actu.fr\/tag\/noel\" target=\"_blank\" rel=\"noopener\">No\u00ebl<\/a>\u2009\u00bb.<\/p>\n<p class=\" wall-content\">Sur cette fresque, on peut y voir un tr\u00e8s grand nombre de personnages qui ont berc\u00e9 l\u2019enfance de plusieurs g\u00e9n\u00e9rations\u2009: de <b>Casimir<\/b> \u00e0 Scoubidou, en passant par les Minions, Bart Simson, Bob l\u2019\u00e9ponge, <b>Hello Kitty<\/b>, Pikachu, la Schtroumpfette, le <b>Roi lion<\/b>, Id\u00e9fix, Spiderman\u2026 et tant d\u2019autres.<\/p>\n<p class=\" wall-content\">Rappelons que St\u00e9phane Lecoup est <b>autodidacte<\/b> et qu\u2019il a d\u00e9j\u00e0 dessin\u00e9 \u00e0 l\u2019<b>encre de Chine<\/b> un tr\u00e8s grand nombre d\u2019\u00e9difices du <a href=\"https:\/\/actu.fr\/tag\/pays-de-bray\" target=\"_blank\" rel=\"noopener\">Pays de Bray<\/a>, de Normandie et au-del\u00e0.<\/p>\n<p class=\" wall-content\">En 2023, il a m\u00eame re\u00e7u le dipl\u00f4me de la <b>m\u00e9daille d\u2019argent de l\u2019Acad\u00e9mie des Arts-Sciences-Lettres<\/b>.<\/p>\n<p>    <img   decoding=\"async\" loading=\"lazy\" class=\"size-large\" src=\"https:\/\/www.europesays.com\/fr\/wp-content\/uploads\/2025\/12\/072be06fb34961b2be06fb3492f2bev-768x640.jpg\" alt=\"St\u00e9phane a aussi r\u00e9aliser de nombreuses d\u00e9corations sur les vitrines de Saint-Sa\u00ebns et alentour.\" width=\"768\" height=\"640\"\/><br \/>\n    St\u00e9phane a aussi r\u00e9alis\u00e9 de nombreuses d\u00e9corations sur les vitrines de Saint-Sa\u00ebns et alentour. \u00a9St\u00e9phane Lecoup<\/p>\n<p class=\" wall-content\">Enfin, ces derni\u00e8res semaines ont \u00e9t\u00e9 bien charg\u00e9es pour l\u2019agent des forces de l\u2019ordre puisque les commer\u00e7ants de Saint-Sa\u00ebns et alentour l\u2019ont \u00e9galement sollicit\u00e9 pour la d\u00e9coration de leurs vitrines. dans un tout autre style, St\u00e9phane Lecoup a souhait\u00e9 l\u00e0 aussi rendre service.<\/p>\n<p class=\" wall-content\">Personnalisez votre actualit\u00e9 en ajoutant vos villes et m\u00e9dias en favori avec <a href=\"https:\/\/moncompte.actu.fr\" title=\"D\u00e9couvez Mon Actu\" rel=\"nofollow noopener\" data-trk=\"{&quot;cta&quot;:{&quot;action&quot;:&quot;https:\\\/\\\/moncompte.actu.fr&quot;,&quot;category&quot;:&quot;mon compte&quot;,&quot;from&quot;:&quot;article footer&quot;,&quot;name&quot;:&quot;Mon actu&quot;,&quot;type&quot;:&quot;cta&quot;}}\" target=\"_blank\">Mon Actu<\/a>.<\/p>\n","protected":false},"excerpt":{"rendered":"Par S\u00e9bastien Aliome Publi\u00e9 le 23 d\u00e9c. 2025 \u00e0 17h31 Habitant pr\u00e8s de Neufch\u00e2tel-en-Bray (Seine-Maritime), St\u00e9phane Lecoup a&hellip;\n","protected":false},"author":2,"featured_media":618326,"comment_status":"","ping_status":"","sticky":false,"template":"","format":"standard","meta":{"footnotes":""},"categories":[9587],"tags":[1111,11,9682,1777,674,1011,27,12,15830,5161,10175,25,9590,104],"class_list":{"0":"post-618325","1":"post","2":"type-post","3":"status-publish","4":"format-standard","5":"has-post-thumbnail","7":"category-rouen","8":"tag-actu","9":"tag-actualites","10":"tag-chu-rouen","11":"tag-eu","12":"tag-europe","13":"tag-fr","14":"tag-france","15":"tag-news","16":"tag-noel","17":"tag-normandie","18":"tag-pays-de-bray","19":"tag-republique-francaise","20":"tag-rouen","21":"tag-societe"},"share_on_mastodon":{"url":"https:\/\/pubeurope.com\/@fr\/115770109123832081","error":""},"_links":{"self":[{"href":"https:\/\/www.europesays.com\/fr\/wp-json\/wp\/v2\/posts\/618325","targetHints":{"allow":["GET"]}}],"collection":[{"href":"https:\/\/www.europesays.com\/fr\/wp-json\/wp\/v2\/posts"}],"about":[{"href":"https:\/\/www.europesays.com\/fr\/wp-json\/wp\/v2\/types\/post"}],"author":[{"embeddable":true,"href":"https:\/\/www.europesays.com\/fr\/wp-json\/wp\/v2\/users\/2"}],"replies":[{"embeddable":true,"href":"https:\/\/www.europesays.com\/fr\/wp-json\/wp\/v2\/comments?post=618325"}],"version-history":[{"count":0,"href":"https:\/\/www.europesays.com\/fr\/wp-json\/wp\/v2\/posts\/618325\/revisions"}],"wp:featuredmedia":[{"embeddable":true,"href":"https:\/\/www.europesays.com\/fr\/wp-json\/wp\/v2\/media\/618326"}],"wp:attachment":[{"href":"https:\/\/www.europesays.com\/fr\/wp-json\/wp\/v2\/media?parent=618325"}],"wp:term":[{"taxonomy":"category","embeddable":true,"href":"https:\/\/www.europesays.com\/fr\/wp-json\/wp\/v2\/categories?post=618325"},{"taxonomy":"post_tag","embeddable":true,"href":"https:\/\/www.europesays.com\/fr\/wp-json\/wp\/v2\/tags?post=618325"}],"curies":[{"name":"wp","href":"https:\/\/api.w.org\/{rel}","templated":true}]}}