{"id":618327,"date":"2025-12-23T17:41:25","date_gmt":"2025-12-23T17:41:25","guid":{"rendered":"https:\/\/www.europesays.com\/fr\/618327\/"},"modified":"2025-12-23T17:41:25","modified_gmt":"2025-12-23T17:41:25","slug":"grenoble-djal-et-ses-personnes-toujours-plus-dingues","status":"publish","type":"post","link":"https:\/\/www.europesays.com\/fr\/618327\/","title":{"rendered":"Grenoble. D\u2019jal et ses personnes toujours plus dingues"},"content":{"rendered":"<p>Apr\u00e8s deux shows \u00e0 guichets ferm\u00e9s, plus de 200 repr\u00e9sentations et des milliers de spectateurs, D\u2019jal est de retour avec un nouveau spectacle m\u00ealant personnages toujours plus dingues et situations encore plus folles\u00a0! L\u2019occasion de s\u2019amuser tout en prenant votre dose d\u2019humour et d\u2019amour.<\/p>\n<p class=\"note\">Samedi 21\u00a0novembre \u00e0 20 heures au Summum de Grenoble. Tarif : 39\u00a0\u20ac.<\/p>\n","protected":false},"excerpt":{"rendered":"Apr\u00e8s deux shows \u00e0 guichets ferm\u00e9s, plus de 200 repr\u00e9sentations et des milliers de spectateurs, D\u2019jal est de&hellip;\n","protected":false},"author":2,"featured_media":618328,"comment_status":"","ping_status":"","sticky":false,"template":"","format":"standard","meta":{"footnotes":""},"categories":[9566],"tags":[1111,11,2430,1687,112,1777,674,1011,27,2731,2732,108,12,25,3140],"class_list":{"0":"post-618327","1":"post","2":"type-post","3":"status-publish","4":"format-standard","5":"has-post-thumbnail","7":"category-grenoble","8":"tag-actu","9":"tag-actualites","10":"tag-auvergne-rhone-alpes","11":"tag-culture-loisirs","12":"tag-edition-grenoble-agglomeration","13":"tag-eu","14":"tag-europe","15":"tag-fr","16":"tag-france","17":"tag-grenoble","18":"tag-grenoble-bassin","19":"tag-isere","20":"tag-news","21":"tag-republique-francaise","22":"tag-spectacle"},"share_on_mastodon":{"url":"https:\/\/pubeurope.com\/@fr\/115770116274496037","error":""},"_links":{"self":[{"href":"https:\/\/www.europesays.com\/fr\/wp-json\/wp\/v2\/posts\/618327","targetHints":{"allow":["GET"]}}],"collection":[{"href":"https:\/\/www.europesays.com\/fr\/wp-json\/wp\/v2\/posts"}],"about":[{"href":"https:\/\/www.europesays.com\/fr\/wp-json\/wp\/v2\/types\/post"}],"author":[{"embeddable":true,"href":"https:\/\/www.europesays.com\/fr\/wp-json\/wp\/v2\/users\/2"}],"replies":[{"embeddable":true,"href":"https:\/\/www.europesays.com\/fr\/wp-json\/wp\/v2\/comments?post=618327"}],"version-history":[{"count":0,"href":"https:\/\/www.europesays.com\/fr\/wp-json\/wp\/v2\/posts\/618327\/revisions"}],"wp:featuredmedia":[{"embeddable":true,"href":"https:\/\/www.europesays.com\/fr\/wp-json\/wp\/v2\/media\/618328"}],"wp:attachment":[{"href":"https:\/\/www.europesays.com\/fr\/wp-json\/wp\/v2\/media?parent=618327"}],"wp:term":[{"taxonomy":"category","embeddable":true,"href":"https:\/\/www.europesays.com\/fr\/wp-json\/wp\/v2\/categories?post=618327"},{"taxonomy":"post_tag","embeddable":true,"href":"https:\/\/www.europesays.com\/fr\/wp-json\/wp\/v2\/tags?post=618327"}],"curies":[{"name":"wp","href":"https:\/\/api.w.org\/{rel}","templated":true}]}}