{"id":618329,"date":"2025-12-23T17:42:11","date_gmt":"2025-12-23T17:42:11","guid":{"rendered":"https:\/\/www.europesays.com\/fr\/618329\/"},"modified":"2025-12-23T17:42:11","modified_gmt":"2025-12-23T17:42:11","slug":"vendre-des-fruits-et-legumes-ce-nest-pas-la-meme-chose-que-de-la-decoration-pres-de-rennes-les-salaries-de-gifi-inquiets-sur-leur-avenir","status":"publish","type":"post","link":"https:\/\/www.europesays.com\/fr\/618329\/","title":{"rendered":"\u00ab\u00a0Vendre des fruits et l\u00e9gumes, ce n\u2019est pas la m\u00eame chose que de la d\u00e9coration\u00a0\u00bb\u00a0: pr\u00e8s de Rennes, les salari\u00e9s de Gifi inquiets sur leur avenir"},"content":{"rendered":"<p>\u00ab Qu\u2019allons-nous devenir ?, s\u2019interroge St\u00e9phanie*, une employ\u00e9e de Gifi \u00e0 Pac\u00e9. En cette p\u00e9riode de f\u00eates de fin d\u2019ann\u00e9e, l\u2019incertitude p\u00e8se davantage. Au lieu de nous r\u00e9jouir de f\u00eater No\u00ebl avec notre famille, on se demande de quoi l\u2019ann\u00e9e prochaine sera faite. Aurons-nous toujours un salaire ? Serons-nous heureux dans notre nouvel emploi ? \u00bb<\/p>\n<p>Au magasin Gifi de Pac\u00e9, l\u2019inqui\u00e9tude p\u00e8se. Il y a deux semaines, les cinq salari\u00e9s ont appris que leur magasin \u00e9tait un des trente-deux Gifi rachet\u00e9s par l\u2019enseigne Grand Frais. En juin 2026, il passera sous la banni\u00e8re du gestionnaire d\u2019actifs am\u00e9ricain Apollo qui rach\u00e8te Grand Frais.<\/p>\n<p>\u00ab L\u2019annonce a \u00e9t\u00e9 faite dans la presse hier, d\u00e9taille Christophe* tout en passant le balai pr\u00e8s des caisses. Nous, \u00e7a fait quinze jours que nous avons la confirmation. Il y a six mois, des gens de Grand Frais sont venus visiter, on se doutait que nous serions vendus. Ce qui les int\u00e9resse particuli\u00e8rement avec le Gifi de Pac\u00e9, c\u2019est le grand parking juste devant et la proximit\u00e9 imm\u00e9diate de la quatre voies. L\u2019acc\u00e8s est tr\u00e8s facile. En plus, Pac\u00e9 est une commune agricole. Ils vont pouvoir travailler avec des producteurs locaux. \u00bb<\/p>\n<p>3 \u00e0 3 500 embauches l\u2019an prochain<\/p>\n<p>Dans une interview sur France info, le P.-D.G de Prosol, Jean-Paul Mochet, a affirm\u00e9 hier qu\u2019il pr\u00e9voyait entre 3 000 et 3 500 embauches d\u00e8s l\u2019an prochain.<\/p>\n<p>\u00ab On a cru comprendre qu\u2019ils reprenaient le personnel de Gifi. Mais que vont-ils nous proposer comme poste ? Vendre des fruits et l\u00e9gumes, ce n\u2019est pas la m\u00eame chose que de la petite d\u00e9coration\u2026, ajoute St\u00e9phanie. Ici, plusieurs salari\u00e9s n\u2019ont pas de permis de conduire ou pas de voiture. Vont-ils nous demander d\u2019aller travailler dans d\u2019autres Grand Frais pour nous former ? Combien de temps vont durer les travaux ? Il faut r\u00e9frig\u00e9rer l\u2019ensemble du magasin, isoler davantage. Ce sont d\u2019importants travaux. Nous esp\u00e9rons que nous verrons prochainement des responsables de Grand frais qui pourront nous expliquer comment \u00e7a se profile. \u00bb<\/p>\n","protected":false},"excerpt":{"rendered":"\u00ab Qu\u2019allons-nous devenir ?, s\u2019interroge St\u00e9phanie*, une employ\u00e9e de Gifi \u00e0 Pac\u00e9. En cette p\u00e9riode de f\u00eates de&hellip;\n","protected":false},"author":2,"featured_media":618330,"comment_status":"","ping_status":"","sticky":false,"template":"","format":"standard","meta":{"footnotes":""},"categories":[2821],"tags":[1111,11,829,2033,1777,674,1011,27,848,12,50972,584,25],"class_list":{"0":"post-618329","1":"post","2":"type-post","3":"status-publish","4":"format-standard","5":"has-post-thumbnail","7":"category-rennes","8":"tag-actu","9":"tag-actualites","10":"tag-bretagne","11":"tag-commerces-a-rennes","12":"tag-eu","13":"tag-europe","14":"tag-fr","15":"tag-france","16":"tag-ille-et-vilaine","17":"tag-news","18":"tag-newsletter-la-rennes-quotidienne","19":"tag-rennes","20":"tag-republique-francaise"},"share_on_mastodon":{"url":"https:\/\/pubeurope.com\/@fr\/115770120287043411","error":""},"_links":{"self":[{"href":"https:\/\/www.europesays.com\/fr\/wp-json\/wp\/v2\/posts\/618329","targetHints":{"allow":["GET"]}}],"collection":[{"href":"https:\/\/www.europesays.com\/fr\/wp-json\/wp\/v2\/posts"}],"about":[{"href":"https:\/\/www.europesays.com\/fr\/wp-json\/wp\/v2\/types\/post"}],"author":[{"embeddable":true,"href":"https:\/\/www.europesays.com\/fr\/wp-json\/wp\/v2\/users\/2"}],"replies":[{"embeddable":true,"href":"https:\/\/www.europesays.com\/fr\/wp-json\/wp\/v2\/comments?post=618329"}],"version-history":[{"count":0,"href":"https:\/\/www.europesays.com\/fr\/wp-json\/wp\/v2\/posts\/618329\/revisions"}],"wp:featuredmedia":[{"embeddable":true,"href":"https:\/\/www.europesays.com\/fr\/wp-json\/wp\/v2\/media\/618330"}],"wp:attachment":[{"href":"https:\/\/www.europesays.com\/fr\/wp-json\/wp\/v2\/media?parent=618329"}],"wp:term":[{"taxonomy":"category","embeddable":true,"href":"https:\/\/www.europesays.com\/fr\/wp-json\/wp\/v2\/categories?post=618329"},{"taxonomy":"post_tag","embeddable":true,"href":"https:\/\/www.europesays.com\/fr\/wp-json\/wp\/v2\/tags?post=618329"}],"curies":[{"name":"wp","href":"https:\/\/api.w.org\/{rel}","templated":true}]}}