{"id":618341,"date":"2025-12-23T17:49:17","date_gmt":"2025-12-23T17:49:17","guid":{"rendered":"https:\/\/www.europesays.com\/fr\/618341\/"},"modified":"2025-12-23T17:49:17","modified_gmt":"2025-12-23T17:49:17","slug":"un-collectif-compose-a-100-de-logements-sociaux","status":"publish","type":"post","link":"https:\/\/www.europesays.com\/fr\/618341\/","title":{"rendered":"un collectif compos\u00e9 \u00e0 100 % de logements sociaux"},"content":{"rendered":"<p>                    Par<br \/>\n        <strong><br \/>\n            <a href=\"https:\/\/actu.fr\/auteur\/journaliste-sm\" title=\"Consulter tous les articles de R\u00e9daction Clisson\" target=\"_blank\" rel=\"noopener\">R\u00e9daction Clisson<\/a><br \/>\n                    <\/strong><\/p>\n<p>        Publi\u00e9 le<\/p>\n<p>            23 d\u00e9c. 2025 \u00e0 18h16        <\/p>\n<p>Ce dossier d\u2019habitat avait <b>d\u00e9marr\u00e9 par la pr\u00e9emption d\u2019un terrain <\/b>par la <b>mairie de <a href=\"https:\/\/actu.fr\/pays-de-la-loire\/basse-goulaine_44009\" target=\"_blank\" rel=\"noopener\">Basse-Goulaine<\/a><\/b> en <b>2022, <\/b>pour un <b>prix de 415\u2009000\u00a0\u20ac<\/b>, revendu ensuite \u00e0<a href=\"https:\/\/www.nantaise-habitations.fr\/\" target=\"_blank\" rel=\"noopener\"> la Nantaise d\u2019habitations<\/a>, en <b>juin\u00a02023,<\/b> au prix de <b>144\u2009000\u00a0\u20ac<\/b>. Un effort financier rendu obligatoire par<a href=\"https:\/\/www.ecologie.gouv.fr\/politiques-publiques\/loi-solidarite-renouvellement-urbain-sru\" target=\"_blank\" rel=\"noopener\"> la loi SRU<\/a> (solidarit\u00e9 renouvellement urbain) pour <b>offrir une gamme de logements sociaux<\/b> suffisants par rapport au parc existant) et conforme au r\u00e8glement de 2001,<b> \u00e0 savoir 25\u2009%<\/b>.<\/p>\n<p class=\" wall-content\">\u00c0 Basse-Goulaine, les divers programmes permettent de rattraper son retard en la mati\u00e8re\u2009:<\/p>\n<blockquote class=\"ac-article-quote wall-content\">\n<p>M\u00eame si avec 12\u2009%, la commune est encore loin du compte.<\/p>\n<p>Un \u00e9lu de la minorit\u00e9<\/p><\/blockquote>\n<p class=\" wall-content\">Un retard qui vaut chaque ann\u00e9e<b> une amende \u00e0 la commune.<\/b><\/p>\n<p>La moiti\u00e9 pour des personnes \u00e2g\u00e9es<\/p>\n<p class=\" wall-content\">C\u2019est donc un <b>b\u00e2timent de trois niveaux qui a \u00e9t\u00e9 inaugur\u00e9.<\/b><\/p>\n<p>Vid\u00e9os : en ce moment sur Actu<\/p>\n<blockquote class=\"ac-article-quote wall-content\">\n<p>On a fait en sorte que l\u2019esth\u00e9tique s\u2019int\u00e8gre bien avec le style pavillonnaire du quartier. Par exemple, dans un souci esth\u00e9tique, la toiture est en tuile.<\/p>\n<p>Le cabinet d\u2019architecture Tri\u00e8dre<\/p><\/blockquote>\n<p>Votre r\u00e9gion, votre actu !<\/p>\n<p>Recevez chaque jour les infos qui comptent pour vous.<\/p>\n<p>\t<a href=\"https:\/\/actu.fr\/newsletter\" class=\"ac-btn ac-btn--corner ac-btn--medium ac-btn--blue800\" target=\"_blank\" rel=\"noopener\">S&rsquo;incrire<\/a><\/p>\n<p class=\" wall-content\">Le b\u00e2timent comporte 13 logements, <b>quatre T3 et neuf T2<\/b>. Au rez-de-chauss\u00e9e, on retrouve le dernier T3 et le hall d\u2019entr\u00e9e et les locaux techniques. Par ailleurs,<b> chacun dispose d\u2019une cave et d\u2019une place de parking <\/b>dont une pour une personne \u00e0 mobilit\u00e9 r\u00e9duite et plusieurs \u00e9largies pour les personnes \u00e2g\u00e9es. Car <b>sept de ses logements sont r\u00e9serv\u00e9s \u00e0 des personnes en perte d\u2019autonomie li\u00e9e \u00e0 l\u2019\u00e2ge<\/b>\u2009: d\u2019ailleurs, des \u00e9quipements sp\u00e9cifiques ont \u00e9t\u00e9 install\u00e9s (60\u2009000\u00a0\u20ac), dont la porte de hall \u00e0 ouverture automatique,<b> l\u2019installation d\u2019un ascenseu<\/b>r (habituellement obligatoire au-del\u00e0 de quatre niveaux), des douches \u00e0 l\u2019italienne, des barres d\u2019appui, des volets roulants \u00e9lectriques, la hauteur des prises \u00e9lectriques et des cheminements lumineux pour \u00e9viter les chutes nocturnes.<\/p>\n<p>    <img   decoding=\"async\" loading=\"lazy\" class=\"size-large\" src=\"https:\/\/www.europesays.com\/fr\/wp-content\/uploads\/2025\/12\/fcb21e3ee329621c21e3ee329f4c21v-960x640.jpg\" alt=\"Lors de la coupure du ruban, on peut remarquer c\u00f4te \u00e0 c\u00f4te Alain Vey et Thomas Caudron\" width=\"960\" height=\"640\"\/><br \/>\n    Lors de la coupure du ruban, le maire, Alain Vey (3e \u00e0 gauche), et Thomas Caudron, directeur de la Nantaise d\u2019habitation, \u00e0 ses c\u00f4t\u00e9s. \u00a9Hebdo de S\u00e8vre et MaineUn partenariat avec la Nantaise d\u2019habitation<\/p>\n<p class=\" wall-content\">Un effort a aussi \u00e9t\u00e9 consenti en <b>mati\u00e8re d\u2019\u00e9cologie<\/b>. Huit arbres ont en effet \u00e9t\u00e9 plant\u00e9s autour du b\u00e2timent et les<b> dalles b\u00e9ton ont \u00e9t\u00e9 construites en b\u00e9ton poreux <\/b>afin de ne pas stopper les eaux d\u2019infiltration. L\u2019isolation a \u00e9t\u00e9 <b>renforc\u00e9e <\/b>et les <b>menuiseries PVC performantes <\/b>ont \u00e9t\u00e9 pr\u00e9vues pour les \u00e9conomies d\u2019\u00e9nergie. Pr\u00e9sent, le directeur g\u00e9n\u00e9ral de la Nantaise d\u2019habitation, direct Thomas Caudron, n\u2019a pas manqu\u00e9 de rappeler <b>le partenariat de l\u2019organisme avec la commune depuis 1989<\/b>.<\/p>\n<blockquote class=\"ac-article-quote wall-content\">\n<p>Aujourd\u2019hui, nous g\u00e9rons sur la commune 215 logements familiaux, 123 collectifs et 92 individuels.<\/p>\n<\/blockquote>\n<p class=\" wall-content\">En attendant les projets \u00e0 venir\u2009:<\/p>\n<blockquote class=\"ac-article-quote wall-content\">\n<p>Il y en a cinq qui doivent sortir d\u2019ici \u00e0 2030.<\/p>\n<\/blockquote>\n<p class=\" wall-content\">Soit une centaine de logements.<\/p>\n<p class=\" wall-content\">Concernant les loyers,<b> il faut compter 411\u00a0\u20ac par mois<\/b> (financement PLAI R) et <b>457\u00a0euros<\/b> (financement PLUS) avec charges comprises pour les T2 (50\u00a0m2). Pour les T3 (70\u00a0m2), c\u2019est <b>518\u00a0\u20ac (en PLAI R) et 593\u00a0\u20ac (en PLUS).<\/b><\/p>\n<p class=\" wall-content\">Personnalisez votre actualit\u00e9 en ajoutant vos villes et m\u00e9dias en favori avec <a href=\"https:\/\/moncompte.actu.fr\" title=\"D\u00e9couvez Mon Actu\" rel=\"nofollow noopener\" data-trk=\"{&quot;cta&quot;:{&quot;action&quot;:&quot;https:\\\/\\\/moncompte.actu.fr&quot;,&quot;category&quot;:&quot;mon compte&quot;,&quot;from&quot;:&quot;article footer&quot;,&quot;name&quot;:&quot;Mon actu&quot;,&quot;type&quot;:&quot;cta&quot;}}\" target=\"_blank\">Mon Actu<\/a>.<\/p>\n","protected":false},"excerpt":{"rendered":"Par R\u00e9daction Clisson Publi\u00e9 le 23 d\u00e9c. 2025 \u00e0 18h16 Ce dossier d\u2019habitat avait d\u00e9marr\u00e9 par la pr\u00e9emption&hellip;\n","protected":false},"author":2,"featured_media":618342,"comment_status":"","ping_status":"","sticky":false,"template":"","format":"standard","meta":{"footnotes":""},"categories":[2818],"tags":[1111,11,1777,674,1011,27,6459,766,12,2636,25,104,2900],"class_list":{"0":"post-618341","1":"post","2":"type-post","3":"status-publish","4":"format-standard","5":"has-post-thumbnail","7":"category-nantes","8":"tag-actu","9":"tag-actualites","10":"tag-eu","11":"tag-europe","12":"tag-fr","13":"tag-france","14":"tag-logements-sociaux","15":"tag-nantes","16":"tag-news","17":"tag-pays-de-la-loire","18":"tag-republique-francaise","19":"tag-societe","20":"tag-vignoble-nantais"},"share_on_mastodon":{"url":"https:\/\/pubeurope.com\/@fr\/115770148630103545","error":""},"_links":{"self":[{"href":"https:\/\/www.europesays.com\/fr\/wp-json\/wp\/v2\/posts\/618341","targetHints":{"allow":["GET"]}}],"collection":[{"href":"https:\/\/www.europesays.com\/fr\/wp-json\/wp\/v2\/posts"}],"about":[{"href":"https:\/\/www.europesays.com\/fr\/wp-json\/wp\/v2\/types\/post"}],"author":[{"embeddable":true,"href":"https:\/\/www.europesays.com\/fr\/wp-json\/wp\/v2\/users\/2"}],"replies":[{"embeddable":true,"href":"https:\/\/www.europesays.com\/fr\/wp-json\/wp\/v2\/comments?post=618341"}],"version-history":[{"count":0,"href":"https:\/\/www.europesays.com\/fr\/wp-json\/wp\/v2\/posts\/618341\/revisions"}],"wp:featuredmedia":[{"embeddable":true,"href":"https:\/\/www.europesays.com\/fr\/wp-json\/wp\/v2\/media\/618342"}],"wp:attachment":[{"href":"https:\/\/www.europesays.com\/fr\/wp-json\/wp\/v2\/media?parent=618341"}],"wp:term":[{"taxonomy":"category","embeddable":true,"href":"https:\/\/www.europesays.com\/fr\/wp-json\/wp\/v2\/categories?post=618341"},{"taxonomy":"post_tag","embeddable":true,"href":"https:\/\/www.europesays.com\/fr\/wp-json\/wp\/v2\/tags?post=618341"}],"curies":[{"name":"wp","href":"https:\/\/api.w.org\/{rel}","templated":true}]}}