{"id":618349,"date":"2025-12-23T17:54:14","date_gmt":"2025-12-23T17:54:14","guid":{"rendered":"https:\/\/www.europesays.com\/fr\/618349\/"},"modified":"2025-12-23T17:54:14","modified_gmt":"2025-12-23T17:54:14","slug":"agression-dune-religieuse-par-un-adolescent-un-pardon-inattendu-apres-le-vol-dun-sac-a-main","status":"publish","type":"post","link":"https:\/\/www.europesays.com\/fr\/618349\/","title":{"rendered":"Agression d\u2019une religieuse par un adolescent\u00a0: un pardon inattendu apr\u00e8s le vol d\u2019un sac \u00e0 main"},"content":{"rendered":"<p>\n                                                                    l&rsquo;essentiel<br \/>\n                                                                Un adolescent a arrach\u00e9 le sac \u00e0 main d\u2019une dame lundi apr\u00e8s-midi, \u00e0 Toulouse. Le voleur a vite \u00e9t\u00e9 interpell\u00e9. La victime, une religieuse, n\u2019a pas voulu d\u00e9poser plainte.\n                            <\/p>\n<p>Une fois relev\u00e9e avec l\u2019aide de t\u00e9moins, une religieuse membre d\u2019un couvent Sainte-Catherine-de-Sienne de Blagnac a repris son chemin lundi apr\u00e8s-midi, dans le quartier de la Grande Rue Saint-Michel, \u00e0 Toulouse. La s\u0153ur venait d\u2019\u00eatre agress\u00e9e par un adolescent, rue Sainte-Catherine. Arriv\u00e9 par-derri\u00e8re, le suspect s\u2019est accroch\u00e9 au sac de la religieuse pour le lui arracher.<\/p>\n<p>La s\u0153ur a chut\u00e9 au sol, se blessant au genou. Plusieurs t\u00e9moins l\u2019ont aid\u00e9e \u00e0 se relever pendant que l\u2019alerte, diffus\u00e9e rapidement, a permis \u00e0 une \u00e9quipe de la police municipale pr\u00e9sente dans le quartier d\u2019interpeller l\u2019adolescent \u00e0 proximit\u00e9.<\/p>\n<p>\u00ab\u00a0Je lui pardonne\u2026\u00a0\u00bb<\/p>\n<p>Ce gar\u00e7on de 14 ans, d\u00e9j\u00e0 plac\u00e9 dans un foyer pour des ant\u00e9c\u00e9dents agit\u00e9s, a \u00e9t\u00e9 confi\u00e9 aux enqu\u00eateurs du groupe d\u2019appui judiciaire de la Rive droite. Il a \u00e9t\u00e9 entendu. En revanche, la victime n\u2019a pas attendu l\u2019arriv\u00e9e de la police lundi. \u00ab\u00a0Elle a expliqu\u00e9 aux t\u00e9moins qu\u2019elle pardonnait au jeune voleur et elle a repris son chemin\u00a0\u00bb, confie une source proche du dossier.<\/p>\n<p class=\"std-elt__inline\">\n        <strong>\u00c0 lire aussi :<\/strong><br \/>\n        <a href=\"https:\/\/www.ladepeche.fr\/2025\/12\/05\/une-femme-setait-fait-arracher-son-sac-un-suspect-arrete-condamne-et-incarcere-13093138.php\" target=\"_blank\" rel=\"noopener\">Une femme s\u2019\u00e9tait fait arracher son sac, un suspect arr\u00eat\u00e9, condamn\u00e9 et incarc\u00e9r\u00e9<\/a>\n    <\/p>\n<p>Les policiers devaient prendre contact avec sa congr\u00e9gation pour savoir si cette religieuse voulait, finalement, d\u00e9poser plainte. Le jeune suspect a, de son c\u00f4t\u00e9, \u00e9t\u00e9 confi\u00e9 \u00e0 ses \u00e9ducateurs.<\/p>\n","protected":false},"excerpt":{"rendered":"l&rsquo;essentiel Un adolescent a arrach\u00e9 le sac \u00e0 main d\u2019une dame lundi apr\u00e8s-midi, \u00e0 Toulouse. Le voleur a&hellip;\n","protected":false},"author":2,"featured_media":618350,"comment_status":"","ping_status":"","sticky":false,"template":"","format":"standard","meta":{"footnotes":""},"categories":[2816],"tags":[1111,11,1777,674,118,1011,27,2722,12,2680,25,2312],"class_list":{"0":"post-618349","1":"post","2":"type-post","3":"status-publish","4":"format-standard","5":"has-post-thumbnail","7":"category-toulouse","8":"tag-actu","9":"tag-actualites","10":"tag-eu","11":"tag-europe","12":"tag-faits-divers","13":"tag-fr","14":"tag-france","15":"tag-haute-garonne","16":"tag-news","17":"tag-occitanie","18":"tag-republique-francaise","19":"tag-toulouse"},"share_on_mastodon":{"url":"https:\/\/pubeurope.com\/@fr\/115770167415405560","error":""},"_links":{"self":[{"href":"https:\/\/www.europesays.com\/fr\/wp-json\/wp\/v2\/posts\/618349","targetHints":{"allow":["GET"]}}],"collection":[{"href":"https:\/\/www.europesays.com\/fr\/wp-json\/wp\/v2\/posts"}],"about":[{"href":"https:\/\/www.europesays.com\/fr\/wp-json\/wp\/v2\/types\/post"}],"author":[{"embeddable":true,"href":"https:\/\/www.europesays.com\/fr\/wp-json\/wp\/v2\/users\/2"}],"replies":[{"embeddable":true,"href":"https:\/\/www.europesays.com\/fr\/wp-json\/wp\/v2\/comments?post=618349"}],"version-history":[{"count":0,"href":"https:\/\/www.europesays.com\/fr\/wp-json\/wp\/v2\/posts\/618349\/revisions"}],"wp:featuredmedia":[{"embeddable":true,"href":"https:\/\/www.europesays.com\/fr\/wp-json\/wp\/v2\/media\/618350"}],"wp:attachment":[{"href":"https:\/\/www.europesays.com\/fr\/wp-json\/wp\/v2\/media?parent=618349"}],"wp:term":[{"taxonomy":"category","embeddable":true,"href":"https:\/\/www.europesays.com\/fr\/wp-json\/wp\/v2\/categories?post=618349"},{"taxonomy":"post_tag","embeddable":true,"href":"https:\/\/www.europesays.com\/fr\/wp-json\/wp\/v2\/tags?post=618349"}],"curies":[{"name":"wp","href":"https:\/\/api.w.org\/{rel}","templated":true}]}}