{"id":618357,"date":"2025-12-23T17:58:12","date_gmt":"2025-12-23T17:58:12","guid":{"rendered":"https:\/\/www.europesays.com\/fr\/618357\/"},"modified":"2025-12-23T17:58:12","modified_gmt":"2025-12-23T17:58:12","slug":"pas-de-flocons-ce-mardi-apres-midi-a-marseille","status":"publish","type":"post","link":"https:\/\/www.europesays.com\/fr\/618357\/","title":{"rendered":"pas de flocons ce mardi apr\u00e8s-midi \u00e0 Marseille"},"content":{"rendered":"<p>Certains Marseillais ont pu croire, le temps de quelques instants <a href=\"https:\/\/www.laprovence.com\/\" target=\"_blank\" rel=\"noopener\">peu apr\u00e8s 15h30 ce mardi 23 d\u00e9cembre<\/a>, que la neige allait se m\u00ealer \u00e0 la partie pour les f\u00eates de No\u00ebl. Dans la rue et \u00e0 travers les fen\u00eatres, \u00e0 proximit\u00e9 du Vieux-Port de Marseille, de grosses gouttes d&rsquo;apparence blanches ont fait leur apparition dans cette journ\u00e9e pluvieuse. Des flocons ?<\/p>\n<p>Impossible \u00e0 cette temp\u00e9rature : les thermom\u00e8tres affichent 13 \u00e0 14\u00b0C dans le centre-ville de Marseille. Contact\u00e9, M\u00e9t\u00e9o-France antenne d&rsquo;Aix indique que ce mardi apr\u00e8s-midi \u00ab\u00a0une grosse cellule pluvieuse\u00a0\u00bb est localis\u00e9e au dessus du Vieux-Port. D&rsquo;o\u00f9 ces grosses gouttes d&rsquo;eau. <a href=\"https:\/\/www.laprovence.com\/article\/region\/17238406100029\/meteo-de-noel-y-aura-t-il-du-soleil-cette-semaine-en-provence\" target=\"_blank\" rel=\"noopener\">Les \u00e9pisodes pluvieux<\/a>, pas en continus depuis ce mardi matin, vont se poursuivre \u00e9pisodiquement pour le reste de la journ\u00e9e.<\/p>\n","protected":false},"excerpt":{"rendered":"Certains Marseillais ont pu croire, le temps de quelques instants peu apr\u00e8s 15h30 ce mardi 23 d\u00e9cembre, que&hellip;\n","protected":false},"author":2,"featured_media":618358,"comment_status":"","ping_status":"","sticky":false,"template":"","format":"standard","meta":{"footnotes":""},"categories":[2814],"tags":[17,1111,11,10979,436,1777,674,1011,27,19675,884,12,5261,72843,882,25,3356,96,1179],"class_list":{"0":"post-618357","1":"post","2":"type-post","3":"status-publish","4":"format-standard","5":"has-post-thumbnail","7":"category-marseille","8":"tag-17","9":"tag-actu","10":"tag-actualites","11":"tag-cellule","12":"tag-environnement","13":"tag-eu","14":"tag-europe","15":"tag-fr","16":"tag-france","17":"tag-grosse","18":"tag-marseille","19":"tag-news","20":"tag-pas","21":"tag-pluvieuse","22":"tag-provence-alpes-cote-dazur","23":"tag-republique-francaise","24":"tag-sur","25":"tag-une","26":"tag-vieux-port"},"share_on_mastodon":{"url":"https:\/\/pubeurope.com\/@fr\/115770183186602700","error":""},"_links":{"self":[{"href":"https:\/\/www.europesays.com\/fr\/wp-json\/wp\/v2\/posts\/618357","targetHints":{"allow":["GET"]}}],"collection":[{"href":"https:\/\/www.europesays.com\/fr\/wp-json\/wp\/v2\/posts"}],"about":[{"href":"https:\/\/www.europesays.com\/fr\/wp-json\/wp\/v2\/types\/post"}],"author":[{"embeddable":true,"href":"https:\/\/www.europesays.com\/fr\/wp-json\/wp\/v2\/users\/2"}],"replies":[{"embeddable":true,"href":"https:\/\/www.europesays.com\/fr\/wp-json\/wp\/v2\/comments?post=618357"}],"version-history":[{"count":0,"href":"https:\/\/www.europesays.com\/fr\/wp-json\/wp\/v2\/posts\/618357\/revisions"}],"wp:featuredmedia":[{"embeddable":true,"href":"https:\/\/www.europesays.com\/fr\/wp-json\/wp\/v2\/media\/618358"}],"wp:attachment":[{"href":"https:\/\/www.europesays.com\/fr\/wp-json\/wp\/v2\/media?parent=618357"}],"wp:term":[{"taxonomy":"category","embeddable":true,"href":"https:\/\/www.europesays.com\/fr\/wp-json\/wp\/v2\/categories?post=618357"},{"taxonomy":"post_tag","embeddable":true,"href":"https:\/\/www.europesays.com\/fr\/wp-json\/wp\/v2\/tags?post=618357"}],"curies":[{"name":"wp","href":"https:\/\/api.w.org\/{rel}","templated":true}]}}