{"id":618359,"date":"2025-12-23T17:59:13","date_gmt":"2025-12-23T17:59:13","guid":{"rendered":"https:\/\/www.europesays.com\/fr\/618359\/"},"modified":"2025-12-23T17:59:13","modified_gmt":"2025-12-23T17:59:13","slug":"marseille-la-chanteuse-santa-en-concert-en-mars","status":"publish","type":"post","link":"https:\/\/www.europesays.com\/fr\/618359\/","title":{"rendered":"Marseille. La chanteuse Santa en concert en mars"},"content":{"rendered":"<p>Plut\u00f4t foie gras ou Popcorn sal\u00e9 \u00a0? Si vous \u00eates en retard dans les cadeaux, vous pouvez allier Santa Claus\u2026 et Santa, la chanteuse du groupe Hyphen hyphen qui m\u00e8ne d\u00e9sormais une carri\u00e8re solo remplie de succ\u00e8s. Elle m\u00e8ne une tourn\u00e9e des Z\u00e9nith.<\/p>\n<p class=\"note\"> \u25b6 \u2002 Le 13\u00a0mars, \u00e0 20\u00a0h, \u00e0 Grenoble (palais des sports, de 40 \u00e0 37\u00a0\u20ac)\u00a0; \u25b6 \u2002 le 31\u00a0mars \u00e0 20\u00a0h \u00e0 Marseille (Le D\u00f4me, de 30 \u00e0 35\u00a0\u20ac). <\/p>\n","protected":false},"excerpt":{"rendered":"Plut\u00f4t foie gras ou Popcorn sal\u00e9 \u00a0? Si vous \u00eates en retard dans les cadeaux, vous pouvez allier&hellip;\n","protected":false},"author":2,"featured_media":618360,"comment_status":"","ping_status":"","sticky":false,"template":"","format":"standard","meta":{"footnotes":""},"categories":[2814],"tags":[1111,11,1687,4521,1777,674,1011,27,1085,16204,884,873,12,882,25],"class_list":{"0":"post-618359","1":"post","2":"type-post","3":"status-publish","4":"format-standard","5":"has-post-thumbnail","7":"category-marseille","8":"tag-actu","9":"tag-actualites","10":"tag-culture-loisirs","11":"tag-edition-hautes-alpes-alpes-de-haute-provence","12":"tag-eu","13":"tag-europe","14":"tag-fr","15":"tag-france","16":"tag-gap","17":"tag-gap-bassin","18":"tag-marseille","19":"tag-musique","20":"tag-news","21":"tag-provence-alpes-cote-dazur","22":"tag-republique-francaise"},"share_on_mastodon":{"url":"https:\/\/pubeurope.com\/@fr\/115770187129885573","error":""},"_links":{"self":[{"href":"https:\/\/www.europesays.com\/fr\/wp-json\/wp\/v2\/posts\/618359","targetHints":{"allow":["GET"]}}],"collection":[{"href":"https:\/\/www.europesays.com\/fr\/wp-json\/wp\/v2\/posts"}],"about":[{"href":"https:\/\/www.europesays.com\/fr\/wp-json\/wp\/v2\/types\/post"}],"author":[{"embeddable":true,"href":"https:\/\/www.europesays.com\/fr\/wp-json\/wp\/v2\/users\/2"}],"replies":[{"embeddable":true,"href":"https:\/\/www.europesays.com\/fr\/wp-json\/wp\/v2\/comments?post=618359"}],"version-history":[{"count":0,"href":"https:\/\/www.europesays.com\/fr\/wp-json\/wp\/v2\/posts\/618359\/revisions"}],"wp:featuredmedia":[{"embeddable":true,"href":"https:\/\/www.europesays.com\/fr\/wp-json\/wp\/v2\/media\/618360"}],"wp:attachment":[{"href":"https:\/\/www.europesays.com\/fr\/wp-json\/wp\/v2\/media?parent=618359"}],"wp:term":[{"taxonomy":"category","embeddable":true,"href":"https:\/\/www.europesays.com\/fr\/wp-json\/wp\/v2\/categories?post=618359"},{"taxonomy":"post_tag","embeddable":true,"href":"https:\/\/www.europesays.com\/fr\/wp-json\/wp\/v2\/tags?post=618359"}],"curies":[{"name":"wp","href":"https:\/\/api.w.org\/{rel}","templated":true}]}}