{"id":618363,"date":"2025-12-23T18:02:18","date_gmt":"2025-12-23T18:02:18","guid":{"rendered":"https:\/\/www.europesays.com\/fr\/618363\/"},"modified":"2025-12-23T18:02:18","modified_gmt":"2025-12-23T18:02:18","slug":"metropole-de-lyon-le-metro-lyonnais-circulera-toute-la-nuit-pour-la-saint-sylvestre","status":"publish","type":"post","link":"https:\/\/www.europesays.com\/fr\/618363\/","title":{"rendered":"M\u00e9tropole de Lyon. Le m\u00e9tro lyonnais circulera toute la nuit pour la Saint-Sylvestre"},"content":{"rendered":"<p>Bonne nouvelle pour les f\u00eatards du nouvel an. Les quatre lignes de m\u00e9tro A, B, C et D circuleront toute la nuit, avec des fr\u00e9quences adapt\u00e9es. Cette ann\u00e9e, en plus de la ligne F1, le funiculaire F2 circulera jusqu\u2019\u00e0 5h du matin, avec une interruption ponctuelle n\u00e9cessaire \u00e0 la maintenance quotidienne (de 4h \u00e0 5h pour le F1 et de 5h \u00e0 6h pour le F2).<\/p>\n<p>Ce dispositif avait d\u00e9j\u00e0 \u00e9t\u00e9 mis en place <a href=\"https:\/\/www.leprogres.fr\/transport\/2024\/12\/27\/lyon-les-metros-circuleront-toute-la-nuit-du-nouvel-an\" target=\"_blank\" rel=\"noopener\">les ann\u00e9es pr\u00e9c\u00e9dentes<\/a>.\u00a0Les lignes nocturnes Pleine Lune seront \u00e9galement mobilis\u00e9es pour la nuit du r\u00e9veillon et circuleront toutes les 35 minutes entre 00h45 et 5h.<\/p>\n<p>  Quatre parcs relais ouverts en continu<\/p>\n<p>Par ailleurs, les \u00e9quipes de s\u00e9curit\u00e9 seront mobilis\u00e9es pour assurer une surveillance tout au long de la nuit.<\/p>\n<p>Pour faciliter l\u2019acc\u00e8s au r\u00e9seau, plusieurs Parcs Relais TCL resteront ouverts en continu pendant la nuit de la Saint-Sylvestre\u00a0: Vaulx-en-Velin La Soie, Mermoz Pinel, Vaise 1 et Saint-Genis-Laval H\u00f4pital Lyon Sud.\u00a0Les autres Parcs Relais fermeront aux horaires habituels.<\/p>\n","protected":false},"excerpt":{"rendered":"Bonne nouvelle pour les f\u00eatards du nouvel an. Les quatre lignes de m\u00e9tro A, B, C et D&hellip;\n","protected":false},"author":2,"featured_media":618364,"comment_status":"","ping_status":"","sticky":false,"template":"","format":"standard","meta":{"footnotes":""},"categories":[1889],"tags":[1111,11,2430,3152,2757,3153,3154,1777,674,1011,27,2428,2756,2800,12,25,2429,2803],"class_list":{"0":"post-618363","1":"post","2":"type-post","3":"status-publish","4":"format-standard","5":"has-post-thumbnail","7":"category-lyon","8":"tag-actu","9":"tag-actualites","10":"tag-auvergne-rhone-alpes","11":"tag-edition-est-lyonnais","12":"tag-edition-lyon-villeurbanne","13":"tag-edition-ouest-lyonnais","14":"tag-edition-sud-lyonnais","15":"tag-eu","16":"tag-europe","17":"tag-fr","18":"tag-france","19":"tag-lyon","20":"tag-lyon-bassin","21":"tag-metropole","22":"tag-news","23":"tag-republique-francaise","24":"tag-rhone","25":"tag-transport"},"share_on_mastodon":{"url":"https:\/\/pubeurope.com\/@fr\/115770198811720492","error":""},"_links":{"self":[{"href":"https:\/\/www.europesays.com\/fr\/wp-json\/wp\/v2\/posts\/618363","targetHints":{"allow":["GET"]}}],"collection":[{"href":"https:\/\/www.europesays.com\/fr\/wp-json\/wp\/v2\/posts"}],"about":[{"href":"https:\/\/www.europesays.com\/fr\/wp-json\/wp\/v2\/types\/post"}],"author":[{"embeddable":true,"href":"https:\/\/www.europesays.com\/fr\/wp-json\/wp\/v2\/users\/2"}],"replies":[{"embeddable":true,"href":"https:\/\/www.europesays.com\/fr\/wp-json\/wp\/v2\/comments?post=618363"}],"version-history":[{"count":0,"href":"https:\/\/www.europesays.com\/fr\/wp-json\/wp\/v2\/posts\/618363\/revisions"}],"wp:featuredmedia":[{"embeddable":true,"href":"https:\/\/www.europesays.com\/fr\/wp-json\/wp\/v2\/media\/618364"}],"wp:attachment":[{"href":"https:\/\/www.europesays.com\/fr\/wp-json\/wp\/v2\/media?parent=618363"}],"wp:term":[{"taxonomy":"category","embeddable":true,"href":"https:\/\/www.europesays.com\/fr\/wp-json\/wp\/v2\/categories?post=618363"},{"taxonomy":"post_tag","embeddable":true,"href":"https:\/\/www.europesays.com\/fr\/wp-json\/wp\/v2\/tags?post=618363"}],"curies":[{"name":"wp","href":"https:\/\/api.w.org\/{rel}","templated":true}]}}