{"id":618365,"date":"2025-12-23T18:04:11","date_gmt":"2025-12-23T18:04:11","guid":{"rendered":"https:\/\/www.europesays.com\/fr\/618365\/"},"modified":"2025-12-23T18:04:11","modified_gmt":"2025-12-23T18:04:11","slug":"ou-se-situent-les-14-premieres-maisons-france-sante-et-comment-fonctionnent-elles","status":"publish","type":"post","link":"https:\/\/www.europesays.com\/fr\/618365\/","title":{"rendered":"o\u00f9 se situent les 14 premi\u00e8res maisons France Sant\u00e9 et comment fonctionnent-elles\u00a0?"},"content":{"rendered":"<p>                    Par<br \/>\n        <strong><br \/>\n            <a href=\"https:\/\/actu.fr\/auteur\/geoffrey-faucheux\" title=\"Consulter tous les articles de Geoffrey Faucheux\" target=\"_blank\" rel=\"noopener\">Geoffrey Faucheux<\/a><br \/>\n                    <\/strong><\/p>\n<p>        Publi\u00e9 le<\/p>\n<p>            23 d\u00e9c. 2025 \u00e0 19h00        <\/p>\n<p>Jeudi 18 d\u00e9cembre 2025, la sous-pr\u00e9fecture de <a href=\"https:\/\/actu.fr\/ile-de-france\/fontainebleau_77186\" target=\"_blank\" rel=\"noopener\">Fontainebleau<\/a> accueillait un moment important pour l\u2019avenir de la sant\u00e9 en Seine-et-Marne : l\u2019annonce des <b>14 premi\u00e8res maisons France <\/b><a href=\"https:\/\/actu.fr\/tag\/sante\" target=\"_blank\" rel=\"noopener\">Sant\u00e9<\/a> du d\u00e9partement (120 en \u00cele-de-France), un <b>nouveau r\u00e9seau<\/b> pr\u00e9sent\u00e9 par le gouvernement en septembre.<\/p>\n<p class=\" wall-content\">Pour l\u2019occasion, les trois partenaires majeurs de ce dispositif, \u00e0 savoir <b>l\u2019\u00c9tat,<\/b> le <b>D\u00e9partement<\/b> et <b>l\u2019ARS (Agence r\u00e9gionale de sant\u00e9)<\/b>, s\u2019\u00e9taient r\u00e9unis pour signer la lettre de reconnaissance de la labellisation. Objectif : <b>renforcer la pr\u00e9sence de soins <\/b>accessibles sur l\u2019ensemble du territoire.<\/p>\n<p>\u00ab\u00a0Fl\u00e9cher une offre de premier recours\u00a0\u00bb<\/p>\n<p class=\" wall-content\">Bas\u00e9es sur le principe <a href=\"https:\/\/www.pour-les-personnes-agees.gouv.fr\/annuaire-france-services\/seine-et-marne-77\" target=\"_blank\" rel=\"noopener\">des maisons France Services<\/a>, lanc\u00e9es en 2019 et dont le but est de garantir \u00e0 chaque usager, \u00e0 moins de 20\u00a0minutes de l\u2019endroit o\u00f9 il vit, un acc\u00e8s aux services publics, les maisons France Sant\u00e9 doivent r\u00e9pondre \u00e0 <b>cinq crit\u00e8res principaux <\/b>pour obtenir leur labellisation : <b>la pr\u00e9sence d\u2019un m\u00e9decin g\u00e9n\u00e9raliste<\/b> (avec patient\u00e8le de m\u00e9decin traitant), <b>la pr\u00e9sence d\u2019un infirmier<\/b> (soit dans la structure ou \u00e0 proximit\u00e9 imm\u00e9diate), <b>l\u2019ouverture au public au moins cinq jours<\/b> par semaine, <b>l\u2019application des tarifs opposables<\/b> (sans d\u00e9passement d\u2019honoraires) et<b> la capacit\u00e9 de proposer un rendez-vous sous 48 h<\/b> (en cas de n\u00e9cessit\u00e9 m\u00e9dicale).<\/p>\n<p class=\" wall-content\">\u00ab Ce r\u00e9seau vient renforcer l\u2019arsenal d\u00e9j\u00e0 d\u00e9ploy\u00e9 par l\u2019ARS pour renforcer l\u2019acc\u00e8s aux soins de proximit\u00e9, \u00e0 savoir les aides \u00e0 l\u2019installation, le zonage m\u00e9decin et<b> l\u2019arriv\u00e9e prochaine des docteurs juniors<\/b> \u00bb, explique H\u00e9l\u00e8ne Marie, directrice d\u00e9partementale de l\u2019ARS \u00cele-de-France.<\/p>\n<p class=\" wall-content\">\u00ab Ce dispositif ne va pas faire sortir des m\u00e9decins de terre, mais il va fl\u00e9cher une offre de premier recours \u00bb, ajoute Fr\u00e9d\u00e9ric Valletoux, d\u00e9put\u00e9 de la 2e circonscription de Seine-et-Marne et ex-ministre de la Sant\u00e9.<\/p>\n<p>Vid\u00e9os : en ce moment sur Actu\u00ab\u00a0Permettre \u00e0 nos m\u00e9decins de porter de nouvelles initiatives\u00a0\u00bb<\/p>\n<p class=\" wall-content\">Outre la possibilit\u00e9 d\u2019apposer ce label au sein de leurs locaux, les structures labellis\u00e9es vont b\u00e9n\u00e9ficier d\u2019<b>un financement p\u00e9renne<\/b> qui pourra atteindre <b>50 000\u00a0\u20ac par an<\/b> : \u00ab Ce financement sera mobilisable pour renforcer les \u00e9quipes soignantes, am\u00e9liorer l\u2019accompagnement des patients ou moderniser les \u00e9quipements \u00bb, pr\u00e9cise H\u00e9l\u00e8ne Marie.<\/p>\n<p>Les structures labellis\u00e9es<\/p>\n<p>Toutes situ\u00e9es en zone d&rsquo;intervention prioritaire (ZIP ou ZIP +), les 14 premi\u00e8res structures labellis\u00e9es Maison France Sant\u00e9 en Seine-et-Marne sont les suivantes :<\/p>\n<p>Le centre de sant\u00e9 (CDS) de Cannes-\u00c9cluse<br \/>&#13;<br \/>\nLe centre m\u00e9dico-social (CMS) de Champagne-sur-Seine<br \/>&#13;<br \/>\nLe CDS du Ch\u00e2telet-en-Brie<br \/>&#13;<br \/>\nLe CDS de Saint-Mamm\u00e8s<br \/>&#13;<br \/>\nLe CDS de Moissy-Cramayel<br \/>&#13;<br \/>\nLe CMS de Mitry-Mory<br \/>&#13;<br \/>\nLe CDS H\u00f4pital Forcilles \u00e0 Pontault-Combault<br \/>&#13;<br \/>\nLe CMS du G\u00e2tinais \u00e0 Saint-Fargeau-Ponthierry<br \/>&#13;<br \/>\nLe CDS du Provinois \u00e0 Provins<br \/>&#13;<br \/>\nLe centre intercommunal de sant\u00e9 de Fresnes-sur-Marne<br \/>&#13;<br \/>\nLa maison de sant\u00e9 pluridisciplinaire (MSP) Bois des Granges \u00e0 Claye-Souilly)<br \/>&#13;<br \/>\nLa maison de sant\u00e9 pluriprofessionnelle universitaire de Torcy<br \/>&#13;<br \/>\nLa MSP de l&rsquo;Orvanne et du Lunain (multisites)<br \/>&#13;<br \/>\nLa future MSP d&rsquo;\u00c9merainville<\/p>\n<p>Votre r\u00e9gion, votre actu !<\/p>\n<p>Recevez chaque jour les infos qui comptent pour vous.<\/p>\n<p>\t<a href=\"https:\/\/actu.fr\/newsletter\" class=\"ac-btn ac-btn--corner ac-btn--medium ac-btn--blue800\" target=\"_blank\" rel=\"noopener\">S&rsquo;incrire<\/a><\/p>\n<p class=\" wall-content\">Pour les laur\u00e9ats, au-del\u00e0 de ce <b>coup de pouce financier<\/b>, cette labellisation est surtout une reconnaissance du travail effectu\u00e9 : \u00ab La satisfaction, c\u2019est d\u00e9j\u00e0 de r\u00e9pondre au cahier des charges de ce label. L\u2019autre avantage, c\u2019est de permettre \u00e0 nos m\u00e9decins de porter de nouvelles initiatives gr\u00e2ce au 50 000\u00a0\u20ac<b> <\/b>qui nous seront allou\u00e9s. Et puis c\u2019est surtout une reconnaissance pour l\u2019\u00e9quipe \u00bb, confie ainsi Michel Gonord, maire de Champagne-sur-Seine, commune dont le <b>centre m\u00e9dico-social a \u00e9t\u00e9 labellis\u00e9<\/b>.<\/p>\n<p class=\" wall-content\">Une opinion partag\u00e9e par Marc Van Rossem, pr\u00e9sident de l\u2019association qui pilote le<b> centre de sant\u00e9 de Cannes-\u00c9cluse<\/b>, \u00e9galement laur\u00e9at : \u00ab C\u2019est une reconnaissance de tout ce que l\u2019on a mis en place dans le domaine de l\u2019acc\u00e8s aux soins. L\u2019accompagnement financier, lui, va nous permettre d\u2019investir dans du mat\u00e9riel et apporter les am\u00e9liorations souhait\u00e9es par les m\u00e9decins \u00bb, conclut-il.<\/p>\n<p class=\" wall-content\">Personnalisez votre actualit\u00e9 en ajoutant vos villes et m\u00e9dias en favori avec <a href=\"https:\/\/moncompte.actu.fr\" title=\"D\u00e9couvez Mon Actu\" rel=\"nofollow noopener\" data-trk=\"{&quot;cta&quot;:{&quot;action&quot;:&quot;https:\\\/\\\/moncompte.actu.fr&quot;,&quot;category&quot;:&quot;mon compte&quot;,&quot;from&quot;:&quot;article footer&quot;,&quot;name&quot;:&quot;Mon actu&quot;,&quot;type&quot;:&quot;cta&quot;}}\" target=\"_blank\">Mon Actu<\/a>.<\/p>\n","protected":false},"excerpt":{"rendered":"Par Geoffrey Faucheux Publi\u00e9 le 23 d\u00e9c. 2025 \u00e0 19h00 Jeudi 18 d\u00e9cembre 2025, la sous-pr\u00e9fecture de Fontainebleau&hellip;\n","protected":false},"author":2,"featured_media":618366,"comment_status":"","ping_status":"","sticky":false,"template":"","format":"standard","meta":{"footnotes":""},"categories":[1592],"tags":[1111,11,1777,674,1011,27,662,2673,12,626,25,71,104],"class_list":{"0":"post-618365","1":"post","2":"type-post","3":"status-publish","4":"format-standard","5":"has-post-thumbnail","7":"category-ile-de-france","8":"tag-actu","9":"tag-actualites","10":"tag-eu","11":"tag-europe","12":"tag-fr","13":"tag-france","14":"tag-ile-de-france","15":"tag-medecins","16":"tag-news","17":"tag-paris","18":"tag-republique-francaise","19":"tag-sante","20":"tag-societe"},"share_on_mastodon":{"url":"https:\/\/pubeurope.com\/@fr\/115770206847417937","error":""},"_links":{"self":[{"href":"https:\/\/www.europesays.com\/fr\/wp-json\/wp\/v2\/posts\/618365","targetHints":{"allow":["GET"]}}],"collection":[{"href":"https:\/\/www.europesays.com\/fr\/wp-json\/wp\/v2\/posts"}],"about":[{"href":"https:\/\/www.europesays.com\/fr\/wp-json\/wp\/v2\/types\/post"}],"author":[{"embeddable":true,"href":"https:\/\/www.europesays.com\/fr\/wp-json\/wp\/v2\/users\/2"}],"replies":[{"embeddable":true,"href":"https:\/\/www.europesays.com\/fr\/wp-json\/wp\/v2\/comments?post=618365"}],"version-history":[{"count":0,"href":"https:\/\/www.europesays.com\/fr\/wp-json\/wp\/v2\/posts\/618365\/revisions"}],"wp:featuredmedia":[{"embeddable":true,"href":"https:\/\/www.europesays.com\/fr\/wp-json\/wp\/v2\/media\/618366"}],"wp:attachment":[{"href":"https:\/\/www.europesays.com\/fr\/wp-json\/wp\/v2\/media?parent=618365"}],"wp:term":[{"taxonomy":"category","embeddable":true,"href":"https:\/\/www.europesays.com\/fr\/wp-json\/wp\/v2\/categories?post=618365"},{"taxonomy":"post_tag","embeddable":true,"href":"https:\/\/www.europesays.com\/fr\/wp-json\/wp\/v2\/tags?post=618365"}],"curies":[{"name":"wp","href":"https:\/\/api.w.org\/{rel}","templated":true}]}}