{"id":618373,"date":"2025-12-23T18:09:17","date_gmt":"2025-12-23T18:09:17","guid":{"rendered":"https:\/\/www.europesays.com\/fr\/618373\/"},"modified":"2025-12-23T18:09:17","modified_gmt":"2025-12-23T18:09:17","slug":"aujourdhui-dans-24h-presente-par-amelie-carrouer-russie-comment-kiev-a-infiltre-une-base-russe-ultra-securisee","status":"publish","type":"post","link":"https:\/\/www.europesays.com\/fr\/618373\/","title":{"rendered":"Aujourd&rsquo;hui dans 24H pr\u00e9sent\u00e9 par Am\u00e9lie Carrou\u00ebr : Russie &#8211; Comment Kiev a infiltr\u00e9 une base russe ultra s\u00e9curis\u00e9e ?"},"content":{"rendered":"<ul class=\"jsx-862013697 ArticleChapo__List\">\n<li class=\"jsx-862013697 ArticleChapo__List_Item flex\">REPLAY 24H : Au sommaire du mardi 23 d\u00e9cembre 2025 : Russie &#8211; Comment Kiev a infiltr\u00e9 une base russe ultra s\u00e9curis\u00e9e ? Diplomatie &#8211; Trump lance des navires de guerre \u00e0 son nom. France &#8211; Argent public : la fable de la salle municipale.<\/li>\n<\/ul>\n<p data-module=\"article-paragraph\" class=\"jsx-157965717 Paragraph\"><strong>Le Club :\u00a0<\/strong><\/p>\n<p data-module=\"article-paragraph\" class=\"jsx-157965717 Paragraph\">Fran\u00e7ois Heisbourg, Conseiller \u00e0 la Fondation pour la recherche strat\u00e9gique<\/p>\n<p data-module=\"article-paragraph\" class=\"jsx-157965717 Paragraph\">Marion Van Renterghem, Grand reporter, chroniqueuse \u00e0 l&rsquo;Express\u00a0<\/p>\n<p data-module=\"article-paragraph\" class=\"jsx-157965717 Paragraph\">Daphn\u00e9 Benoit, Cheffe du p\u00f4le international de l&rsquo;AFP\u00a0<\/p>\n<p data-module=\"article-paragraph\" class=\"jsx-157965717 Paragraph\">\u00c9ric Chol, Directeur de la r\u00e9daction de l&rsquo;Express<\/p>\n<p data-module=\"article-paragraph\" class=\"jsx-157965717 Paragraph\">Fran\u00e7ois Lenglet, \u00c9ditorialiste \u00e9conomique TF1\/LCI<\/p>\n<p data-module=\"article-paragraph\" class=\"jsx-157965717 Paragraph\">L\u00e9onard Attal, Journaliste politique TF1\/LCI<\/p>\n<p data-module=\"article-paragraph\" class=\"jsx-157965717 Paragraph Paragraph__End\">Nicolas Tenzer, Sp\u00e9cialiste des questions g\u00e9ostrat\u00e9giques, enseignant \u00e0 Sciences Po, auteur du livre \u201cFin de la politique des grandes puissances\u201d (\u00e9d Observatoire)<\/p>\n<p>Quentin ROUSSEL<\/p>\n","protected":false},"excerpt":{"rendered":"REPLAY 24H : Au sommaire du mardi 23 d\u00e9cembre 2025 : Russie &#8211; Comment Kiev a infiltr\u00e9 une&hellip;\n","protected":false},"author":2,"featured_media":122385,"comment_status":"","ping_status":"","sticky":false,"template":"","format":"standard","meta":{"footnotes":""},"categories":[1591],"tags":[1111,5926,11,5925,1887,1922,14,12,1885,1886,132,801],"class_list":{"0":"post-618373","1":"post","2":"type-post","3":"status-publish","4":"format-standard","5":"has-post-thumbnail","7":"category-russie","8":"tag-actu","9":"tag-actualite-international","10":"tag-actualites","11":"tag-conflits-et-guerre","12":"tag-federation-de-russie","13":"tag-info","14":"tag-international","15":"tag-news","16":"tag-russia","17":"tag-russian-federation","18":"tag-russie","19":"tag-social"},"share_on_mastodon":{"url":"https:\/\/pubeurope.com\/@fr\/115770226444269758","error":""},"_links":{"self":[{"href":"https:\/\/www.europesays.com\/fr\/wp-json\/wp\/v2\/posts\/618373","targetHints":{"allow":["GET"]}}],"collection":[{"href":"https:\/\/www.europesays.com\/fr\/wp-json\/wp\/v2\/posts"}],"about":[{"href":"https:\/\/www.europesays.com\/fr\/wp-json\/wp\/v2\/types\/post"}],"author":[{"embeddable":true,"href":"https:\/\/www.europesays.com\/fr\/wp-json\/wp\/v2\/users\/2"}],"replies":[{"embeddable":true,"href":"https:\/\/www.europesays.com\/fr\/wp-json\/wp\/v2\/comments?post=618373"}],"version-history":[{"count":0,"href":"https:\/\/www.europesays.com\/fr\/wp-json\/wp\/v2\/posts\/618373\/revisions"}],"wp:featuredmedia":[{"embeddable":true,"href":"https:\/\/www.europesays.com\/fr\/wp-json\/wp\/v2\/media\/122385"}],"wp:attachment":[{"href":"https:\/\/www.europesays.com\/fr\/wp-json\/wp\/v2\/media?parent=618373"}],"wp:term":[{"taxonomy":"category","embeddable":true,"href":"https:\/\/www.europesays.com\/fr\/wp-json\/wp\/v2\/categories?post=618373"},{"taxonomy":"post_tag","embeddable":true,"href":"https:\/\/www.europesays.com\/fr\/wp-json\/wp\/v2\/tags?post=618373"}],"curies":[{"name":"wp","href":"https:\/\/api.w.org\/{rel}","templated":true}]}}