{"id":618376,"date":"2025-12-23T18:11:12","date_gmt":"2025-12-23T18:11:12","guid":{"rendered":"https:\/\/www.europesays.com\/fr\/618376\/"},"modified":"2025-12-23T18:11:12","modified_gmt":"2025-12-23T18:11:12","slug":"un-kenyan-condamne-a-la-perpetuite-pour-un-projet-dattentat-a-la-11-septembre","status":"publish","type":"post","link":"https:\/\/www.europesays.com\/fr\/618376\/","title":{"rendered":"un K\u00e9nyan condamn\u00e9 \u00e0 la perp\u00e9tuit\u00e9 pour un projet d&rsquo;attentat \u00ab\u00e0 la 11-septembre\u00bb"},"content":{"rendered":"<p>\n    L\u2019homme \u00e9tait \u00abun agent hautement qualifi\u00e9 des shebab qui s\u2019\u00e9tait engag\u00e9 \u00e0 reproduire les horribles attentats terroristes du 11-septembre au nom d\u2019une odieuse organisation terroriste\u00bb, a expliqu\u00e9 le procureur Jay Clayton dans un communiqu\u00e9.<\/p>\n<p class=\"fig-paragraph\">Un tribunal de New York a condamn\u00e9 \u00e0 la prison \u00e0 vie un ressortissant k\u00e9nyan pour avoir tent\u00e9 de mener \u00abune attaque terroriste \u00e0 la\u00a0<a href=\"http:\/\/www.lefigaro.fr\/faits-divers\/du-11-septembre-au-13-novembre-juliette-et-juliette-le-destin-de-deux-orphelines-une-amitie-nee-du-chagrin-20251112\" data-fig-type=\"Article\" data-gtm-custom-categorie=\"navigation\" data-gtm-custom-action=\"crossclick\" data-gtm-custom-label=\"Contextuel\" data-gtm-event=\"customEventSPE\" data-fig-domain=\"LEFIGARO\" target=\"_blank\" rel=\"noopener\">11-septembre<\/a> \u00bb aux\u00a0<a href=\"http:\/\/www.lefigaro.fr\/flash-actu\/etats-unis-en-plein-interrogatoire-un-homme-sort-une-arme-et-tente-de-tirer-sur-un-policier-20251223\" data-fig-type=\"NewsFlash\" data-gtm-custom-categorie=\"navigation\" data-gtm-custom-action=\"crossclick\" data-gtm-custom-label=\"Contextuel\" data-gtm-event=\"customEventSPE\" data-fig-domain=\"LEFIGARO\" target=\"_blank\" rel=\"noopener\">\u00c9tats-Unis<\/a>\u00a0au nom du mouvement islamiste des shebab, ont annonc\u00e9 lundi les autorit\u00e9s judiciaires am\u00e9ricaines.<\/p>\n<p class=\"fig-paragraph\">Cholo Abdi Abdallah avait \u00e9t\u00e9 reconnu coupable l&rsquo;ann\u00e9e derni\u00e8re d&rsquo;association de malfaiteurs en vue d&rsquo;assassiner des ressortissants am\u00e9ricains, de r\u00e9aliser un d\u00e9tournement d&rsquo;avion et de commettre d&rsquo;autres infractions. Ce K\u00e9nyan a \u00e9t\u00e9 \u00abcondamn\u00e9 \u00e0 la prison \u00e0 vie pour avoir conspir\u00e9 en vue de commettre un attentat terroriste \u00e0 la 11-septembre pour le compte des shebab\u00bb, a annonc\u00e9 le minist\u00e8re de la Justice dans un communiqu\u00e9.<\/p>\n<p>                                            <a class=\"fig-a11y-skip\" href=\"#fig-a11y-skip-main-inarticle\" data-module=\"a11y-skip\" data-context=\"was @visible\"><br \/>\n    Passer la publicit\u00e9<br \/>\n<\/a>            <\/p>\n<p class=\"fig-paragraph\">\u00abCholo Abdi Abdallah \u00e9tait un agent hautement qualifi\u00e9 des shebab qui s&rsquo;\u00e9tait engag\u00e9 \u00e0 reproduire les horribles attentats terroristes du 11-septembre au nom d&rsquo;une odieuse organisation terroriste\u00bb, a expliqu\u00e9 le procureur Jay Clayton dans ce communiqu\u00e9.<\/p>\n<p>                                            Arr\u00eat\u00e9 aux Philippines en juillet 2019<\/p>\n<p class=\"fig-paragraph\">Selon lui, l&rsquo;homme avait \u00abobtenu sa licence de pilote dans une \u00e9cole de pilotes aux Philippines tout en planifiant minutieusement une attaque visant \u00e0 d\u00e9tourner un avion commercial et \u00e0 le pr\u00e9cipiter sur un b\u00e2timent aux \u00c9tats-Unis\u00bb, a-t-il ajout\u00e9.<\/p>\n<p class=\"fig-paragraph\">Le 11 septembre 2001, les \u00c9tats-Unis avaient \u00e9t\u00e9 la cible de quatre attentats-suicides coordonn\u00e9s, perp\u00e9tr\u00e9s par le groupe islamiste Al-Qa\u00efda. Deux avions de ligne d\u00e9tourn\u00e9s s&rsquo;\u00e9taient notamment \u00e9cras\u00e9s contre les tours du World Trade Center \u00e0 New York. Au total, les attentats du 11-septembre ont provoqu\u00e9 la mort d&rsquo;environ 3.000 personnes.<\/p>\n<p class=\"fig-paragraph\">Cholo Abdi Abdallah a \u00e9t\u00e9 arr\u00eat\u00e9 aux Philippines en juillet 2019 et extrad\u00e9 vers les \u00c9tats-Unis. Selon l&rsquo;acte d&rsquo;accusation, il avait, pendant sa formation de pilote, men\u00e9 des recherches sur les moyens de d\u00e9tourner un avion ainsi que sur la mani\u00e8re d&rsquo;obtenir un visa am\u00e9ricain. Bas\u00e9 en Somalie, le mouvement des combattants shebab, li\u00e9 \u00e0 Al-Qa\u00efda, est class\u00e9 terroriste par les \u00c9tats-Unis.<\/p>\n","protected":false},"excerpt":{"rendered":"L\u2019homme \u00e9tait \u00abun agent hautement qualifi\u00e9 des shebab qui s\u2019\u00e9tait engag\u00e9 \u00e0 reproduire les horribles attentats terroristes du&hellip;\n","protected":false},"author":2,"featured_media":618377,"comment_status":"","ping_status":"","sticky":false,"template":"","format":"standard","meta":{"footnotes":""},"categories":[1589],"tags":[16703,11,5581,73,1866,12,1864,1865,1863,308],"class_list":{"0":"post-618376","1":"post","2":"type-post","3":"status-publish","4":"format-standard","5":"has-post-thumbnail","7":"category-etats-unis","8":"tag-11-septembre","9":"tag-actualites","10":"tag-attentat","11":"tag-etats-unis","12":"tag-etats-unis-damerique","13":"tag-news","14":"tag-united-states","15":"tag-united-states-of-america","16":"tag-us","17":"tag-usa"},"share_on_mastodon":{"url":"https:\/\/pubeurope.com\/@fr\/115770234269262063","error":""},"_links":{"self":[{"href":"https:\/\/www.europesays.com\/fr\/wp-json\/wp\/v2\/posts\/618376","targetHints":{"allow":["GET"]}}],"collection":[{"href":"https:\/\/www.europesays.com\/fr\/wp-json\/wp\/v2\/posts"}],"about":[{"href":"https:\/\/www.europesays.com\/fr\/wp-json\/wp\/v2\/types\/post"}],"author":[{"embeddable":true,"href":"https:\/\/www.europesays.com\/fr\/wp-json\/wp\/v2\/users\/2"}],"replies":[{"embeddable":true,"href":"https:\/\/www.europesays.com\/fr\/wp-json\/wp\/v2\/comments?post=618376"}],"version-history":[{"count":0,"href":"https:\/\/www.europesays.com\/fr\/wp-json\/wp\/v2\/posts\/618376\/revisions"}],"wp:featuredmedia":[{"embeddable":true,"href":"https:\/\/www.europesays.com\/fr\/wp-json\/wp\/v2\/media\/618377"}],"wp:attachment":[{"href":"https:\/\/www.europesays.com\/fr\/wp-json\/wp\/v2\/media?parent=618376"}],"wp:term":[{"taxonomy":"category","embeddable":true,"href":"https:\/\/www.europesays.com\/fr\/wp-json\/wp\/v2\/categories?post=618376"},{"taxonomy":"post_tag","embeddable":true,"href":"https:\/\/www.europesays.com\/fr\/wp-json\/wp\/v2\/tags?post=618376"}],"curies":[{"name":"wp","href":"https:\/\/api.w.org\/{rel}","templated":true}]}}