{"id":618380,"date":"2025-12-23T18:13:17","date_gmt":"2025-12-23T18:13:17","guid":{"rendered":"https:\/\/www.europesays.com\/fr\/618380\/"},"modified":"2025-12-23T18:13:17","modified_gmt":"2025-12-23T18:13:17","slug":"en-allemagne-un-sans-abri-recolte-200-euros-et-les-offre-a-une-association-de-meres-celibataires-pour-les-fetes","status":"publish","type":"post","link":"https:\/\/www.europesays.com\/fr\/618380\/","title":{"rendered":"En Allemagne, un sans-abri r\u00e9colte 200 euros et les offre \u00e0 une association de m\u00e8res c\u00e9libataires pour les f\u00eates"},"content":{"rendered":"<ul class=\"jsx-862013697 ArticleChapo__List\">\n<li class=\"jsx-862013697 ArticleChapo__List_Item flex\">Le jeudi 18 d\u00e9cembre, une association allemande venant en aide aux m\u00e8res c\u00e9libataires a re\u00e7u un don particulier.<\/li>\n<li class=\"jsx-862013697 ArticleChapo__List_Item flex\">Ce don de 200 euros a \u00e9t\u00e9 envoy\u00e9 par \u00ab\u00a0Schwalbe\u00a0\u00bb, un sans-abri de Stuttgart.<\/li>\n<li class=\"jsx-862013697 ArticleChapo__List_Item flex\">Celui-ci a r\u00e9colt\u00e9 des centaines de bouteilles consign\u00e9es pour cela.<\/li>\n<\/ul>\n<p data-module=\"article-paragraph\" class=\"jsx-157965717 Paragraph\">Il aurait r\u00e9colt\u00e9 environ 2.500 <a href=\"https:\/\/www.tf1info.fr\/environnement-ecologie\/video-ecologie-bouteilles-consignees-voici-l-un-des-lave-vaisselle-geants-ou-elles-sont-nettoyees-2318266.html\" target=\"_blank\" rel=\"noopener\">bouteilles consign\u00e9es (nouvelle fen\u00eatre)<\/a> pour r\u00e9unir son pactole, qu&rsquo;il a ensuite donn\u00e9 \u00e0 une association. \u00c0 Stuttgart (Allemagne), un \u00e9lan de g\u00e9n\u00e9rosit\u00e9 a \u00e9mu le Service social des femmes catholiques (SkF) \u00e0 quelques jours de <a href=\"https:\/\/www.tf1info.fr\/sante\/c-est-plus-frequent-qu-on-ne-le-pense-un-medecin-decrypte-le-phenomene-du-blues-de-noel-2414441.html\" target=\"_blank\" rel=\"noopener\">No\u00ebl (nouvelle fen\u00eatre)<\/a>. Le jeudi 18 d\u00e9cembre, l&rsquo;association sociale, qui aide notamment les <a href=\"https:\/\/www.tf1info.fr\/politique\/les-meres-celibataires-pourront-elles-bientot-cumuler-conge-maternite-et-paternite-2260590.html\" target=\"_blank\" rel=\"noopener\">m\u00e8res c\u00e9libataires (nouvelle fen\u00eatre)<\/a>, a annonc\u00e9 avoir re\u00e7u un don de 200 euros de la part de \u00ab\u00a0Schwalbe\u00a0\u00bb (en fran\u00e7ais, \u00ab\u00a0Hirondelle\u00a0\u00bb), un sans-abri. L&rsquo;argent, remis dans une enveloppe, \u00e9tait accompagn\u00e9 d&rsquo;un mot : \u00ab\u00a0Avec cet argent, veillez \u00e0 ce que les m\u00e8res c\u00e9libataires passent des f\u00eates un peu plus agr\u00e9ables.\u00a0\u00bb<\/p>\n<p data-module=\"article-paragraph\" class=\"jsx-157965717 Paragraph Paragraph__End\">Aupr\u00e8s du m\u00e9dia allemand <a href=\"https:\/\/www.swr.de\/swraktuell\/baden-wuerttemberg\/stuttgart\/obdachloser-spendet-selbstlos-weihnachten-alleinerziehend-100.html\" target=\"_blank\" rel=\"nofollow noopener\">SWR Aktuell (nouvelle fen\u00eatre)<\/a>, Svenja Gru\u00df, membre du conseil d&rsquo;administration de l&rsquo;association, t\u00e9moigne : \u00ab\u00a0<a href=\"https:\/\/www.tf1info.fr\/societe\/video-dons-aux-associations-quelles-regions-sont-les-moins-genereuses-de-france-2402348.html\" target=\"_blank\" rel=\"noopener\">Ce don  (nouvelle fen\u00eatre)<\/a>nous laisse sans voix et nous remplit d&rsquo;une immense gratitude.\u00a0\u00bb Elle pr\u00e9cise qu&rsquo;il a d\u00e9j\u00e0 \u00e9t\u00e9 envoy\u00e9 \u00e0 une m\u00e8re seule avec son enfant et sans <a href=\"https:\/\/www.tf1info.fr\/economie\/video-c-est-regrettable-inquietudes-face-au-coup-de-rabot-qui-se-profile-sur-les-allocations-familiales-2401631.html\" target=\"_blank\" rel=\"noopener\">allocations familiales (nouvelle fen\u00eatre)<\/a>, r\u00e9sidant \u00e0 l&rsquo;est de Stuttgart.<\/p>\n<p><a href=\"https:\/\/www.tf1info.fr\/economie\/dons-aux-associations-les-francais-moins-genereux-en-fin-d-annee-2024-2374600.html\" rel=\"noopener\" class=\"jsx-3308031228 Link flex\" target=\"_blank\"><img decoding=\"async\" src=\"https:\/\/www.europesays.com\/fr\/wp-content\/uploads\/2025\/12\/argent-billets-pieces-epargne-illus-080761-0@1x.jpeg\" alt=\"iStock\" loading=\"lazy\" importance=\"low\" fetchpriority=\"low\" class=\"\" aria-hidden=\"true\"\/><\/p>\n<p class=\"jsx-3657663356 ReadMoreArticle__Title\">Lire aussi<\/p>\n<p class=\"jsx-3657663356\">Dons aux associations : les Fran\u00e7ais moins g\u00e9n\u00e9reux en fin d&rsquo;ann\u00e9e 2024<\/p>\n<p><\/a><\/p>\n<blockquote class=\"jsx-2786790838 Quote__Text\"><p>Certains ont trop, d\u2019autres pas assez<\/p><\/blockquote>\n<p>Schwalbe, sans-abri<\/p>\n<p data-module=\"article-paragraph\" class=\"jsx-157965717 Paragraph\">Schwalbe, le <a href=\"https:\/\/www.tf1info.fr\/justice-faits-divers\/paris-trois-personnes-sans-abri-retrouvees-mortes-en-quelques-jours-plusieurs-enquetes-ouvertes-2410281.html\" target=\"_blank\" rel=\"noopener\">sans-abri <\/a>derri\u00e8re cette g\u00e9n\u00e9reuse donation, est connu par le Service social des femmes catholiques. \u00ab\u00a0Je connais personnellement Schwalbe ; quand il fait beau, il s&rsquo;assoit sur un muret dans le jardin du palais central de Stuttgart et lit des livres\u00a0\u00bb, a partag\u00e9 Svenja Gru\u00df \u00e0 SWR Aktuell. Le m\u00e9dia a retrouv\u00e9 le donateur dans les fameux jardins. Celui-ci, qui a demand\u00e9 \u00e0 rester anonyme, a expliqu\u00e9 \u00eatre croyant et avoir voulu faire une offrande \u00e0 Dieu. \u00ab\u00a0Certains ont trop, d&rsquo;autres pas assez. En r\u00e9alit\u00e9, il y en aurait assez pour tout le monde si la r\u00e9partition \u00e9tait plus \u00e9quitable\u00a0\u00bb, a-t-il estim\u00e9.<\/p>\n<p data-module=\"article-paragraph\" class=\"jsx-157965717 Paragraph Paragraph__End\">Pour sa part, Schwalbe dit n&rsquo;avoir besoin de rien \u2013 \u00ab\u00a0C&rsquo;est plus simple de voyager l\u00e9ger\u00a0\u00bb, selon lui. S&rsquo;il ne souhaite pas que son geste attire l&rsquo;attention sur lui, il incite ceux qui le peuvent \u00e0 faire des dons \u00e0 des institutions sociales, particuli\u00e8rement \u00e0 celles qui prennent en charge les m\u00e8res c\u00e9libataires.<\/p>\n<p>Lara CLERC pour TF1 Info<\/p>\n","protected":false},"excerpt":{"rendered":"Le jeudi 18 d\u00e9cembre, une association allemande venant en aide aux m\u00e8res c\u00e9libataires a re\u00e7u un don particulier.&hellip;\n","protected":false},"author":2,"featured_media":618381,"comment_status":"","ping_status":"","sticky":false,"template":"","format":"standard","meta":{"footnotes":""},"categories":[1587],"tags":[1111,11,672,1921,1804,1805,1803,1777,674,62974,1801,1922,1757,12,1802,133,5010],"class_list":{"0":"post-618380","1":"post","2":"type-post","3":"status-publish","4":"format-standard","5":"has-post-thumbnail","7":"category-allemagne","8":"tag-actu","9":"tag-actualites","10":"tag-allemagne","11":"tag-article-video","12":"tag-bundesrepublik-deutschland","13":"tag-de","14":"tag-deutschland","15":"tag-eu","16":"tag-europe","17":"tag-fetes-de-noel","18":"tag-germany","19":"tag-info","20":"tag-insolite","21":"tag-news","22":"tag-republique-federale-dallemagne","23":"tag-video","24":"tag-video-sujets-de-societe"},"share_on_mastodon":{"url":"https:\/\/pubeurope.com\/@fr\/115770243622936895","error":""},"_links":{"self":[{"href":"https:\/\/www.europesays.com\/fr\/wp-json\/wp\/v2\/posts\/618380","targetHints":{"allow":["GET"]}}],"collection":[{"href":"https:\/\/www.europesays.com\/fr\/wp-json\/wp\/v2\/posts"}],"about":[{"href":"https:\/\/www.europesays.com\/fr\/wp-json\/wp\/v2\/types\/post"}],"author":[{"embeddable":true,"href":"https:\/\/www.europesays.com\/fr\/wp-json\/wp\/v2\/users\/2"}],"replies":[{"embeddable":true,"href":"https:\/\/www.europesays.com\/fr\/wp-json\/wp\/v2\/comments?post=618380"}],"version-history":[{"count":0,"href":"https:\/\/www.europesays.com\/fr\/wp-json\/wp\/v2\/posts\/618380\/revisions"}],"wp:featuredmedia":[{"embeddable":true,"href":"https:\/\/www.europesays.com\/fr\/wp-json\/wp\/v2\/media\/618381"}],"wp:attachment":[{"href":"https:\/\/www.europesays.com\/fr\/wp-json\/wp\/v2\/media?parent=618380"}],"wp:term":[{"taxonomy":"category","embeddable":true,"href":"https:\/\/www.europesays.com\/fr\/wp-json\/wp\/v2\/categories?post=618380"},{"taxonomy":"post_tag","embeddable":true,"href":"https:\/\/www.europesays.com\/fr\/wp-json\/wp\/v2\/tags?post=618380"}],"curies":[{"name":"wp","href":"https:\/\/api.w.org\/{rel}","templated":true}]}}