{"id":618382,"date":"2025-12-23T18:14:15","date_gmt":"2025-12-23T18:14:15","guid":{"rendered":"https:\/\/www.europesays.com\/fr\/618382\/"},"modified":"2025-12-23T18:14:15","modified_gmt":"2025-12-23T18:14:15","slug":"cellules-de-prison-a-louer-au-kosovo-accents-deurope","status":"publish","type":"post","link":"https:\/\/www.europesays.com\/fr\/618382\/","title":{"rendered":"Cellules de prison \u00e0 louer au Kosovo &#8211; Accents d&rsquo;Europe"},"content":{"rendered":"<p>\n                                                Le Danemark enverra bient\u00f4t quelque 300 prisonniers, dans des cellules au Kosovo. Soit \u00e0 quelque 2\u00a0000 kilom\u00e8tres plus au sud. L\u2019accord qui a pour but de d\u00e9sengorger les prisons surpeupl\u00e9es rapportera 200 millions d\u2019euros au petit pays des Balkans, soit quatre fois le budget du minist\u00e8re de la Justice. (Rediffusion)                    <\/p>\n<p>Pour Pristina, il s\u2019agit d\u2019un juste retour des choses, car le Danemark a soutenu son ind\u00e9pendance face \u00e0 la Serbie. Mais les critiques ne manquent pas, face \u00e0 une externalisation de plus qui ne s\u2019embarrasse gu\u00e8re de consid\u00e9rations morales. Reportage \u00e0 Gjilan sign\u00e9 <strong><a target=\"_self\" href=\"https:\/\/www.rfi.fr\/fr\/auteur\/louis-seiller\/\" rel=\"noopener\">Louis Seiller<\/a>.\u00a0\u00a0<\/strong><\/p>\n<p>\u00a0<\/p>\n<p> <strong>Les jeunes Polonais r\u00e9pondent \u00e0 l&rsquo;appel de l&rsquo;arm\u00e9e<\/strong> <\/p>\n<p>Les incursions de drones\u00a0<strong><a target=\"_self\" href=\"https:\/\/www.rfi.fr\/fr\/tag\/russie\/\" rel=\"noopener\">russes<\/a><\/strong>,\u00a0mais aussi <strong><a target=\"_self\" href=\"https:\/\/www.rfi.fr\/fr\/tag\/bi\u00e9lorussie\/\" rel=\"noopener\">bi\u00e9lorusses<\/a><\/strong> sur le territoire <strong><a target=\"_self\" href=\"https:\/\/www.rfi.fr\/fr\/tag\/pologne\/\" rel=\"noopener\">polonais<\/a><\/strong>\u00a0n\u2019ont fait qu\u2019acc\u00e9l\u00e9rer\u00a0la mobilisation du pays pour sa <strong><a target=\"_self\" href=\"https:\/\/www.rfi.fr\/fr\/tag\/d\u00e9fense\/\" rel=\"noopener\">d\u00e9fense<\/a><\/strong>. La pr\u00e9sence des avions de\u00a0chasse,\u00a0britanniques, fran\u00e7ais et allemands a \u00e9t\u00e9 renforc\u00e9e sur le flanc Est de l\u2019<strong><a target=\"_self\" href=\"https:\/\/www.rfi.fr\/fr\/tag\/otan\/\" rel=\"noopener\">Otan<\/a><\/strong>. Mais ce sont aussi les simples citoyens polonais qui s\u2019engagent.<\/p>\n<p>10\u00a0000\u00a0<strong><a target=\"_self\" href=\"https:\/\/www.rfi.fr\/fr\/tag\/jeunesse\/\" rel=\"noopener\">jeunes<\/a><\/strong>\u00a0ont ainsi particip\u00e9, durant l\u2019\u00e9t\u00e9 2025, au programme \u00abVacances avec l\u2019arm\u00e9e\u00bb. Le but : former des r\u00e9servistes, mais aussi pourquoi pas de futurs militaires.\u00a0<\/p>\n<p>La troisi\u00e8me session qui a remport\u00e9 beaucoup de succ\u00e8s aupr\u00e8s des\u00a0\u00e9tudiants, s\u2019est\u00a0tenue\u00a0avant la rentr\u00e9e universitaire. <strong>Adrien Sarlat<\/strong>\u00a0est all\u00e9 suivre un des derniers entrainements dans une brigade militaire de Varsovie.<\/p>\n<p><strong>\u00a0<\/strong>\u00a0<\/p>\n<p> <strong>Fractures dans l&rsquo;Occident\u00a0<\/strong> <\/p>\n<p>La\u00a0n\u00e9cessit\u00e9 pour l\u2019Europe de prendre en main sa propre d\u00e9fense, au vu du d\u00e9sengagement <strong><a target=\"_self\" href=\"https:\/\/www.rfi.fr\/fr\/tag\/\u00e9tats-unis\/\" rel=\"noopener\">am\u00e9ricain<\/a><\/strong>, la mont\u00e9e du populisme en Europe, favoris\u00e9e \u00e0 la fois par l\u2019ing\u00e9rence russe et\u00a0am\u00e9ricaine&#8230;\u00a0bref, la remise en cause de tous les fondamentaux sur\u00a0lesquels\u00a0nos d\u00e9mocraties europ\u00e9ennes se sont construites depuis 1945.\u00a0<\/p>\n<p>C\u2019est tout l\u2019objet du livre de\u00a0<strong>Nicole Gnesotto<\/strong>\u00a0\u00abFractures dans l\u2019Occident\u00bb, aux \u00e9ditions Odile Jacob.<\/p>\n<p>\u00a0\u00a0<\/p>\n<p> <strong>La chronique musique de Vincent Th\u00e9val\u00a0<\/strong> <\/p>\n<p>Avec le chanteur gallois\u00a0<strong><a target=\"_blank\" href=\"https:\/\/www.gruffrhys.com\/\" rel=\"noopener\">Gruff\u00a0Rhys<\/a><\/strong>.\u00a0<\/p>\n","protected":false},"excerpt":{"rendered":"Le Danemark enverra bient\u00f4t quelque 300 prisonniers, dans des cellules au Kosovo. Soit \u00e0 quelque 2\u00a0000 kilom\u00e8tres plus&hellip;\n","protected":false},"author":2,"featured_media":618383,"comment_status":"","ping_status":"","sticky":false,"template":"","format":"standard","meta":{"footnotes":""},"categories":[1586],"tags":[2361,11,145,1777,674,1011,27,13306,12,25],"class_list":{"0":"post-618382","1":"post","2":"type-post","3":"status-publish","4":"format-standard","5":"has-post-thumbnail","7":"category-europe","8":"tag-accents-deurope","9":"tag-actualites","10":"tag-danemark","11":"tag-eu","12":"tag-europe","13":"tag-fr","14":"tag-france","15":"tag-kosovo","16":"tag-news","17":"tag-republique-francaise"},"share_on_mastodon":{"url":"https:\/\/pubeurope.com\/@fr\/115770246083605923","error":""},"_links":{"self":[{"href":"https:\/\/www.europesays.com\/fr\/wp-json\/wp\/v2\/posts\/618382","targetHints":{"allow":["GET"]}}],"collection":[{"href":"https:\/\/www.europesays.com\/fr\/wp-json\/wp\/v2\/posts"}],"about":[{"href":"https:\/\/www.europesays.com\/fr\/wp-json\/wp\/v2\/types\/post"}],"author":[{"embeddable":true,"href":"https:\/\/www.europesays.com\/fr\/wp-json\/wp\/v2\/users\/2"}],"replies":[{"embeddable":true,"href":"https:\/\/www.europesays.com\/fr\/wp-json\/wp\/v2\/comments?post=618382"}],"version-history":[{"count":0,"href":"https:\/\/www.europesays.com\/fr\/wp-json\/wp\/v2\/posts\/618382\/revisions"}],"wp:featuredmedia":[{"embeddable":true,"href":"https:\/\/www.europesays.com\/fr\/wp-json\/wp\/v2\/media\/618383"}],"wp:attachment":[{"href":"https:\/\/www.europesays.com\/fr\/wp-json\/wp\/v2\/media?parent=618382"}],"wp:term":[{"taxonomy":"category","embeddable":true,"href":"https:\/\/www.europesays.com\/fr\/wp-json\/wp\/v2\/categories?post=618382"},{"taxonomy":"post_tag","embeddable":true,"href":"https:\/\/www.europesays.com\/fr\/wp-json\/wp\/v2\/tags?post=618382"}],"curies":[{"name":"wp","href":"https:\/\/api.w.org\/{rel}","templated":true}]}}