{"id":618400,"date":"2025-12-23T18:29:13","date_gmt":"2025-12-23T18:29:13","guid":{"rendered":"https:\/\/www.europesays.com\/fr\/618400\/"},"modified":"2025-12-23T18:29:13","modified_gmt":"2025-12-23T18:29:13","slug":"kevin-costner-et-ses-producteurs-auraient-oublie-de-payer-la-location-des-costumes-d-horizon-2","status":"publish","type":"post","link":"https:\/\/www.europesays.com\/fr\/618400\/","title":{"rendered":"Kevin Costner et ses producteurs auraient oubli\u00e9 de payer la location des costumes d\u2019\u00ab\u00a0Horizon 2\u00a0\u00bb"},"content":{"rendered":"<p>No\u00ebl s\u2019annonce un peu perturb\u00e9 pour Kevin Costner, qui a appris qu\u2019il serait tra\u00een\u00e9 devant la Cour sup\u00e9rieure du comt\u00e9 de Los Angeles pour une lourde dette\u2026 La soci\u00e9t\u00e9 Western Costume, qui a fourni les costumes pour le second volet de la fresque historique du r\u00e9alisateur d\u2019<a href=\"https:\/\/www.20minutes.fr\/arts-stars\/cinema\/festival_de_cannes\/4098990-20240703-kevin-costner-redore-etoile-sherif-western-horizon\" rel=\"nofollow noopener\" target=\"_blank\" class=\"c-link c-link--is-underlined\">Horizon, une saga am\u00e9ricaine<\/a>, a d\u00e9pos\u00e9 une plainte contre l\u2019acteur et r\u00e9alisateur, ainsi que sa soci\u00e9t\u00e9 de production, Territory Pictures (une division de la maison de production de Kevin Costner, Treehouse Films) pour ne pas avoir r\u00e9gl\u00e9 les frais de location des costumes en temps voulu, selon la plainte relay\u00e9e par <a href=\"https:\/\/www.hollywoodreporter.com\/business\/business-news\/kevin-costner-sued-unpaid-costume-fees-horizon-1236457714\/\" rel=\"nofollow noopener\" target=\"_blank\" class=\"c-link c-link--is-underlined\">The Hollywood Reporter<\/a>.<\/p>\n<p>Et la note est sal\u00e9e\u00a0: plus de 400.000 dollars. En effet, au montant initial de la location (plus de 134.000 dollars), qui n\u2019a pas \u00e9t\u00e9 r\u00e9gl\u00e9 selon le \u00ab\u00a0prix convenu\u00a0\u00bb, les prestataires auraient ajout\u00e9 une demande de dommages-int\u00e9r\u00eats (car les costumes n\u2019auraient pas \u00e9t\u00e9 rendus intacts), des int\u00e9r\u00eats (car les costumes non rendus \u00e9taient immobilis\u00e9s) ainsi que la prise en charge de leurs frais de justice.<\/p>\n<p>Style Western<\/p>\n<p>La <a href=\"https:\/\/www.20minutes.fr\/arts-stars\/cinema\/festival_de_cannes\/4091751-20240519-festival-cannes-2024-kevin-costner-aime-france-reciproque\" rel=\"nofollow noopener\" target=\"_blank\" class=\"c-link c-link--is-underlined\">star de Danse avec les loups<\/a> a \u00e9crit, r\u00e9alis\u00e9, produit et jou\u00e9 dans les deux premiers volets de cette saga. Le projet consacr\u00e9 \u00e0 la v\u00e9ritable histoire de la conqu\u00eate de l\u2019Ouest se d\u00e9roule avant, pendant et apr\u00e8s la Guerre de S\u00e9cession, dans quatre endroits de l\u2019Ouest am\u00e9ricain. Le premier opus avait \u00e9t\u00e9 pr\u00e9sent\u00e9 au Festival de Cannes 2024, mais la r\u00e9ception au box-office am\u00e9ricain a \u00e9t\u00e9 si mauvaise que les distributeurs ont report\u00e9 sine die la sortie du deuxi\u00e8me volet.<\/p>\n<p>N\u00e9anmoins, ce Chapitre 2 a \u00e9t\u00e9 pr\u00e9sent\u00e9 au Festival international du film de Venise en septembre\u00a02024 et au Festival international du film de Santa Barbara en f\u00e9vrier. Quant au Chapitre 1, il a plut\u00f4t bien fonctionn\u00e9 sur les plateformes de streaming, aux Etats-Unis comme dans le monde. Assez pour remettre \u00e0 flot la production\u00a0? That is the question\u2026<\/p>\n<p>Probl\u00e8mes de justice<\/p>\n<p>Kevin Costner, qui a investi des millions de dollars de son propre porte-monnaie pour r\u00e9aliser sa saga Horizon et est propri\u00e9taire des droits pour, a-t-il dit, \u00ab\u00a0le restant de mes jours\u00a0\u00bb, n\u2019a pas encore comment\u00e9 cette nouvelle tuile. Car ce n\u2019est pas le premier proc\u00e8s li\u00e9 \u00e0 son projet. En effet, au mois de mai, le r\u00e9alisateur de 70 ans a \u00e9t\u00e9 tra\u00een\u00e9, en justice, \u00e0 travers sa maison de production, par la doublure et cascadeuse <a href=\"https:\/\/www.20minutes.fr\/arts-stars\/people\/4155903-20250528-kevin-costner-producteurs-horizon-poursuivis-justice-cascadeuse\" rel=\"nofollow noopener\" target=\"_blank\" class=\"c-link c-link--is-underlined\">Devyn LaBella<\/a>. La jeune femme accuse la production de harc\u00e8lement sexuel, d\u2019environnement de travail hostile et de rupture de contrat \u00e0 la suite, a-t-elle affirm\u00e9, d\u2019une sc\u00e8ne de viol qui n\u2019\u00e9tait pas dans le sc\u00e9nario, et \u00e9tait donc une violation du protocole du syndicat du cin\u00e9ma Sag-Aftra relatives aux sc\u00e8nes intimes, ainsi que celles stipul\u00e9es par son contrat.<\/p>\n<p>La com\u00e9dienne a assur\u00e9 avoir d\u00fb entamer une th\u00e9rapie en juin\u00a02023. \u00ab\u00a0Ce qui m\u2019est arriv\u00e9 a bris\u00e9 ma confiance et modifi\u00e9 \u00e0 jamais la mani\u00e8re dont j\u2019\u00e9volue dans cette industrie\u00a0\u00bb avait-elle dit \u00e0 la presse. La sc\u00e8ne \u00e9tait bien entendu simul\u00e9e, et aurait \u00e9t\u00e9 une r\u00e9p\u00e9tition. Kevin Costner a fermement d\u00e9menti ces all\u00e9gations et demand\u00e9 le rejet de la plainte, ce que le tribunal n\u2019a pas accept\u00e9 le 16\u00a0octobre. Une audience pr\u00e9liminaire de l\u2019affaire a \u00e9t\u00e9 pr\u00e9vue pour ce mois-ci. Et ce n\u2019est pas tout\u00a0: Kevin Costner fait \u00e9galement l\u2019objet de poursuites judiciaires pour violation d\u2019un accord de cofinancement avec City National Bank et New Line Cinemas. Mais, tel un chercheur d\u2019or dans un western sur l\u2019ouest sauvage, Kevin Costner continue de rechercher des financements pour terminer ses films.<\/p>\n","protected":false},"excerpt":{"rendered":"No\u00ebl s\u2019annonce un peu perturb\u00e9 pour Kevin Costner, qui a appris qu\u2019il serait tra\u00een\u00e9 devant la Cour sup\u00e9rieure&hellip;\n","protected":false},"author":2,"featured_media":618401,"comment_status":"","ping_status":"","sticky":false,"template":"","format":"standard","meta":{"footnotes":""},"categories":[1359],"tags":[650,58,59,73,2081,1011,27,2137,303,973,133,3823],"class_list":{"0":"post-618400","1":"post","2":"type-post","3":"status-publish","4":"format-standard","5":"has-post-thumbnail","7":"category-people","8":"tag-cinema","9":"tag-divertissement","10":"tag-entertainment","11":"tag-etats-unis","12":"tag-film","13":"tag-fr","14":"tag-france","15":"tag-hollywood","16":"tag-justice","17":"tag-people","18":"tag-video","19":"tag-western"},"share_on_mastodon":{"url":"https:\/\/pubeurope.com\/@fr\/115770305040087632","error":""},"_links":{"self":[{"href":"https:\/\/www.europesays.com\/fr\/wp-json\/wp\/v2\/posts\/618400","targetHints":{"allow":["GET"]}}],"collection":[{"href":"https:\/\/www.europesays.com\/fr\/wp-json\/wp\/v2\/posts"}],"about":[{"href":"https:\/\/www.europesays.com\/fr\/wp-json\/wp\/v2\/types\/post"}],"author":[{"embeddable":true,"href":"https:\/\/www.europesays.com\/fr\/wp-json\/wp\/v2\/users\/2"}],"replies":[{"embeddable":true,"href":"https:\/\/www.europesays.com\/fr\/wp-json\/wp\/v2\/comments?post=618400"}],"version-history":[{"count":0,"href":"https:\/\/www.europesays.com\/fr\/wp-json\/wp\/v2\/posts\/618400\/revisions"}],"wp:featuredmedia":[{"embeddable":true,"href":"https:\/\/www.europesays.com\/fr\/wp-json\/wp\/v2\/media\/618401"}],"wp:attachment":[{"href":"https:\/\/www.europesays.com\/fr\/wp-json\/wp\/v2\/media?parent=618400"}],"wp:term":[{"taxonomy":"category","embeddable":true,"href":"https:\/\/www.europesays.com\/fr\/wp-json\/wp\/v2\/categories?post=618400"},{"taxonomy":"post_tag","embeddable":true,"href":"https:\/\/www.europesays.com\/fr\/wp-json\/wp\/v2\/tags?post=618400"}],"curies":[{"name":"wp","href":"https:\/\/api.w.org\/{rel}","templated":true}]}}