{"id":618404,"date":"2025-12-23T18:33:12","date_gmt":"2025-12-23T18:33:12","guid":{"rendered":"https:\/\/www.europesays.com\/fr\/618404\/"},"modified":"2025-12-23T18:33:12","modified_gmt":"2025-12-23T18:33:12","slug":"marshall-truchot-judith-magre-99-ans-et-sur-scene-tous-les-lundis","status":"publish","type":"post","link":"https:\/\/www.europesays.com\/fr\/618404\/","title":{"rendered":"Marshall Truchot : Judith Magre, 99 ans et sur sc\u00e8ne tous les lundis"},"content":{"rendered":"<p>Marshall Truchot : Judith Magre, 99 ans et sur sc\u00e8ne tous les lundis &#8211; 23\/12Sur le m\u00eame sujet<a href=\"https:\/\/www.bfmtv.com\/replay-emissions\/bfm-story\/video-marschall-truchot-emile-toutes-les-pistes-encore-ouvertes-23-12_VN-202512230625.html\" title=\"Marschall Truchot : \u00c9mile, toutes les pistes encore ouvertes - 23\/12\" target=\"_blank\" rel=\"noopener\"><img width=\"16\" height=\"9\" class=\"lozad\"  alt=\"Marschall Truchot : \u00c9mile, toutes les pistes encore ouvertes - 23\/12\"\/>7:47Marschall Truchot : \u00c9mile, toutes les pistes encore ouvertes &#8211; 23\/12<\/a><a href=\"https:\/\/www.bfmtv.com\/replay-emissions\/bfm-story\/video-marshall-truchot-judith-magre-99-ans-et-sur-scene-tous-les-lundis-23-12_VN-202512230612.html\" title=\"Marshall Truchot : Judith Magre, 99 ans et sur sc\u00e8ne tous les lundis - 23\/12\" target=\"_blank\" rel=\"noopener\"><img width=\"16\" height=\"9\" class=\"lozad\"  alt=\"Marshall Truchot : Judith Magre, 99 ans et sur sc\u00e8ne tous les lundis - 23\/12\"\/>en lectureMarshall Truchot : Judith Magre, 99 ans et sur sc\u00e8ne tous les lundis &#8211; 23\/12<\/a><a href=\"https:\/\/www.bfmtv.com\/replay-emissions\/bfm-story\/video-marschall-truchot-deux-velos-saisis-chez-les-grands-parents-d-emile-bfmtv-23-12_VN-202512230593.html\" title=\"Marschall Truchot : Deux v\u00e9los saisis chez les grands-parents d&#039;\u00c9mile (BFMTV) - 23\/12\" target=\"_blank\" rel=\"noopener\"><img width=\"16\" height=\"9\" class=\"lozad\"  alt=\"Marschall Truchot : Deux v\u00e9los saisis chez les grands-parents d'\u00c9mile (BFMTV) - 23\/12\"\/>15:12Marschall Truchot : Deux v\u00e9los saisis chez les grands-parents d&rsquo;\u00c9mile (BFMTV) &#8211; 23\/12<\/a><a href=\"https:\/\/www.bfmtv.com\/replay-emissions\/bfm-story\/video-marshall-truchot-budget-la-loi-speciale-adoptee-a-l-assemblee-23-12_VN-202512230583.html\" title=\"Marshall Truchot : Budget, la loi sp\u00e9ciale adopt\u00e9e \u00e0 l\u2019Assembl\u00e9e - 23\/12\" target=\"_blank\" rel=\"noopener\"><img width=\"16\" height=\"9\" class=\"lozad\"  alt=\"Marshall Truchot : Budget, la loi sp\u00e9ciale adopt\u00e9e \u00e0 l\u2019Assembl\u00e9e - 23\/12\"\/>22:27Marshall Truchot : Budget, la loi sp\u00e9ciale adopt\u00e9e \u00e0 l\u2019Assembl\u00e9e &#8211; 23\/12<\/a><a href=\"https:\/\/www.bfmtv.com\/replay-emissions\/bfm-story\/video-marschall-truchot-emile-deux-velos-appartenant-aux-grands-parents-saisis-23-12_VN-202512230572.html\" title=\"Marschall Truchot : \u00c9mile, deux v\u00e9los appartenant aux grands-parents saisis - 23\/12\" target=\"_blank\" rel=\"noopener\"><img width=\"16\" height=\"9\" class=\"lozad\"  alt=\"Marschall Truchot : \u00c9mile, deux v\u00e9los appartenant aux grands-parents saisis - 23\/12\"\/>1:22Marschall Truchot : \u00c9mile, deux v\u00e9los appartenant aux grands-parents saisis &#8211; 23\/12<\/a><a href=\"https:\/\/www.bfmtv.com\/replay-emissions\/bfm-story\/video-marshall-truchot-crues-l-alerte-orange-maintenue-dans-l-herault-23-12_VN-202512230570.html\" title=\"Marshall Truchot : Crues, l\u2019alerte orange maintenue dans l\u2019H\u00e9rault - 23\/12\" target=\"_blank\" rel=\"noopener\"><img width=\"16\" height=\"9\" class=\"lozad\"  alt=\"Marshall Truchot : Crues, l\u2019alerte orange maintenue dans l\u2019H\u00e9rault - 23\/12\"\/>5:25Marshall Truchot : Crues, l\u2019alerte orange maintenue dans l\u2019H\u00e9rault &#8211; 23\/12<\/a><a href=\"https:\/\/www.bfmtv.com\/replay-emissions\/bfm-story\/video-marschall-truchot-audiovisuel-public-une-commission-d-enquete-l-egitime-22-12_VN-202512220678.html\" title=\"Marschall Truchot : Audiovisuel public, une commission d&#039;enqu\u00eate l&#039;\u00e9gitime ? - 22\/12\" target=\"_blank\" rel=\"noopener\"><img width=\"16\" height=\"9\" class=\"lozad\"  alt=\"Marschall Truchot : Audiovisuel public, une commission d'enqu\u00eate l'\u00e9gitime ? - 22\/12\"\/>22:50Marschall Truchot : Audiovisuel public, une commission d&rsquo;enqu\u00eate l&rsquo;\u00e9gitime ? &#8211; 22\/12<\/a><a href=\"https:\/\/www.bfmtv.com\/replay-emissions\/bfm-story\/video-marschall-truchot-budget-les-consultations-se-poursuivent-a-matignon-22-12_VN-202512220653.html\" title=\"Marschall Truchot : Budget, les consultations se poursuivent \u00e0 Matignon \u2013 22\/12\" target=\"_blank\" rel=\"noopener\"><img width=\"16\" height=\"9\" class=\"lozad\"  alt=\"Marschall Truchot : Budget, les consultations se poursuivent \u00e0 Matignon \u2013 22\/12\"\/>2:38Marschall Truchot : Budget, les consultations se poursuivent \u00e0 Matignon \u2013 22\/12<\/a><a href=\"https:\/\/www.bfmtv.com\/replay-emissions\/bfm-story\/video-marschall-truchot-explosion-rhone-incendie-maitrise-confinement-leve-22-12_VN-202512220642.html\" title=\"Marschall Truchot : Explosion\/Rh\u00f4ne, incendie ma\u00eetris\u00e9, confinement lev\u00e9 - 22\/12\" target=\"_blank\" rel=\"noopener\"><img width=\"16\" height=\"9\" class=\"lozad\"  alt=\"Marschall Truchot : Explosion\/Rh\u00f4ne, incendie ma\u00eetris\u00e9, confinement lev\u00e9 - 22\/12\"\/>6:20Marschall Truchot : Explosion\/Rh\u00f4ne, incendie ma\u00eetris\u00e9, confinement lev\u00e9 &#8211; 22\/12<\/a><a href=\"https:\/\/www.bfmtv.com\/replay-emissions\/bfm-story\/video-marschall-truchot-emile-les-enqueteurs-de-retour-au-haut-vernet-22-12_VN-202512220624.html\" title=\"Marschall Truchot : \u00c9mile, les enqu\u00eateurs de retour au Haut-Vernet - 22\/12\" target=\"_blank\" rel=\"noopener\"><img width=\"16\" height=\"9\" class=\"lozad\"  alt=\"Marschall Truchot : \u00c9mile, les enqu\u00eateurs de retour au Haut-Vernet - 22\/12\"\/>1:55Marschall Truchot : \u00c9mile, les enqu\u00eateurs de retour au Haut-Vernet &#8211; 22\/12<\/a><a href=\"https:\/\/www.bfmtv.com\/replay-emissions\/bfm-story\/video-marshall-truchot-vigilance-crues-ca-vire-au-rouge-dans-l-herault-22-12_VN-202512220614.html\" title=\"Marshall Truchot : Vigilance crues, \u00e7a vire au rouge dans l\u2019H\u00e9rault - 22\/12\" target=\"_blank\" rel=\"noopener\"><img width=\"16\" height=\"9\" class=\"lozad\"  alt=\"Marshall Truchot : Vigilance crues, \u00e7a vire au rouge dans l\u2019H\u00e9rault - 22\/12\"\/>5:51Marshall Truchot : Vigilance crues, \u00e7a vire au rouge dans l\u2019H\u00e9rault &#8211; 22\/12<\/a><a href=\"https:\/\/www.bfmtv.com\/replay-emissions\/bfm-story\/video-marschall-truchot-pas-de-budget-sous-le-sapin-c-est-grave-docteur-22-12_VN-202512220581.html\" title=\"Marschall Truchot : Pas de budget sous le sapin, c&#039;est grave docteur ? - 22\/12\" target=\"_blank\" rel=\"noopener\"><img width=\"16\" height=\"9\" class=\"lozad\"  alt=\"Marschall Truchot : Pas de budget sous le sapin, c'est grave docteur ? - 22\/12\"\/>15:00Marschall Truchot : Pas de budget sous le sapin, c&rsquo;est grave docteur ? &#8211; 22\/12<\/a><a href=\"https:\/\/www.bfmtv.com\/replay-emissions\/bfm-story\/video-marshall-truchot-explosion-dans-un-labo-pres-de-lyon-3-blesses-graves-22-12_VN-202512220582.html\" title=\"Marshall Truchot : Explosion dans un labo pr\u00e8s de Lyon, 3 bless\u00e9s graves - 22\/12\" target=\"_blank\" rel=\"noopener\"><img width=\"16\" height=\"9\" class=\"lozad\"  alt=\"Marshall Truchot : Explosion dans un labo pr\u00e8s de Lyon, 3 bless\u00e9s graves - 22\/12\"\/>30:31Marshall Truchot : Explosion dans un labo pr\u00e8s de Lyon, 3 bless\u00e9s graves &#8211; 22\/12<\/a><a href=\"https:\/\/www.bfmtv.com\/replay-emissions\/bfm-story\/video-marschall-truchot-crues-alerte-rouge-sur-l-herault-22-12_VN-202512220554.html\" title=\"Marschall Truchot : Crues, alerte rouge sur l&#039;H\u00e9rault - 22\/12\" target=\"_blank\" rel=\"noopener\"><img width=\"16\" height=\"9\" class=\"lozad\"  alt=\"Marschall Truchot : Crues, alerte rouge sur l'H\u00e9rault - 22\/12\"\/>6:07Marschall Truchot : Crues, alerte rouge sur l&rsquo;H\u00e9rault &#8211; 22\/12<\/a><a class=\"jumpToVideo\" target=\"_blank\"><img class=\"thumbnailPreview\"\/><\/a><\/p>\n","protected":false},"excerpt":{"rendered":"Marshall Truchot : Judith Magre, 99 ans et sur sc\u00e8ne tous les lundis &#8211; 23\/12Sur le m\u00eame sujet7:47Marschall&hellip;\n","protected":false},"author":2,"featured_media":618405,"comment_status":"","ping_status":"","sticky":false,"template":"","format":"standard","meta":{"footnotes":""},"categories":[1356],"tags":[58,59,1011,27,252,1364],"class_list":{"0":"post-618404","1":"post","2":"type-post","3":"status-publish","4":"format-standard","5":"has-post-thumbnail","7":"category-television","8":"tag-divertissement","9":"tag-entertainment","10":"tag-fr","11":"tag-france","12":"tag-television","13":"tag-tv"},"share_on_mastodon":{"url":"https:\/\/pubeurope.com\/@fr\/115770320877258655","error":""},"_links":{"self":[{"href":"https:\/\/www.europesays.com\/fr\/wp-json\/wp\/v2\/posts\/618404","targetHints":{"allow":["GET"]}}],"collection":[{"href":"https:\/\/www.europesays.com\/fr\/wp-json\/wp\/v2\/posts"}],"about":[{"href":"https:\/\/www.europesays.com\/fr\/wp-json\/wp\/v2\/types\/post"}],"author":[{"embeddable":true,"href":"https:\/\/www.europesays.com\/fr\/wp-json\/wp\/v2\/users\/2"}],"replies":[{"embeddable":true,"href":"https:\/\/www.europesays.com\/fr\/wp-json\/wp\/v2\/comments?post=618404"}],"version-history":[{"count":0,"href":"https:\/\/www.europesays.com\/fr\/wp-json\/wp\/v2\/posts\/618404\/revisions"}],"wp:featuredmedia":[{"embeddable":true,"href":"https:\/\/www.europesays.com\/fr\/wp-json\/wp\/v2\/media\/618405"}],"wp:attachment":[{"href":"https:\/\/www.europesays.com\/fr\/wp-json\/wp\/v2\/media?parent=618404"}],"wp:term":[{"taxonomy":"category","embeddable":true,"href":"https:\/\/www.europesays.com\/fr\/wp-json\/wp\/v2\/categories?post=618404"},{"taxonomy":"post_tag","embeddable":true,"href":"https:\/\/www.europesays.com\/fr\/wp-json\/wp\/v2\/tags?post=618404"}],"curies":[{"name":"wp","href":"https:\/\/api.w.org\/{rel}","templated":true}]}}