{"id":618406,"date":"2025-12-23T18:34:18","date_gmt":"2025-12-23T18:34:18","guid":{"rendered":"https:\/\/www.europesays.com\/fr\/618406\/"},"modified":"2025-12-23T18:34:18","modified_gmt":"2025-12-23T18:34:18","slug":"y-me-pardonne-de-quoi","status":"publish","type":"post","link":"https:\/\/www.europesays.com\/fr\/618406\/","title":{"rendered":"\u201cY me pardonne de quoi ?\u201d"},"content":{"rendered":"<p itemprop=\"description\"><strong>Apr\u00e8s les d\u00e9clarations de Damso sur leur relation pass\u00e9e, Booba a r\u00e9agi avec une story sur ses r\u00e9seaux sociaux en utilisant le son \u201cImpardonnable\u201d du rappeur belge lui-m\u00eame. L\u2019occasion pour le Duc de clarifier sa position et de revenir sur leur histoire commune.<\/strong><\/p>\n<p>\t\t\t\t\t&#13;<br \/>\n&#13;<br \/>\nUne story qui ne laisse pas de place au doute<\/p>\n<p>R\u00e9cemment, <a href=\"https:\/\/generations.fr\/news\/coulisse\/80788\/2026-le-coeur-leger-les-poches-pleines-damso-pardonne-booba-pour-les-clashs\" target=\"_blank\" rel=\"noopener\">Damso<\/a> avait publi\u00e9 sur ses r\u00e9seaux une phrase qui a attir\u00e9 l\u2019attention et choqu\u00e9 les fans : \u00ab\u00a02026 le c\u0153ur l\u00e9ger, les poches pleines #s\u00e9r\u00e9nit\u00e9\u00a0\u00bb. Il ajoute : \u00ab\u00a0je te pardonne.\u00a0\u00bb<br \/>Ce message semblait adresser un pardon implicite \u00e0 <a href=\"https:\/\/generations.fr\/news\/urban-culture\/80781\/booba-allume-anyme-et-le-met-dans-la-sauce-pour-son-live-avec-ronisia\" target=\"_blank\" rel=\"noopener\">Booba<\/a>, relan\u00e7ant ainsi les discussions sur leur relation pass\u00e9e et sur les tensions entre les deux artistes.<\/p>\n<p>Dans sa story, Booba a \u00e9crit :<\/p>\n<blockquote><p>&#13;<\/p>\n<p>\u00ab\u00a0Y ME PARDONNE DE QUOI ? De lui avoir donn\u00e9 une carri\u00e8re ? D\u2019\u00eatre all\u00e9 le chercher \u00e0 Bruxelles et d\u2019avoir mis\u00e9 sur lui alors qu\u2019il n\u2019\u00e9tait personne ? J\u2019ai pas compris.\u00a0\u00bb<\/p>\n<p>&#13;\n<\/p><\/blockquote>\n<p>Le message fait directement r\u00e9f\u00e9rence aux r\u00e9cents propos de Damso, qui semblait d\u00e9cid\u00e9 \u00e0 tourner la page sur certains \u00e9v\u00e9nements pass\u00e9s.<\/p>\n<p>Booba remet les pendules \u00e0 l\u2019heure<\/p>\n<p>Le rappeur a ensuite pr\u00e9cis\u00e9 sa pens\u00e9e sur <a href=\"https:\/\/generations.fr\/news\/musique\/80661\/damso-vient-d-annoncer-un-nouveau-projet-pour-2026-en-pleine-ceremonie-je-vous-dis-a-l-annee-prochaine\" target=\"_blank\" rel=\"noopener\">Damso<\/a> :<br \/>\u00ab\u00a0D\u00e9j\u00e0 il a jamais \u00e9t\u00e9 dans la rue. Sa fable de sdf c\u2019est du vent : il a 4 fr\u00e8res, plein de cousins \u00e0 BX et ses parents sont ais\u00e9s et \u00e9duqu\u00e9s. \u00c0 aucun moment il se retrouve \u00e0 la rue. Il a juste fugu\u00e9 comme un bobo rebelle trois jours et s\u2019est invent\u00e9 une vie.\u00a0\u00bb<\/p>\n<blockquote class=\"twitter-tweet\"><p>&#13;<\/p>\n<p dir=\"ltr\" lang=\"fr\">D\u00e9j\u00e0 il a jamais \u00e9t\u00e9 dans la rue. D\u00c9J\u00c0. Sa fable de sdf c\u2019est du vent il a 4 freres pleins de cousins \u00e0 BX et ses parents sont ais\u00e9s et \u00e9duqu\u00e9s \u00e0 aucun moment il se retrouve \u00e0 la rue. Il a juste fugu\u00e9 comme un bobo rebel 3 jours et y s\u2019est invent\u00e9 une vie. C\u2019est dommage il\u2026 <a href=\"https:\/\/t.co\/Wv6k5zXd9k\">https:\/\/t.co\/Wv6k5zXd9k<\/a> <a href=\"https:\/\/t.co\/PWuZe7TBfw\">pic.twitter.com\/PWuZe7TBfw<\/a><\/p>\n<p>&#13;<br \/>\n\u2014 Booba (@booba) <a href=\"https:\/\/twitter.com\/booba\/status\/2003320046542520357?ref_src=twsrc%5Etfw\" target=\"_blank\" rel=\"noopener\">December 23, 2025<\/a><\/p><\/blockquote>\n<p>Booba ajoute :<br \/>\u00ab\u00a0C\u2019est dommage, il \u00e9tait talentueux. Maintenant il veut la paix car il a chaud. Pourquoi il me pardonne ? J\u2019lui ai rien fait, j\u2019ai juste lanc\u00e9 sa carri\u00e8re.\u00a0\u00bb<\/p>\n<p>Avec cette r\u00e9action, Booba affirme son r\u00f4le central dans le succ\u00e8s de Damso tout en soulignant les tensions persistantes. Les deux artistes semblent vouloir d\u00e9fendre leur version des faits, maintenant l\u2019attention des fans et des m\u00e9dias sur ce diff\u00e9rend tr\u00e8s m\u00e9diatis\u00e9.\u00a0<\/p>\n<p>\t\t\t\t\t\t\t\t\t\t\t\t\t\t\t\t\t\t\t<script async src=\"https:\/\/platform.twitter.com\/widgets.js\" charset=\"utf-8\"><\/script><\/p>\n","protected":false},"excerpt":{"rendered":"Apr\u00e8s les d\u00e9clarations de Damso sur leur relation pass\u00e9e, Booba a r\u00e9agi avec une story sur ses r\u00e9seaux&hellip;\n","protected":false},"author":2,"featured_media":618407,"comment_status":"","ping_status":"","sticky":false,"template":"","format":"standard","meta":{"footnotes":""},"categories":[1355],"tags":[1111,67642,11,2163,58,59,1011,27,3612,3620,3606,3607,3605,3608,3617,3615,3609,1922,1361,873,12,2189,3658,1825,67643,3616,3656,67641,3619,3621,3611,3610,2955,3655],"class_list":{"0":"post-618406","1":"post","2":"type-post","3":"status-publish","4":"format-standard","5":"has-post-thumbnail","7":"category-musique","8":"tag-actu","9":"tag-actu-rap","10":"tag-actualites","11":"tag-chroniques","12":"tag-divertissement","13":"tag-entertainment","14":"tag-fr","15":"tag-france","16":"tag-freestyles","17":"tag-funk","18":"tag-generation","19":"tag-generation88-2","20":"tag-generations","21":"tag-generations88-2","22":"tag-hip-hop","23":"tag-hiphop","24":"tag-hiphopsoul","25":"tag-info","26":"tag-music","27":"tag-musique","28":"tag-news","29":"tag-photos","30":"tag-playlist","31":"tag-radio","32":"tag-radio-rap","33":"tag-rap","34":"tag-rapfr","35":"tag-rapus","36":"tag-reggae","37":"tag-rnb","38":"tag-sons","39":"tag-soul","40":"tag-videos","41":"tag-webradio"},"share_on_mastodon":{"url":"https:\/\/pubeurope.com\/@fr\/115770324752638245","error":""},"_links":{"self":[{"href":"https:\/\/www.europesays.com\/fr\/wp-json\/wp\/v2\/posts\/618406","targetHints":{"allow":["GET"]}}],"collection":[{"href":"https:\/\/www.europesays.com\/fr\/wp-json\/wp\/v2\/posts"}],"about":[{"href":"https:\/\/www.europesays.com\/fr\/wp-json\/wp\/v2\/types\/post"}],"author":[{"embeddable":true,"href":"https:\/\/www.europesays.com\/fr\/wp-json\/wp\/v2\/users\/2"}],"replies":[{"embeddable":true,"href":"https:\/\/www.europesays.com\/fr\/wp-json\/wp\/v2\/comments?post=618406"}],"version-history":[{"count":0,"href":"https:\/\/www.europesays.com\/fr\/wp-json\/wp\/v2\/posts\/618406\/revisions"}],"wp:featuredmedia":[{"embeddable":true,"href":"https:\/\/www.europesays.com\/fr\/wp-json\/wp\/v2\/media\/618407"}],"wp:attachment":[{"href":"https:\/\/www.europesays.com\/fr\/wp-json\/wp\/v2\/media?parent=618406"}],"wp:term":[{"taxonomy":"category","embeddable":true,"href":"https:\/\/www.europesays.com\/fr\/wp-json\/wp\/v2\/categories?post=618406"},{"taxonomy":"post_tag","embeddable":true,"href":"https:\/\/www.europesays.com\/fr\/wp-json\/wp\/v2\/tags?post=618406"}],"curies":[{"name":"wp","href":"https:\/\/api.w.org\/{rel}","templated":true}]}}