{"id":618416,"date":"2025-12-23T18:39:11","date_gmt":"2025-12-23T18:39:11","guid":{"rendered":"https:\/\/www.europesays.com\/fr\/618416\/"},"modified":"2025-12-23T18:39:11","modified_gmt":"2025-12-23T18:39:11","slug":"le-reflexe-a-ne-pas-oublier-en-hiver","status":"publish","type":"post","link":"https:\/\/www.europesays.com\/fr\/618416\/","title":{"rendered":"LE r\u00e9flexe \u00e0 ne pas oublier en hiver"},"content":{"rendered":"<p>La magie hivernale a ses revers : sous la blancheur paisible, le verglas guette chaque pas, transformant nos trottoirs en v\u00e9ritables patinoires urbaines. \u00c0 l\u2019approche de No\u00ebl, entre march\u00e9s anim\u00e9s, courses de derni\u00e8re minute et balades sous la neige, qui n\u2019a pas craint de glisser, de tr\u00e9bucher ? Les chutes sur sol gel\u00e9 s\u2019invitent, h\u00e9las, trop souvent \u00e0 la f\u00eate \u2013 et pourtant, un <strong>geste simple, valid\u00e9 par la science<\/strong>, pourrait diviser par deux ces accidents. Mais pourquoi reste-t-il encore discret dans nos habitudes ?<\/p>\n<p>Oubliez la peur de tomber : le casse-t\u00eate hivernal des citadins<\/p>\n<p>Quand l\u2019hiver s\u2019installe dans nos villes, la moindre averse nocturne peut m\u00e9tamorphoser le trajet quotidien en \u00e9preuve d\u2019\u00e9quilibriste. Qui n\u2019a jamais h\u00e9sit\u00e9 \u00e0 mettre le nez dehors \u00e0 cause du verglas, ou opt\u00e9 pour des d\u00e9tours improbables afin d\u2019\u00e9viter les trottoirs luisants ? La peur de tomber n\u2019est plus l\u2019apanage des personnes \u00e2g\u00e9es : elle <strong>touche d\u00e9sormais tous les \u00e2ges<\/strong>, surtout lorsque la m\u00e9t\u00e9o fait des siennes, rendant chaque pas incertain.<\/p>\n<p>Ce climat anxiog\u00e8ne grignote la confiance : certains renoncent \u00e0 leur balade matinale ou \u00e0 leurs courses \u00e0 pied, d\u2019autres privil\u00e9gient la voiture pour parcourir quelques rues. Les cons\u00e9quences d\u00e9passent la simple frayeur : rester chez soi par crainte de chuter limite aussi l\u2019activit\u00e9 physique, <strong>creuse l\u2019isolement et nuit au moral<\/strong>, \u00e0 une p\u00e9riode o\u00f9 la lumi\u00e8re se fait rare.<\/p>\n<p>Les cons\u00e9quences bien r\u00e9elles derri\u00e8re les statistiques gla\u00e7antes<\/p>\n<p>Chaque hiver, les h\u00f4pitaux voient d\u00e9filer un cort\u00e8ge discret de victimes du froid : poignet cass\u00e9, hanche fissur\u00e9e, dos meurtri\u2026 En France, les chutes li\u00e9es au verglas repr\u00e9sentent <strong>plusieurs milliers d\u2019entr\u00e9es aux urgences par an<\/strong>. Et derri\u00e8re chaque chiffre, il y a des vies bouscul\u00e9es, des semaines de convalescence, parfois une perte d\u2019autonomie inattendue.<\/p>\n<p>Au-del\u00e0 des jours d\u2019arr\u00eat maladie, de la douleur et du co\u00fbt social, se dessinent aussi des cons\u00e9quences plus subtiles sur la confiance et l\u2019envie de retrouver une vie active. En 2025, ces accidents restent <a href=\"https:\/\/sciencepost.fr\/deux-metiers-moins-touches-par-maladie-alzheimer\/\" target=\"_blank\" rel=\"noopener\">une r\u00e9alit\u00e9 \u00e9vitable<\/a>, encore trop souvent rel\u00e9gu\u00e9e au rang des \u00ab fatalit\u00e9s de l\u2019hiver \u00bb.<\/p>\n<p>Le r\u00e9flexe gagnant qui fait la diff\u00e9rence, prouv\u00e9 par la science<\/p>\n<p>Lutter contre les chutes de plain-pied, une utopie ? Pas forc\u00e9ment, affirme une r\u00e9cente \u00e9tude norv\u00e9gienne, r\u00e9alis\u00e9e dans le c\u0153ur congel\u00e9 d\u2019Oslo. D\u2019apr\u00e8s les observations men\u00e9es sur le terrain cet hiver, un r\u00e9flexe aussi simple qu\u2019efficace fait toute la diff\u00e9rence \u2013 et son <strong>efficacit\u00e9 a de quoi surprendre<\/strong> m\u00eame les sceptiques.<\/p>\n<p>Focus sur l\u2019\u00e9tude norv\u00e9gienne : ce que r\u00e9v\u00e8lent les chiffres<\/p>\n<p>En mobilisant 2 500 pi\u00e9tons volontaires en situation r\u00e9elle, la Norv\u00e8ge a mis \u00e0 l\u2019\u00e9preuve une solution concr\u00e8te : <strong>porter des crampons amovibles<\/strong> sur ses chaussures d\u00e8s l\u2019apparition du gel dans les rues. Le r\u00e9sultat est sans \u00e9quivoque : le risque de chute a chut\u00e9 de 45 % chez les participants \u00e9quip\u00e9s, comparativement \u00e0 ceux rest\u00e9s fid\u00e8les \u00e0 leurs bottines classiques ou baskets d\u2019hiver.<\/p>\n<p>Cet accessoire, d\u00e9j\u00e0 familier de certains randonneurs en montagne, entre peu \u00e0 peu dans le paysage urbain. Il n\u2019a rien d\u2019anecdotique : sa capacit\u00e9 \u00e0 prot\u00e9ger efficacement, quel que soit l\u2019\u00e2ge ou la forme physique, est d\u00e9sormais document\u00e9e. Un <strong>geste \u00e0 la port\u00e9e de tous<\/strong>, pour changer la donne face au verglas.<\/p>\n<p>Des crampons aux pieds, la chute n\u2019a qu\u2019\u00e0 bien se tenir<\/p>\n<p>\u00c9quip\u00e9s en moins d\u2019une minute, ces crampons l\u00e9gers \u2013 souvent en caoutchouc et acier \u2013 \u00e9pousent la forme de la chaussure, s\u2019ajustent discr\u00e8tement, et <strong>transforment l\u2019adh\u00e9rence au sol<\/strong> m\u00eame sur la glace vive. Marcher, courir, s\u2019arr\u00eater soudainement : la sensation de s\u00e9curit\u00e9 retrouv\u00e9e fait toute la diff\u00e9rence, et redonne confiance pour profiter de l\u2019hiver\u2026 et de la magie des f\u00eates.<\/p>\n<p>Enqu\u00eate de terrain \u00e0 Oslo : 2 500 pi\u00e9tons sous la loupe<\/p>\n<p>L\u2019\u00e9tude, men\u00e9e lors du mois de d\u00e9cembre 2025, a consist\u00e9 \u00e0 suivre un large panel de citadins naviguant dans les rues pi\u00e9geuses d\u2019Oslo. De la sortie matinale pour le travail aux balades vesp\u00e9rales, <strong>tous les profils \u00e9taient repr\u00e9sent\u00e9s<\/strong>, des actifs press\u00e9s aux retrait\u00e9s en qu\u00eate de tranquillit\u00e9.<\/p>\n<p>Comment l\u2019\u00e9tude a \u00e9t\u00e9 men\u00e9e, et pourquoi \u00e7a change tout<\/p>\n<p>Chaque participant, choisi pour repr\u00e9senter la diversit\u00e9 urbaine, a re\u00e7u soit une paire de crampons amovibles \u00e0 glisser sur ses chaussures, soit des consignes d\u2019usage classique. Les chutes ont \u00e9t\u00e9 recens\u00e9es tout au long du mois, chaque incident not\u00e9 avec rigueur. Ce <strong>protocole pr\u00e9cis permet d\u2019\u00e9carter le hasard<\/strong> et de mesurer l\u2019impact r\u00e9el du r\u00e9flexe \u00ab crampons \u00bb dans la vie courante.<\/p>\n<p>Les r\u00e9sultats, clairs et imm\u00e9diats, bousculent les id\u00e9es re\u00e7ues et rendent cr\u00e9dible une ambition : faire reculer un risque que l\u2019on pensait in\u00e9vitable dans nos villes l\u2019hiver venu.<\/p>\n<p>R\u00e9sultats en b\u00e9ton : une r\u00e9duction spectaculaire, et pas que chez les seniors<\/p>\n<p>Sur l\u2019ensemble des profils suivis \u00e0 Oslo, la r\u00e9duction des chutes a concern\u00e9 aussi bien les seniors que les actifs, les familles et les \u00e9tudiants. Le port de crampons amovibles n\u2019est pas r\u00e9serv\u00e9 \u00e0 une cat\u00e9gorie de population, et <strong>s\u2019adapte \u00e0 tous les styles de vie<\/strong>. La diff\u00e9rence sur le terrain est telle que certains quartiers exp\u00e9rimentent m\u00eame des distributions gratuites, esp\u00e9rant installer cette nouvelle habitude durablement.<\/p>\n<p>L\u2019hiver 2025-2026 marquera-t-il un tournant dans nos usages urbains ? La tendance pourrait bien s\u2019installer, port\u00e9e par ces chiffres \u00e9loquents et la facilit\u00e9 de mise en \u0153uvre de la solution.<\/p>\n<p>Fini le look \u00ab\u00a0Y\u00e9ti\u00a0\u00bb : les crampons amovibles, nouvelle tendance urbaine<\/p>\n<p>Si certains redoutent de ressembler \u00e0 un montagnard au c\u0153ur de la ville, les fabricants de crampons rivalisent aujourd\u2019hui d\u2019innovation pour s\u00e9duire citadins et fashionistas. Sobres, discrets, \u00e9l\u00e9gants, ils se glissent sur bottines, baskets ou chaussures de ville sans ruiner le style. On est loin du \u00ab\u00a0look randonn\u00e9e\u00a0\u00bb d\u2019autrefois, et <strong>l\u2019accessoire se veut d\u00e9sormais presque invisible<\/strong>.<\/p>\n<p>Adopter les crampons sans sacrifier son style, c\u2019est possible !<\/p>\n<p>Les mod\u00e8les 2025 sont pens\u00e9s pour s\u2019int\u00e9grer \u00e0 nos tenues du quotidien : coloris neutres, forme ergonomique, facilit\u00e9 \u00e0 enfiler et \u00e0 retirer. Il devient ainsi possible de <strong>s\u2019\u00e9quiper en quelques secondes<\/strong> en sortant de chez soi, puis de les retirer \u00e0 l\u2019entr\u00e9e d\u2019un magasin ou d\u2019un bureau en toute simplicit\u00e9. Discr\u00e9tion assur\u00e9e, efficacit\u00e9 maximale : la promesse s\u00e9duit particuli\u00e8rement les jeunes urbains sensibles \u00e0 leur image.<\/p>\n<p>Praticit\u00e9 et confort : le test grandeur nature des utilisateurs<\/p>\n<p>Les retours de terrain sont unanimes : le confort reste pr\u00e9serv\u00e9, la d\u00e9marche naturelle n\u2019est pas entrav\u00e9e et la sensation d\u2019assurance redonne le plaisir de circuler, m\u00eame quand les temp\u00e9ratures plongent sous z\u00e9ro. L\u2019accessoire, <strong>l\u00e9ger et abordable<\/strong>, trouve sa place dans tous les sacs \u00e0 main et sacs \u00e0 dos pr\u00eats pour affronter les frimas !<\/p>\n<p>Des r\u00e9sistances aux premiers pas : pourquoi ce r\u00e9flexe tarde encore \u00e0 s\u2019imposer<\/p>\n<p>Malgr\u00e9 l\u2019efficacit\u00e9 d\u00e9montr\u00e9e du port de crampons amovibles, il subsiste des r\u00e9ticences \u00e0 les adopter : crainte du ridicule, peur de l\u2019inconfort, impression de gestes inutiles pour \u00ab\u00a0quelques jours de gel\u00a0\u00bb\u2026 Beaucoup voient encore cet accessoire comme un \u00e9quipement extr\u00eame, <strong>r\u00e9serv\u00e9 aux sportifs ou aux personnes fragiles<\/strong>.<\/p>\n<p>Freins psychologiques et id\u00e9es re\u00e7ues sur la \u00ab\u00a0chaussure sur\u00e9quip\u00e9e\u00a0\u00bb<\/p>\n<p>La principale barri\u00e8re reste psychologique. En France, la culture de l\u2019\u00e9quipement hivernal se heurte \u00e0 la peur de se distinguer dans la rue ou de para\u00eetre exag\u00e9r\u00e9ment prudent. Pourtant, le regard change au fil des hivers rigoureux : les riverains des r\u00e9gions alpines ou des Hauts-de-France, plus habitu\u00e9s, <strong>adoptent d\u00e9j\u00e0 ce r\u00e9flexe avec naturel<\/strong>, preuve qu\u2019il s\u2019agit aussi d\u2019une question de normalisation sociale et d\u2019habitude collective.<\/p>\n<p>Des solutions pour lever les obstacles et passer \u00e0 l\u2019action<\/p>\n<p>Pour installer durablement ce geste dans les m\u0153urs, les campagnes d\u2019information jouent un r\u00f4le cl\u00e9. D\u00e9monstrations en centre-ville, tarifs accessibles, mise \u00e0 disposition par les mairies ou cabinets m\u00e9dicaux renversent les pr\u00e9jug\u00e9s d\u2019antan. <strong>Parler ouvertement de ces accessoires<\/strong>, partager ses exp\u00e9riences en famille ou entre voisins, permet aussi de rassurer et de donner envie d\u2019essayer : une vraie dynamique collective \u00e0 encourager.<\/p>\n<p>Faire de l\u2019hiver un alli\u00e9 : et si on g\u00e9n\u00e9ralisait le r\u00e9flexe crampons ?<\/p>\n<p>Alors que la France s\u2019appr\u00eate \u00e0 franchir le cap des f\u00eates sous un ciel souvent gel\u00e9, les collectivit\u00e9s s\u2019organisent : certaines villes lancent des campagnes de sensibilisation massives, distribuent des crampons \u00e0 l\u2019achat d\u2019un ticket de transport ou lors des march\u00e9s de No\u00ebl, et <strong>encouragent les commer\u00e7ants \u00e0 informer leurs clients<\/strong>.<\/p>\n<p>Les villes \u00e0 la man\u0153uvre : campagnes et mesures incitatives<\/p>\n<p>Dans plusieurs agglom\u00e9rations, le r\u00e9flexe \u00ab crampons \u00bb devient m\u00eame un argument de sant\u00e9 publique, inspirant les \u00e9coles, les entreprises et les \u00e9tablissements de sant\u00e9 \u00e0 <strong>doter leurs membres de ce petit accessoire<\/strong> au prix abordable, qui promet un hiver plus serein \u00e0 tous.<\/p>\n<p>Conseils simples pour adopter (et faire adopter) le bon r\u00e9flexe d\u00e8s les premiers frimas<\/p>\n<p>Pour franchir le pas, quelques astuces simples \u00e0 retenir : anticiper les premiers gels en v\u00e9rifiant la m\u00e9t\u00e9o, conserver une paire de crampons dans l\u2019entr\u00e9e ou dans son sac \u00e0 main, montrer l\u2019exemple en relayant ses retours positifs \u00e0 ses proches. <strong>Encourager enfants, seniors et voisins \u00e0 s\u2019\u00e9quiper<\/strong>, c\u2019est aussi participer, \u00e0 son \u00e9chelle, \u00e0 une ville plus s\u00fbre durant toute la saison froide.<\/p>\n<p>Synth\u00e8se : vers un hiver plus s\u00fbr, marche apr\u00e8s marche<\/p>\n<p>Marquer une pause, r\u00e9fl\u00e9chir \u00e0 ses habitudes et adopter le r\u00e9flexe des crampons amovibles, voil\u00e0 un geste simple, efficace et \u00e9conomique, qui prot\u00e8ge petits et grands d\u00e8s les premiers signes de gel. D\u00e9sormais valid\u00e9 par la recherche et soutenu par un \u00e9lan collectif, il a tout pour devenir <strong>l\u2019alli\u00e9 discret de nos hivers urbains<\/strong>. Int\u00e9grons ce nouvel accessoire dans notre routine, pour que marcher en hiver rime enfin avec s\u00e9curit\u00e9\u2026 et libert\u00e9 retrouv\u00e9e.<\/p>\n","protected":false},"excerpt":{"rendered":"La magie hivernale a ses revers : sous la blancheur paisible, le verglas guette chaque pas, transformant nos&hellip;\n","protected":false},"author":2,"featured_media":618417,"comment_status":"","ping_status":"","sticky":false,"template":"","format":"standard","meta":{"footnotes":""},"categories":[7],"tags":[1011,27,43,40,41,39,42,44],"class_list":{"0":"post-618416","1":"post","2":"type-post","3":"status-publish","4":"format-standard","5":"has-post-thumbnail","7":"category-sciences-et-technologies","8":"tag-fr","9":"tag-france","10":"tag-science","11":"tag-science-and-technology","12":"tag-sciences","13":"tag-sciences-et-technologies","14":"tag-technologies","15":"tag-technology"},"share_on_mastodon":{"url":"https:\/\/pubeurope.com\/@fr\/115770344349962795","error":""},"_links":{"self":[{"href":"https:\/\/www.europesays.com\/fr\/wp-json\/wp\/v2\/posts\/618416","targetHints":{"allow":["GET"]}}],"collection":[{"href":"https:\/\/www.europesays.com\/fr\/wp-json\/wp\/v2\/posts"}],"about":[{"href":"https:\/\/www.europesays.com\/fr\/wp-json\/wp\/v2\/types\/post"}],"author":[{"embeddable":true,"href":"https:\/\/www.europesays.com\/fr\/wp-json\/wp\/v2\/users\/2"}],"replies":[{"embeddable":true,"href":"https:\/\/www.europesays.com\/fr\/wp-json\/wp\/v2\/comments?post=618416"}],"version-history":[{"count":0,"href":"https:\/\/www.europesays.com\/fr\/wp-json\/wp\/v2\/posts\/618416\/revisions"}],"wp:featuredmedia":[{"embeddable":true,"href":"https:\/\/www.europesays.com\/fr\/wp-json\/wp\/v2\/media\/618417"}],"wp:attachment":[{"href":"https:\/\/www.europesays.com\/fr\/wp-json\/wp\/v2\/media?parent=618416"}],"wp:term":[{"taxonomy":"category","embeddable":true,"href":"https:\/\/www.europesays.com\/fr\/wp-json\/wp\/v2\/categories?post=618416"},{"taxonomy":"post_tag","embeddable":true,"href":"https:\/\/www.europesays.com\/fr\/wp-json\/wp\/v2\/tags?post=618416"}],"curies":[{"name":"wp","href":"https:\/\/api.w.org\/{rel}","templated":true}]}}