{"id":618418,"date":"2025-12-23T18:40:13","date_gmt":"2025-12-23T18:40:13","guid":{"rendered":"https:\/\/www.europesays.com\/fr\/618418\/"},"modified":"2025-12-23T18:40:13","modified_gmt":"2025-12-23T18:40:13","slug":"plans-ouverts-depasses-cette-mise-en-garde-des-designers-en-2026-avant-de-tout-re-cloisonner","status":"publish","type":"post","link":"https:\/\/www.europesays.com\/fr\/618418\/","title":{"rendered":"Plans ouverts d\u00e9pass\u00e9s ? cette mise en garde des designers en 2026 avant de tout re-cloisonner"},"content":{"rendered":"<p>Depuis dix ans, le <strong>plan ouvert<\/strong> s\u2019est impos\u00e9<br \/>\ncomme le graal des annonces immobili\u00e8res : grande pi\u00e8ce de vie,<br \/>\ncuisine qui se prolonge dans le salon, circulation fluide. Puis le<br \/>\nquotidien, les confinements et le t\u00e9l\u00e9travail ont fissur\u00e9 ce r\u00eave.<br \/>\nBruit, bazar, odeurs de cuisine et visioconf\u00e9rences se m\u00e9langent<br \/>\ndans une seule et m\u00eame pi\u00e8ce.<\/p>\n<p>Beaucoup de lecteurs se demandent donc si ces <strong>plans<br \/>\nouverts sont d\u00e9pass\u00e9s<\/strong> et s\u2019il faut tout re-cloisonner. Les<br \/>\ndesigners interrog\u00e9s en France, au Royaume-Uni et aux \u00c9tats-Unis<br \/>\nd\u00e9crivent un paysage bien plus nuanc\u00e9, o\u00f9 l\u2019intimit\u00e9 remonte en<br \/>\nfl\u00e8che sans que l\u2019on renonce \u00e0 la lumi\u00e8re ni \u00e0 la convivialit\u00e9. La<br \/>\nvraie tendance se cache dans les d\u00e9tails du plan.<\/p>\n<p>Plans ouverts, plans ferm\u00e9s : ce que les designers<br \/>\nobservent<\/p>\n<p>Pour la d\u00e9coratrice Emily LaMarque, le tournant s\u2019est jou\u00e9<br \/>\npendant la crise sanitaire : \u00ab\u00a0Pendant la pand\u00e9mie, \u00e9norm\u00e9ment de<br \/>\npersonnes sont pass\u00e9es au travail et \u00e0 l\u00a0\u00bbapprentissage \u00e0 domicile<br \/>\net avaient besoin d&rsquo;espaces individualis\u00e9s\u00a0\u00bb, explique Emily<br \/>\nLaMarque, cit\u00e9e par The Spruce. \u00ab\u00a0En cons\u00e9quence, les maisons avec<br \/>\ndes espaces polyvalents qui offrent de l&rsquo;intimit\u00e9 et des occasions<br \/>\nde silence sont devenues de plus en plus d\u00e9sirables, et ce besoin<br \/>\nn&rsquo;a vraiment pas diminu\u00e9\u00a0\u00bb.<\/p>\n<p>Le designer Louis Duncan-He r\u00e9sume bien l\u2019ambivalence actuelle :<br \/>\ncertains de ses clients r\u00e9clament plus de murs pour retrouver des<br \/>\nmoments de solitude, d\u2019autres continuent \u00e0 vouloir de grands<br \/>\nvolumes ouverts. De nombreux architectes confirment que le plan<br \/>\nouvert reste appr\u00e9ci\u00e9 pour la lumi\u00e8re et le lien entre les<br \/>\nhabitants, \u00e0 condition de mieux cadrer les usages.<\/p>\n<p>Quand les plans ouverts montrent leurs limites au<br \/>\nquotidien<\/p>\n<p>Dans la pratique, les d\u00e9fauts ressortent vite. Sans murs pour<br \/>\ns\u2019abriter, certains trouvent ces grandes pi\u00e8ces peu chaleureuses,<br \/>\ntrop bruyantes et fatigantes \u00e0 vivre au quotidien. Les designers<br \/>\n\u00e9voquent le sentiment de ne jamais pouvoir \u00e9chapper au bazar ni aux<br \/>\nodeurs de cuisine. Si vous h\u00e9sitez, quelques signaux doivent vous<br \/>\nalerter :<\/p>\n<ul>\n<li>impossible de passer un appel sans g\u00eaner toute la famille<\/li>\n<li>sensation de d\u00e9sordre permanent, m\u00eame apr\u00e8s avoir rang\u00e9<\/li>\n<li>enfants qui jouent au milieu du coin bureau<\/li>\n<li>chauffage co\u00fbteux d\u2019un immense volume peu utilis\u00e9<\/li>\n<\/ul>\n<p>Autre \u00e9cueil fr\u00e9quemment cit\u00e9 par les designers : l\u2019am\u00e9nagement.<br \/>\nSans pi\u00e8ces d\u00e9limit\u00e9es, il faut cr\u00e9er soi-m\u00eame des zones, en jouant<br \/>\navec les tapis, le dos des canap\u00e9s ou des biblioth\u00e8ques qui servent<br \/>\nde demi-cloisons. Face \u00e0 cela, \u00ab\u00a0les maisons avec des plans de style<br \/>\nferm\u00e9 qui ont plus de murs, de pi\u00e8ces et de petits espaces donnent<br \/>\nsouvent une impression plus charmante, chaleureuse,<br \/>\nmultifonctionnelle et intime\u00a0\u00bb, ajoute Emily LaMarque. Elle pr\u00e9vient<br \/>\ntoutefois qu\u2019un exc\u00e8s de pi\u00e8ces ferm\u00e9es peut disperser la famille<br \/>\net encourager chacun \u00e0 s\u2019isoler devant ses \u00e9crans.<\/p>\n<p>Vers des plans hybrides : zonage et<br \/>\ns\u00e9parateurs de pi\u00e8ce design<\/p>\n<p>Les professionnels convergent vers une solution m\u00e9diane : le<br \/>\n<strong>plan hybride<\/strong>. L\u2019id\u00e9e est de conserver une grande<br \/>\npi\u00e8ce traversante, tout en d\u00e9coupant des recoins lisibles.<br \/>\nArchitectes et d\u00e9corateurs parlent d\u2019agencement fragment\u00e9, avec un<br \/>\nzonage par tapis, orientation des canap\u00e9s et biblioth\u00e8ques<br \/>\najour\u00e9es. Leurs conseils insistent aussi sur les d\u00e9tails<br \/>\narchitecturaux, les traitements de murs ou de plafonds et un<br \/>\n\u00e9clairage diff\u00e9renci\u00e9 pour donner une vraie \u00e2me aux espaces<br \/>\nouverts.<\/p>\n<p>La tendance 2026 marque le retour des <strong>s\u00e9parateurs de<br \/>\npi\u00e8ce design<\/strong> : paravents textiles, verri\u00e8res, cloisons en<br \/>\nverre flut\u00e9, claustras en bois ou rideaux de lin fix\u00e9s au plafond<br \/>\nqui se tirent au gr\u00e9 des besoins. Le cr\u00e9ateur et designer<br \/>\nd\u2019int\u00e9rieur @mrphoenixgrey, cit\u00e9 par HouseDigest, rappelle qu\u2019un<br \/>\ns\u00e9parateur pos\u00e9 au milieu d\u2019un <strong>plan ouvert<\/strong> pour<br \/>\ncacher un fouillis ressemble \u00e0 un cache-mis\u00e8re. Les experts<br \/>\nrecommandent de d\u00e9sencombrer avant de poser une cloison amovible,<br \/>\nde respecter les axes de lumi\u00e8re des fen\u00eatres et de choisir des<br \/>\nmati\u00e8res textiles ou bois clair, qui am\u00e9liorent aussi le confort<br \/>\nacoustique.<\/p>\n","protected":false},"excerpt":{"rendered":"Depuis dix ans, le plan ouvert s\u2019est impos\u00e9 comme le graal des annonces immobili\u00e8res : grande pi\u00e8ce de&hellip;\n","protected":false},"author":2,"featured_media":618419,"comment_status":"","ping_status":"","sticky":false,"template":"","format":"standard","meta":{"footnotes":""},"categories":[6],"tags":[48902,5734,3917,35,3477,72857,1805,72856,154,58358,33,34,3026,1011,27,8712,6352,18166,27258,3585],"class_list":{"0":"post-618418","1":"post","2":"type-post","3":"status-publish","4":"format-standard","5":"has-post-thumbnail","7":"category-economie","8":"tag-re","9":"tag-5734","10":"tag-avant","11":"tag-business","12":"tag-cette","13":"tag-cloisonner","14":"tag-de","15":"tag-depasses","16":"tag-des","17":"tag-designers","18":"tag-economie","19":"tag-economy","20":"tag-en","21":"tag-fr","22":"tag-france","23":"tag-garde","24":"tag-mise","25":"tag-ouverts","26":"tag-plans","27":"tag-tout"},"share_on_mastodon":{"url":"https:\/\/pubeurope.com\/@fr\/115770348437654125","error":""},"_links":{"self":[{"href":"https:\/\/www.europesays.com\/fr\/wp-json\/wp\/v2\/posts\/618418","targetHints":{"allow":["GET"]}}],"collection":[{"href":"https:\/\/www.europesays.com\/fr\/wp-json\/wp\/v2\/posts"}],"about":[{"href":"https:\/\/www.europesays.com\/fr\/wp-json\/wp\/v2\/types\/post"}],"author":[{"embeddable":true,"href":"https:\/\/www.europesays.com\/fr\/wp-json\/wp\/v2\/users\/2"}],"replies":[{"embeddable":true,"href":"https:\/\/www.europesays.com\/fr\/wp-json\/wp\/v2\/comments?post=618418"}],"version-history":[{"count":0,"href":"https:\/\/www.europesays.com\/fr\/wp-json\/wp\/v2\/posts\/618418\/revisions"}],"wp:featuredmedia":[{"embeddable":true,"href":"https:\/\/www.europesays.com\/fr\/wp-json\/wp\/v2\/media\/618419"}],"wp:attachment":[{"href":"https:\/\/www.europesays.com\/fr\/wp-json\/wp\/v2\/media?parent=618418"}],"wp:term":[{"taxonomy":"category","embeddable":true,"href":"https:\/\/www.europesays.com\/fr\/wp-json\/wp\/v2\/categories?post=618418"},{"taxonomy":"post_tag","embeddable":true,"href":"https:\/\/www.europesays.com\/fr\/wp-json\/wp\/v2\/tags?post=618418"}],"curies":[{"name":"wp","href":"https:\/\/api.w.org\/{rel}","templated":true}]}}