{"id":618420,"date":"2025-12-23T18:41:23","date_gmt":"2025-12-23T18:41:23","guid":{"rendered":"https:\/\/www.europesays.com\/fr\/618420\/"},"modified":"2025-12-23T18:41:23","modified_gmt":"2025-12-23T18:41:23","slug":"cinq-minutes-pour-comprendre-pourquoi-les-relations-se-rechauffent-entre-macron-et-poutine","status":"publish","type":"post","link":"https:\/\/www.europesays.com\/fr\/618420\/","title":{"rendered":"Cinq minutes pour comprendre pourquoi les relations se r\u00e9chauffent entre Macron et Poutine"},"content":{"rendered":"<p class=\"paragraph text_align_left lp-f-body-02\">Leur derni\u00e8re conversation <a href=\"https:\/\/www.leparisien.fr\/international\/un-interet-commun-a-renouer-lappel-marathon-entre-macron-et-poutine-apres-trois-ans-de-silence-01-07-2025-KENGQUKU3JAS7E6IGPGJ75QRKM.php\" target=\"_self\" rel=\"noopener\">avait dur\u00e9 plus de deux heures<\/a>. Le 1er juillet dernier, Emmanuel Macron et Vladimir Poutine constataient leurs divergences sur la guerre en Ukraine. Les deux hommes pourraient bient\u00f4t se reparler. Ce vendredi 19 d\u00e9cembre, Emmanuel Macron a plaid\u00e9 pour reprendre le contact avec son homologue russe.<\/p>\n<p class=\"\">\u00ab Je constate <a href=\"https:\/\/www.leparisien.fr\/international\/ils-voient-le-monde-de-la-meme-maniere-steve-witkoff-lami-americain-du-kremlin-02-12-2025-C34VGGFZUBBOTC2LJKNEUDWE4A.php\" target=\"_self\" rel=\"noopener\">qu\u2019il y a des gens qui parlent \u00e0 Vladimir Poutine,<\/a> donc je pense que nous, Europ\u00e9ens et Ukrainiens, on a int\u00e9r\u00eat \u00e0 trouver le cadre pour r\u00e9engager cette discussion en bonne et due forme \u00bb, a-t-il dit depuis Bruxelles, \u00e0 l\u2019issue d\u2019un Conseil europ\u00e9en. Une main tendue qui semble avoir \u00e9t\u00e9 saisie par Moscou : Vladimir Poutine est \u00ab <a href=\"https:\/\/www.leparisien.fr\/international\/ukraine\/vladimir-poutine-est-pret-au-dialogue-avec-macron-selon-le-porte-parole-du-kremlin-21-12-2025-ZYXATJOL3JGVFDBSJAPNTJQL2M.php\" target=\"_self\" rel=\"noopener\">pr\u00eat \u00e0 engager le dialogue avec Macron<\/a> \u00bb, a indiqu\u00e9 le porte-parole du Kremlin Dmitri Peskov.<\/p>\n<p>Pourquoi Emmanuel Macron \u00ab renoue le fil \u00bb du dialogue ?<\/p>\n<p class=\"\">Le pr\u00e9sident fran\u00e7ais \u00ab a toujours voulu garder le fil relationnel avec Poutine (\u2026) il n\u2019a jamais \u00e9t\u00e9 rompu \u00bb, dit au Parisien l\u2019ancien diplomate Alexandre Melnik. \u00ab Emmanuel Macron est persuad\u00e9 que le facteur personnel peut changer la donne g\u00e9opolitique. Ce qui est une erreur \u00bb, juge le sp\u00e9cialiste, affirmant que, \u00ab comme beaucoup de Fran\u00e7ais \u00bb, le pr\u00e9sident de la R\u00e9publique est \u00ab fascin\u00e9 \u00bb par la Russie.<\/p>\n<p class=\"\">Pour Alexandre Melnik, le locataire de l\u2019\u00c9lys\u00e9e est \u00ab pouss\u00e9 par un concours de circonstances \u00e0 renouer le fil des conversations avec Poutine : Trump s\u2019est mis du c\u00f4t\u00e9 de la Russie et sur le front, <a href=\"https:\/\/www.leparisien.fr\/international\/ukraine\/guerre-en-ukraine-la-russie-a-realise-en-novembre-sa-plus-grosse-progression-depuis-un-an-01-12-2025-J2CZVL7OCNDPTET2NOV56TAM4A.php\" target=\"_blank\" rel=\"noopener\">la situation n\u2019est pas favorable aux Ukrainiens<\/a> \u00bb. D\u2019autant qu\u2019en coulisses, les Europ\u00e9ens semblent \u00eatre \u00e0 la marge <a href=\"https:\/\/www.leparisien.fr\/international\/guerre-en-ukraine-washington-propose-une-rencontre-etats-unis-ukraine-et-russie-a-miami-indique-zelensky-20-12-2025-U7EZR65TJZEABBTHX67M6SQAQA.php\" target=\"_self\" rel=\"noopener\">des pourparlers chor\u00e9graphi\u00e9s par les Am\u00e9ricains<\/a>. \u00ab On discute entre nous avec des n\u00e9gociateurs qui vont seuls discuter avec les Russes, ce qui n\u2019est pas optimal \u00bb, r\u00e9sumait vendredi Emmanuel Macron.<\/p>\n<p>Du \u00ab virage prorusse \u00bb aux \u00ab insultes vulgaires \u00bb<\/p>\n<p class=\"\">Sa relation avec son homologue russe a plusieurs fois \u00e9volu\u00e9 depuis son \u00e9lection \u00e0 l\u2019\u00c9lys\u00e9e mai 2017. Ce mois-l\u00e0, Vladimir Poutine avait \u00e9t\u00e9 re\u00e7u en grande pompe \u00e0 Versailles, avant d\u2019\u00eatre accueilli au fort de Br\u00e9gan\u00e7on \u00e0 l\u2019\u00e9t\u00e9 2019, <a href=\"https:\/\/www.leparisien.fr\/politique\/rencontre-macron-poutine-pourquoi-la-france-entame-un-virage-pro-russe-09-12-2019-8213793.php\" target=\"_self\" rel=\"noopener\">illustrant les pr\u00e9mices d\u2019un \u00ab virage prorusse \u00bb de la diplomatie fran\u00e7aise<\/a>. Le chef du Kremlin \u00e9tait &#8211; \u00e0 l\u2019\u00e9poque &#8211; jug\u00e9 plus fiable que l\u2019impr\u00e9visible Donald Trump.<\/p>\n<p><img decoding=\"async\" class=\"image \" loading=\"lazy\" src=\"https:\/\/www.europesays.com\/fr\/wp-content\/uploads\/2025\/12\/ZTZCQQBP2JAMPBCHELVBXPXIIA.jpg\" alt=\"Vladimir Poutine et Emmanuel Macron au ch\u00e2teau de Versailles, en mai 2017. AFP \/ STEPHANE DE SAKUTIN \/ POOL\" align=\"\" data-rubrique-principale=\"\" data-article-type=\"\" fetchpriority=\"auto\"\/>Vladimir Poutine et Emmanuel Macron au ch\u00e2teau de Versailles, en mai 2017. AFP \/ STEPHANE DE SAKUTIN \/ POOL <\/p>\n<p class=\"\">Cette strat\u00e9gie ne porte pas ses fruits : d\u00e9but 2022, la Russie se pr\u00e9pare \u00e0 envahir l\u2019Ukraine. Emmanuel Macron tente de l\u2019\u00e9viter, se rendant m\u00eame \u00e0 Moscou pour dialoguer avec Vladimir Poutine. Sans succ\u00e8s. Au d\u00e9clenchement du conflit, la France apporte son soutien \u00e0 Kiev. Emmanuel Macron se pose comme m\u00e9diateur. Il encha\u00eene les conversations t\u00e9l\u00e9phoniques avec le chef du Kremlin et appelle ses alli\u00e9s<a href=\"https:\/\/www.leparisien.fr\/international\/guerre-en-ukraine-macron-a-tort-il-faut-humilier-la-russie-de-poutine-attaque-garry-kasparov-21-06-2022-USELKNQAO5HBVEXSDQ3GZWNIDM.php\" target=\"_self\" rel=\"noopener\"> \u00e0 \u00ab ne pas humilier \u00bb Moscou.<\/a><\/p>\n<p><img decoding=\"async\" class=\"image \" loading=\"lazy\" src=\"https:\/\/www.europesays.com\/fr\/wp-content\/uploads\/2025\/12\/IHXI324D4BECHHQR4LUZDGM6KM.jpg\" alt=\"Vladimir Poutine et Emmanuel Macron \u00e0 Moscou, le 7 f\u00e9vrier 2022, quelques jours avant le d\u00e9but de la guerre en Ukraine. AFP \/ SPUTNIK\" align=\"\" data-rubrique-principale=\"\" data-article-type=\"\" fetchpriority=\"auto\"\/>Vladimir Poutine et Emmanuel Macron \u00e0 Moscou, le 7 f\u00e9vrier 2022, quelques jours avant le d\u00e9but de la guerre en Ukraine. AFP \/ SPUTNIK <\/p>\n<p class=\"\">Au fil des mois, <a href=\"https:\/\/www.leparisien.fr\/international\/entre-macron-et-poutine-des-tacles-mais-plus-de-coups-de-fil-29-07-2022-EWE2X3XS6BDORLMAULQVC54A7Q.php\" target=\"_self\" rel=\"noopener\">la posture pr\u00e9sidentielle \u00e9volue<\/a> : l\u2019envoi de troupes au sol <a href=\"https:\/\/www.leparisien.fr\/politique\/guerre-en-ukraine-emmanuel-macron-clame-de-nouveau-quil-nexclut-pas-un-envoi-de-troupes-au-sol-sous-conditions-02-05-2024-5V7H7ZH2INDKVMPMZ3LV6E46TU.php\" target=\"_blank\" rel=\"noopener\">n\u2019est plus \u00ab exclu \u00bb <\/a>et la Russie est qualifi\u00e9e de \u00ab menace existentielle \u00bb. Et mi-ao\u00fbt 2025, Emmanuel Macron affirme que son homologue russe est un <a href=\"https:\/\/www.leparisien.fr\/politique\/vladimir-poutine-est-un-un-ogre-a-nos-portes-qui-a-rarement-tenu-ses-engagements-estime-emmanuel-macron-19-08-2025-W7SR36IVI5CPTMDPJRP7Z5CGO4.php\" target=\"_self\" rel=\"noopener\">\u00ab pr\u00e9dateur, un ogre \u00e0 nos portes \u00bb<\/a>. Des \u00ab insultes vulgaires \u00bb d\u00e9passant les \u00ab limites de la d\u00e9cence \u00bb, d\u00e9nonce alors Moscou.<\/p>\n<p>\u00c0 quoi va servir une nouvelle discussion ?<\/p>\n<p class=\"\">Malgr\u00e9 ces pr\u00e9c\u00e9dents, les deux pr\u00e9sidents devraient donc prochainement se reparler. \u00ab C\u2019est imp\u00e9ratif. Mais pour dire quoi ? \u00bb se demande Alexandre Melnik. \u00ab Poutine est inflexible et n\u2019a pas boug\u00e9 d\u2019un iota. Cette conversation ne va d\u00e9boucher sur rien \u00bb pr\u00e9dit-il, \u00e9voquant un geste avant tout \u00ab diplomatique \u00bb et symbolique.<\/p>\n<p class=\"\">\u00ab D\u00e8s lors que la perspective d\u2019un cessez-le-feu et d\u2019une n\u00e9gociation de paix se pr\u00e9cise, il redevient utile de parler \u00e0 Poutine \u00bb, justifie de son c\u00f4t\u00e9 <a href=\"https:\/\/www.leparisien.fr\/international\/ukraine\/nous-entrons-dans-une-nouvelle-phase-de-la-guerre-macron-et-poutine-prets-a-renouer-le-dialogue-sur-lukraine-un-signe-de-detente-21-12-2025-NMCUY2L6OJDGVDTQF4MFE2SOOA.php\" target=\"_self\" rel=\"noopener\">l\u2019\u00c9lys\u00e9e<\/a>. \u00ab Notre objectif demeurera de contribuer \u00e0 une paix solide et durable pour l\u2019Ukraine et l\u2019Europe, en toute transparence avec le pr\u00e9sident Zelensky et nos partenaires europ\u00e9ens \u00bb, fait savoir l\u2019entourage du pr\u00e9sident.<\/p>\n<p class=\"\">Un \u00e9change Macron-Poutine pourrait aussi permettre d\u2019aborder d\u2019autres sujets, comme la situation de Laurent Vinatier, <a href=\"https:\/\/www.leparisien.fr\/international\/vladimir-poutine-affirme-quil-va-se-pencher-sur-laffaire-du-francais-laurent-vinatier-emprisonne-en-russie-depuis-plus-dun-an-19-12-2025-LPRHTSI46VCP5AUS3AUWSFAI7E.php\" target=\"_self\" rel=\"noopener\">ce Fran\u00e7ais d\u00e9tenu \u00e0 Moscou<\/a>.<\/p>\n<p class=\"\">Une chose semble toutefois certaine : la future discussion entre les deux pr\u00e9sidents ne remettra pas sur les rails les relations franco-russes, juge Alexandre Melnik. Des \u00e9volutions peuvent avoir lieu sur \u00ab la forme, mais sur le fond, Poutine ne changera pas tant qu\u2019il sera au pouvoir \u00bb, assure l\u2019ancien diplomate.<\/p>\n","protected":false},"excerpt":{"rendered":"Leur derni\u00e8re conversation avait dur\u00e9 plus de deux heures. Le 1er juillet dernier, Emmanuel Macron et Vladimir Poutine&hellip;\n","protected":false},"author":2,"featured_media":618421,"comment_status":"","ping_status":"","sticky":false,"template":"","format":"standard","meta":{"footnotes":""},"categories":[5],"tags":[11,1011,27,14,12,220,28],"class_list":{"0":"post-618420","1":"post","2":"type-post","3":"status-publish","4":"format-standard","5":"has-post-thumbnail","7":"category-international","8":"tag-actualites","9":"tag-fr","10":"tag-france","11":"tag-international","12":"tag-news","13":"tag-ukraine","14":"tag-world"},"share_on_mastodon":{"url":"https:\/\/pubeurope.com\/@fr\/115770353079020441","error":""},"_links":{"self":[{"href":"https:\/\/www.europesays.com\/fr\/wp-json\/wp\/v2\/posts\/618420","targetHints":{"allow":["GET"]}}],"collection":[{"href":"https:\/\/www.europesays.com\/fr\/wp-json\/wp\/v2\/posts"}],"about":[{"href":"https:\/\/www.europesays.com\/fr\/wp-json\/wp\/v2\/types\/post"}],"author":[{"embeddable":true,"href":"https:\/\/www.europesays.com\/fr\/wp-json\/wp\/v2\/users\/2"}],"replies":[{"embeddable":true,"href":"https:\/\/www.europesays.com\/fr\/wp-json\/wp\/v2\/comments?post=618420"}],"version-history":[{"count":0,"href":"https:\/\/www.europesays.com\/fr\/wp-json\/wp\/v2\/posts\/618420\/revisions"}],"wp:featuredmedia":[{"embeddable":true,"href":"https:\/\/www.europesays.com\/fr\/wp-json\/wp\/v2\/media\/618421"}],"wp:attachment":[{"href":"https:\/\/www.europesays.com\/fr\/wp-json\/wp\/v2\/media?parent=618420"}],"wp:term":[{"taxonomy":"category","embeddable":true,"href":"https:\/\/www.europesays.com\/fr\/wp-json\/wp\/v2\/categories?post=618420"},{"taxonomy":"post_tag","embeddable":true,"href":"https:\/\/www.europesays.com\/fr\/wp-json\/wp\/v2\/tags?post=618420"}],"curies":[{"name":"wp","href":"https:\/\/api.w.org\/{rel}","templated":true}]}}