{"id":618426,"date":"2025-12-23T18:44:14","date_gmt":"2025-12-23T18:44:14","guid":{"rendered":"https:\/\/www.europesays.com\/fr\/618426\/"},"modified":"2025-12-23T18:44:14","modified_gmt":"2025-12-23T18:44:14","slug":"villars-noel-cest-dabord-la-creche-ce-nest-pas-que-les-flonflons-de-la-fete","status":"publish","type":"post","link":"https:\/\/www.europesays.com\/fr\/618426\/","title":{"rendered":"Villars. \u00ab\u00a0No\u00ebl, c\u2019est d\u2019abord la cr\u00e8che, ce n\u2019est pas que les flonflons de la f\u00eate\u00a0\u00bb"},"content":{"rendered":"<blockquote class=\"question\"><p>D\u2019o\u00f9 vous est venue cette envie de cr\u00e9er cette cr\u00e8che de No\u00ebl\u00a0?<\/p><\/blockquote>\n<p>\u00ab\u00a0Quand j\u2019\u00e9tais gamin, nous faisions nous-m\u00eames notre cr\u00e8che et on essayait de faire quelque chose de joli. Dans certaines \u00e9glises maintenant, ils ne se cassent pas trop la t\u00eate, ils posent trois pauvres personnages, je trouve \u00e7a triste. En plus, j\u2019ai une sainte horreur des cr\u00e8ches proven\u00e7ales\u00a0! \u00c7a n\u2019a rien \u00e0 voir avec No\u00ebl, c\u2019est un \u00e9v\u00e8nement qui s\u2019est pass\u00e9 en Palestine il y a 2\u00a0000 ans. Je voulais reproduire un peu le paysage \u00e0 l\u2019\u00e9poque o\u00f9 s\u2019\u00e9tait pass\u00e9 l\u2019\u00e9v\u00e9nement. Pour moi No\u00ebl, c\u2019est d\u2019abord \u00e7a, ce n\u2019est pas que les flonflons de la f\u00eate. Alors un jour, j\u2019ai demand\u00e9 au cur\u00e9 s\u2019il \u00e9tait&#8230;<\/p>\n","protected":false},"excerpt":{"rendered":"D\u2019o\u00f9 vous est venue cette envie de cr\u00e9er cette cr\u00e8che de No\u00ebl\u00a0? \u00ab\u00a0Quand j\u2019\u00e9tais gamin, nous faisions nous-m\u00eames&hellip;\n","protected":false},"author":2,"featured_media":618427,"comment_status":"","ping_status":"","sticky":false,"template":"","format":"standard","meta":{"footnotes":""},"categories":[9653],"tags":[1111,11,2430,7539,1777,674,1011,27,12,5889,25,4001,9664,104,10246],"class_list":{"0":"post-618426","1":"post","2":"type-post","3":"status-publish","4":"format-standard","5":"has-post-thumbnail","7":"category-saint-etienne","8":"tag-actu","9":"tag-actualites","10":"tag-auvergne-rhone-alpes","11":"tag-edition-loire-sud","12":"tag-eu","13":"tag-europe","14":"tag-fr","15":"tag-france","16":"tag-news","17":"tag-religion-croyance","18":"tag-republique-francaise","19":"tag-saint-etienne","20":"tag-saint-etienne-bassin","21":"tag-societe","22":"tag-villars"},"share_on_mastodon":{"url":"https:\/\/pubeurope.com\/@fr\/115770363969923500","error":""},"_links":{"self":[{"href":"https:\/\/www.europesays.com\/fr\/wp-json\/wp\/v2\/posts\/618426","targetHints":{"allow":["GET"]}}],"collection":[{"href":"https:\/\/www.europesays.com\/fr\/wp-json\/wp\/v2\/posts"}],"about":[{"href":"https:\/\/www.europesays.com\/fr\/wp-json\/wp\/v2\/types\/post"}],"author":[{"embeddable":true,"href":"https:\/\/www.europesays.com\/fr\/wp-json\/wp\/v2\/users\/2"}],"replies":[{"embeddable":true,"href":"https:\/\/www.europesays.com\/fr\/wp-json\/wp\/v2\/comments?post=618426"}],"version-history":[{"count":0,"href":"https:\/\/www.europesays.com\/fr\/wp-json\/wp\/v2\/posts\/618426\/revisions"}],"wp:featuredmedia":[{"embeddable":true,"href":"https:\/\/www.europesays.com\/fr\/wp-json\/wp\/v2\/media\/618427"}],"wp:attachment":[{"href":"https:\/\/www.europesays.com\/fr\/wp-json\/wp\/v2\/media?parent=618426"}],"wp:term":[{"taxonomy":"category","embeddable":true,"href":"https:\/\/www.europesays.com\/fr\/wp-json\/wp\/v2\/categories?post=618426"},{"taxonomy":"post_tag","embeddable":true,"href":"https:\/\/www.europesays.com\/fr\/wp-json\/wp\/v2\/tags?post=618426"}],"curies":[{"name":"wp","href":"https:\/\/api.w.org\/{rel}","templated":true}]}}