{"id":618430,"date":"2025-12-23T18:46:20","date_gmt":"2025-12-23T18:46:20","guid":{"rendered":"https:\/\/www.europesays.com\/fr\/618430\/"},"modified":"2025-12-23T18:46:20","modified_gmt":"2025-12-23T18:46:20","slug":"cela-paraissait-tellement-serieux","status":"publish","type":"post","link":"https:\/\/www.europesays.com\/fr\/618430\/","title":{"rendered":"\u00ab Cela paraissait tellement s\u00e9rieux \u00bb"},"content":{"rendered":"<p>Difficile de rencontrer Jacqueline et Denis. Ce couple de retrait\u00e9s de Nancy ne r\u00e9pond plus au t\u00e9l\u00e9phone lorsqu\u2019il ne reconna\u00eet pas le num\u00e9ro, n\u2019ouvre plus sa porte \u00e0 des inconnus et ne croit plus personne sur parole. \u00ab\u00a0Nous sommes devenus plus que m\u00e9fiants\u00a0\u00bb, reconnaissent-ils, une fois que l\u2019on r\u00e9ussit \u00e0 entrer en contact avec eux gr\u00e2ce \u00e0 la caution d\u2019un tiers de confiance.<\/p>\n<p>Confiance\u00a0? Un mot qui a disparu de leur vocabulaire. Et cela depuis qu\u2019ils ont \u00e9t\u00e9 victimes, il y a quelques mois, d\u2019une escroquerie qui a le vent en poupe actuellement. Les ficelles paraissent pourtant \u00e9normes. Ce qui ne les emp\u00eache pas d\u2019\u00eatre d\u2019une redoutable efficacit\u00e9. Pour Jacqueline, tout est&#8230;<\/p>\n","protected":false},"excerpt":{"rendered":"Difficile de rencontrer Jacqueline et Denis. Ce couple de retrait\u00e9s de Nancy ne r\u00e9pond plus au t\u00e9l\u00e9phone lorsqu\u2019il&hellip;\n","protected":false},"author":2,"featured_media":618431,"comment_status":"","ping_status":"","sticky":false,"template":"","format":"standard","meta":{"footnotes":""},"categories":[9635],"tags":[1111,11,271,272,1707,1704,1706,1705,1777,674,274,1011,27,775,3457,1702,1703,12,25],"class_list":{"0":"post-618430","1":"post","2":"type-post","3":"status-publish","4":"format-standard","5":"has-post-thumbnail","7":"category-nancy","8":"tag-actu","9":"tag-actualites","10":"tag-crime","11":"tag-delit-et-contravention","12":"tag-edition-luneville","13":"tag-edition-nancy-et-agglomeration","14":"tag-edition-pont-a-mousson","15":"tag-edition-toul","16":"tag-eu","17":"tag-europe","18":"tag-faits-divers-justice","19":"tag-fr","20":"tag-france","21":"tag-grand-est","22":"tag-meurthe-et-moselle","23":"tag-nancy","24":"tag-nancy-ville-54b","25":"tag-news","26":"tag-republique-francaise"},"share_on_mastodon":{"url":"https:\/\/pubeurope.com\/@fr\/115770371959643036","error":""},"_links":{"self":[{"href":"https:\/\/www.europesays.com\/fr\/wp-json\/wp\/v2\/posts\/618430","targetHints":{"allow":["GET"]}}],"collection":[{"href":"https:\/\/www.europesays.com\/fr\/wp-json\/wp\/v2\/posts"}],"about":[{"href":"https:\/\/www.europesays.com\/fr\/wp-json\/wp\/v2\/types\/post"}],"author":[{"embeddable":true,"href":"https:\/\/www.europesays.com\/fr\/wp-json\/wp\/v2\/users\/2"}],"replies":[{"embeddable":true,"href":"https:\/\/www.europesays.com\/fr\/wp-json\/wp\/v2\/comments?post=618430"}],"version-history":[{"count":0,"href":"https:\/\/www.europesays.com\/fr\/wp-json\/wp\/v2\/posts\/618430\/revisions"}],"wp:featuredmedia":[{"embeddable":true,"href":"https:\/\/www.europesays.com\/fr\/wp-json\/wp\/v2\/media\/618431"}],"wp:attachment":[{"href":"https:\/\/www.europesays.com\/fr\/wp-json\/wp\/v2\/media?parent=618430"}],"wp:term":[{"taxonomy":"category","embeddable":true,"href":"https:\/\/www.europesays.com\/fr\/wp-json\/wp\/v2\/categories?post=618430"},{"taxonomy":"post_tag","embeddable":true,"href":"https:\/\/www.europesays.com\/fr\/wp-json\/wp\/v2\/tags?post=618430"}],"curies":[{"name":"wp","href":"https:\/\/api.w.org\/{rel}","templated":true}]}}