{"id":618432,"date":"2025-12-23T18:47:26","date_gmt":"2025-12-23T18:47:26","guid":{"rendered":"https:\/\/www.europesays.com\/fr\/618432\/"},"modified":"2025-12-23T18:47:26","modified_gmt":"2025-12-23T18:47:26","slug":"la-police-larrete-sur-son-lieu-de-travail","status":"publish","type":"post","link":"https:\/\/www.europesays.com\/fr\/618432\/","title":{"rendered":"la police l&rsquo;arr\u00eate sur son lieu de travail"},"content":{"rendered":"<p>                    Par<br \/>\n        <strong><br \/>\n            <a href=\"https:\/\/actu.fr\/auteur\/pierre-emile-bouchy-actu-fr\" title=\"Consulter tous les articles de Paul-Emile Bouchy\" target=\"_blank\" rel=\"noopener\">Paul-Emile Bouchy<\/a><br \/>\n                    <\/strong><\/p>\n<p>        Publi\u00e9 le<\/p>\n<p>            23 d\u00e9c. 2025 \u00e0 18h35        <\/p>\n<p>Lundi 22\u00a0d\u00e9cembre, \u00e0 17h, la <a href=\"https:\/\/actu.fr\/tag\/police\" target=\"_blank\" rel=\"noopener\">police<\/a> a interpell\u00e9 <strong>un homme de 38\u00a0ans<\/strong> sur son lieu de travail \u00e0 <strong>Vand\u0153uvre-l\u00e8s-Nancy<\/strong> (<a href=\"https:\/\/actu.fr\/grand-est\/meurthe-et-moselle_54\" target=\"_blank\" rel=\"noopener\">Meurthe-et-Moselle<\/a>).<\/p>\n<p class=\" wall-content\"><strong>P\u00e8re de trois enfants<\/strong>, il est soup\u00e7onn\u00e9 d\u2019avoir \u00e9t\u00e9 <strong>violent envers sa femme et sa fille \u00e2g\u00e9e de 9\u00a0ans<\/strong>.<\/p>\n<p>Des \u00ab\u2009\u00e9tranglements\u2009\u00bb et des objets jet\u00e9s<\/p>\n<p class=\" wall-content\"><strong>L\u2019alerte a \u00e9t\u00e9 donn\u00e9e par la fillette de 9\u00a0ans<\/strong> aupr\u00e8s de la police. Arr\u00eat\u00e9 et plac\u00e9 en garde \u00e0 vue, le p\u00e8re a ni\u00e9 les faits qui lui sont reproch\u00e9s.<\/p>\n<p class=\" wall-content\">Selon les forces de l\u2019ordre, l\u2019enfant et la maman ont \u00e9t\u00e9 <strong>victimes de violences \u00e0 plusieurs reprises<\/strong> depuis le d\u00e9but de l\u2019ann\u00e9e comme <strong>des \u00ab\u2009\u00e9tranglements\u2009\u00bb et des jets d\u2019objets<\/strong>. Elles ont re\u00e7u respectivement <strong>3 et 6\u00a0jours d\u2019incapacit\u00e9 totale de travail (ITT)<\/strong>.<\/p>\n<p class=\" wall-content\">L\u2019homme a \u00e9t\u00e9 pr\u00e9sent\u00e9 ce mardi apr\u00e8s-midi en comparution imm\u00e9diate.<\/p>\n<p class=\" wall-content\">Personnalisez votre actualit\u00e9 en ajoutant vos villes et m\u00e9dias en favori avec <a href=\"https:\/\/moncompte.actu.fr\" title=\"D\u00e9couvez Mon Actu\" rel=\"nofollow noopener\" data-trk=\"{&quot;cta&quot;:{&quot;action&quot;:&quot;https:\\\/\\\/moncompte.actu.fr&quot;,&quot;category&quot;:&quot;mon compte&quot;,&quot;from&quot;:&quot;article footer&quot;,&quot;name&quot;:&quot;Mon actu&quot;,&quot;type&quot;:&quot;cta&quot;}}\" target=\"_blank\">Mon Actu<\/a>.<\/p>\n","protected":false},"excerpt":{"rendered":"Par Paul-Emile Bouchy Publi\u00e9 le 23 d\u00e9c. 2025 \u00e0 18h35 Lundi 22\u00a0d\u00e9cembre, \u00e0 17h, la police a interpell\u00e9&hellip;\n","protected":false},"author":2,"featured_media":618433,"comment_status":"","ping_status":"","sticky":false,"template":"","format":"standard","meta":{"footnotes":""},"categories":[9635],"tags":[1111,11,1777,674,118,1011,27,775,1702,12,1072,25,798],"class_list":{"0":"post-618432","1":"post","2":"type-post","3":"status-publish","4":"format-standard","5":"has-post-thumbnail","7":"category-nancy","8":"tag-actu","9":"tag-actualites","10":"tag-eu","11":"tag-europe","12":"tag-faits-divers","13":"tag-fr","14":"tag-france","15":"tag-grand-est","16":"tag-nancy","17":"tag-news","18":"tag-police","19":"tag-republique-francaise","20":"tag-violences-conjugales"},"share_on_mastodon":{"url":"https:\/\/pubeurope.com\/@fr\/115770375860887697","error":""},"_links":{"self":[{"href":"https:\/\/www.europesays.com\/fr\/wp-json\/wp\/v2\/posts\/618432","targetHints":{"allow":["GET"]}}],"collection":[{"href":"https:\/\/www.europesays.com\/fr\/wp-json\/wp\/v2\/posts"}],"about":[{"href":"https:\/\/www.europesays.com\/fr\/wp-json\/wp\/v2\/types\/post"}],"author":[{"embeddable":true,"href":"https:\/\/www.europesays.com\/fr\/wp-json\/wp\/v2\/users\/2"}],"replies":[{"embeddable":true,"href":"https:\/\/www.europesays.com\/fr\/wp-json\/wp\/v2\/comments?post=618432"}],"version-history":[{"count":0,"href":"https:\/\/www.europesays.com\/fr\/wp-json\/wp\/v2\/posts\/618432\/revisions"}],"wp:featuredmedia":[{"embeddable":true,"href":"https:\/\/www.europesays.com\/fr\/wp-json\/wp\/v2\/media\/618433"}],"wp:attachment":[{"href":"https:\/\/www.europesays.com\/fr\/wp-json\/wp\/v2\/media?parent=618432"}],"wp:term":[{"taxonomy":"category","embeddable":true,"href":"https:\/\/www.europesays.com\/fr\/wp-json\/wp\/v2\/categories?post=618432"},{"taxonomy":"post_tag","embeddable":true,"href":"https:\/\/www.europesays.com\/fr\/wp-json\/wp\/v2\/tags?post=618432"}],"curies":[{"name":"wp","href":"https:\/\/api.w.org\/{rel}","templated":true}]}}