{"id":618438,"date":"2025-12-23T18:50:18","date_gmt":"2025-12-23T18:50:18","guid":{"rendered":"https:\/\/www.europesays.com\/fr\/618438\/"},"modified":"2025-12-23T18:50:18","modified_gmt":"2025-12-23T18:50:18","slug":"cest-noel-avant-lheure-pour-ces-salaries-une-entreprise-heraultaise-double-la-prime-sur-le-partage-de-valeur","status":"publish","type":"post","link":"https:\/\/www.europesays.com\/fr\/618438\/","title":{"rendered":"C\u2019est No\u00ebl avant l\u2019heure pour ces salari\u00e9s\u00a0: une entreprise h\u00e9raultaise double la prime sur le partage de valeur"},"content":{"rendered":"<p>\n                                                                C\u2019est No\u00ebl avant l\u2019heure chez le p\u00e9pini\u00e9riste Sarivi\u00e8re. G\u00e9raud Vaillat, son dirigeant, aura octroy\u00e9 au total 6\u00a0000\u00a0euros pour f\u00e9liciter ses collaborateurs \u00ab\u00a0des bons r\u00e9sultats\u00a0\u00bb de l\u2019entreprise.\n                            <\/p>\n<p>C\u2019est une initiative qui n\u2019est pas tr\u00e8s courante dans le milieu de l\u2019entreprise. <a href=\"https:\/\/www.midilibre.fr\/2025\/01\/01\/a-lattes-le-paysagiste-sariviere-soigne-son-personnel-et-pense-a-lavenir-12420851.php\" target=\"_blank\" rel=\"noopener\">Le p\u00e9pini\u00e9riste Sarivi\u00e8re, bas\u00e9 \u00e0 Maurin, aura vers\u00e9 cette ann\u00e9e \u00e0 ses salari\u00e9s jusqu\u2019\u00e0 6\u00a0000\u00a0euros de prime sur le partage de la valeur,<\/a> l\u2019ex-prime Macron cr\u00e9\u00e9 au lendemain de la pand\u00e9mie du Covid-19.<\/p>\n<p>\u00ab\u00a0En ces temps d\u2019incertitude budg\u00e9taire, d\u2019\u00e9conomie morose, il est toujours bon, me semble-t-il, de mettre en avant les efforts des entreprises qui veulent prot\u00e9ger le pouvoir d\u2019achat de leurs salari\u00e9s\u00a0\u00bb, explique G\u00e9raud Vaillat, dirigeant de l\u2019entreprise.<\/p>\n<p>Un co\u00fbt de 80\u00a0000\u00a0euros pour l\u2019entreprise<\/p>\n<p>Cette prime a \u00e9t\u00e9 vers\u00e9e en deux temps. Les 25 salari\u00e9s de l\u2019entreprise ont re\u00e7u \u00e0 la fin de l\u2019\u00e9t\u00e9 un premier versement compris entre 1\u00a0500\u00a0euros et 3\u00a0000\u00a0euros, \u00ab\u00a0selon des crit\u00e8res d\u2019anciennet\u00e9 et de responsabilit\u00e9\u00a0\u00bb. \u00ab\u00a0Cette prime est aujourd\u2019hui doubl\u00e9e\u00a0\u00bb, ajoute le dirigeant. Le second versement a \u00e9t\u00e9 effectu\u00e9 il y a quelques jours.\u00a0L\u2019entreprise Sarivi\u00e8re a \u00e9t\u00e9 l\u2019un des entreprises qui avait, tr\u00e8s t\u00f4t, dans la r\u00e9gion, d\u00e9cid\u00e9 de suivre l\u2019initiative de l\u2019\u00c9tat avec la prime Macron. \u00ab\u00a0D\u00e8s la premi\u00e8re ann\u00e9e, nous avons vers\u00e9 1\u00a0000\u00a0euros, comme l\u2019encourageait l\u2019\u00c9tat\u00a0\u00bb, explique G\u00e9raud Vaillat. Il ajoute\u00a0: \u00ab\u00a0Nous sommes ensuite pass\u00e9s \u00e0 2\u00a0000\u00a0euros, puis \u00e0 3\u00a0000\u00a0euros. Rien ne nous oblige \u00e0 la doubler, mais comme les collaborateurs ont fait du bon boulot, j\u2019ai d\u00e9cid\u00e9 de le faire\u00a0\u00bb<\/p>\n<p>Des ann\u00e9es \u00e0 venir qui \u00ab\u00a0s\u2019annoncent difficiles\u00a0\u00bb<\/p>\n<p>\u00ab\u00a0L\u2019entreprise a confort\u00e9 son excellent positionnement sur le march\u00e9 des entreprises du paysage de notre r\u00e9gion, explique-t-il dans un courrier adress\u00e9 \u00e0 ses salari\u00e9s. Et ce, m\u00eame si l\u2019activit\u00e9\u00a0\u00e9conomique se complique\u00a0\u00bb. Sa d\u00e9cision se veut \u00ab\u00a0un marqueur fort\u00a0\u00bb de sa \u00ab\u00a0reconnaissance\u00a0\u00bb devant l\u2019implication de ses salari\u00e9s \u00ab\u00a0et devant leur motivation\u00a0\u00bb. Il table sur leur motivation dans les ann\u00e9es \u00e0 venir, \u00ab\u00a0qui, avec la crise du b\u00e2timent et de l\u2019immobilier et des finances publiques, s\u2019annoncent particuli\u00e8rement difficiles\u00a0\u00bb.<\/p>\n","protected":false},"excerpt":{"rendered":"C\u2019est No\u00ebl avant l\u2019heure chez le p\u00e9pini\u00e9riste Sarivi\u00e8re. G\u00e9raud Vaillat, son dirigeant, aura octroy\u00e9 au total 6\u00a0000\u00a0euros pour&hellip;\n","protected":false},"author":2,"featured_media":618439,"comment_status":"","ping_status":"","sticky":false,"template":"","format":"standard","meta":{"footnotes":""},"categories":[9599],"tags":[1111,11,33,1777,674,1011,27,7089,2208,12,2680,25],"class_list":{"0":"post-618438","1":"post","2":"type-post","3":"status-publish","4":"format-standard","5":"has-post-thumbnail","7":"category-montpellier","8":"tag-actu","9":"tag-actualites","10":"tag-economie","11":"tag-eu","12":"tag-europe","13":"tag-fr","14":"tag-france","15":"tag-herault","16":"tag-montpellier","17":"tag-news","18":"tag-occitanie","19":"tag-republique-francaise"},"share_on_mastodon":{"url":"https:\/\/pubeurope.com\/@fr\/115770387671773851","error":""},"_links":{"self":[{"href":"https:\/\/www.europesays.com\/fr\/wp-json\/wp\/v2\/posts\/618438","targetHints":{"allow":["GET"]}}],"collection":[{"href":"https:\/\/www.europesays.com\/fr\/wp-json\/wp\/v2\/posts"}],"about":[{"href":"https:\/\/www.europesays.com\/fr\/wp-json\/wp\/v2\/types\/post"}],"author":[{"embeddable":true,"href":"https:\/\/www.europesays.com\/fr\/wp-json\/wp\/v2\/users\/2"}],"replies":[{"embeddable":true,"href":"https:\/\/www.europesays.com\/fr\/wp-json\/wp\/v2\/comments?post=618438"}],"version-history":[{"count":0,"href":"https:\/\/www.europesays.com\/fr\/wp-json\/wp\/v2\/posts\/618438\/revisions"}],"wp:featuredmedia":[{"embeddable":true,"href":"https:\/\/www.europesays.com\/fr\/wp-json\/wp\/v2\/media\/618439"}],"wp:attachment":[{"href":"https:\/\/www.europesays.com\/fr\/wp-json\/wp\/v2\/media?parent=618438"}],"wp:term":[{"taxonomy":"category","embeddable":true,"href":"https:\/\/www.europesays.com\/fr\/wp-json\/wp\/v2\/categories?post=618438"},{"taxonomy":"post_tag","embeddable":true,"href":"https:\/\/www.europesays.com\/fr\/wp-json\/wp\/v2\/tags?post=618438"}],"curies":[{"name":"wp","href":"https:\/\/api.w.org\/{rel}","templated":true}]}}