{"id":618440,"date":"2025-12-23T18:51:14","date_gmt":"2025-12-23T18:51:14","guid":{"rendered":"https:\/\/www.europesays.com\/fr\/618440\/"},"modified":"2025-12-23T18:51:14","modified_gmt":"2025-12-23T18:51:14","slug":"inondations-a-montpellier-jean-louis-roumegas-candidat-aux-municipales-denonce-le-modele-durbanisation","status":"publish","type":"post","link":"https:\/\/www.europesays.com\/fr\/618440\/","title":{"rendered":"Inondations \u00e0 Montpellier\u00a0: Jean-Louis Roum\u00e9gas, candidat aux municipales, d\u00e9nonce le \u00ab\u00a0mod\u00e8le d\u2019urbanisation\u00a0\u00bb"},"content":{"rendered":"<p>\n                                                                Dans un communiqu\u00e9 le d\u00e9put\u00e9 \u00e9cologiste d\u00e9nonce des choix politiques \u00e0 l\u2019origine des \u00ab\u00a0rues submerg\u00e9es, tramways \u00e0 l\u2019arr\u00eat, tunnels inond\u00e9s\u00a0\u00bb\u2026\n                            <\/p>\n<p>\u00ab\u00a0La m\u00e9t\u00e9o a parl\u00e9\u00a0: stop au b\u00e9ton\u00a0!\u00a0\u00bb\u00a0Candidat aux municipales, Jean-Louis Roum\u00e9gas n\u2019a pas tard\u00e9 \u00e0 r\u00e9agir sur les cons\u00e9quences des inondations. \u00ab\u00a0Rues submerg\u00e9es, tramways \u00e0 l\u2019arr\u00eat, tunnels y compris les plus r\u00e9cents\u2026 Ce n\u2019est pas une fatalit\u00e9 climatique, c\u2019est le r\u00e9sultat de mauvais choix politiques.\u00a0\u00bb<\/p>\n<p>\u00ab\u00a0Rompre avec le b\u00e9ton\u00a0\u00bb<\/p>\n<p>L\u2019\u00e9lu \u00e9cologiste d\u00e9nonce \u00ab\u00a0le mod\u00e8le d\u2019urbanisme amorc\u00e9 par Fr\u00eache et poursuivi par Mandroux, Saurel et aujourd\u2019hui Delafosse. R\u00e9sultat\u00a0: 80\u00a0% du sol de Montpellier est b\u00e9tonnis\u00e9 et \u00e7a continue encore.\u00a0\u00bb\u00a0Le candidat appelle \u00e0 \u00ab\u00a0rompre avec le b\u00e9ton, la logique des grands projets et l\u2019hypocrisie des discours sans acte.\u00a0\u00bb<\/p>\n<p>Seule solution selon Roum\u00e9gas\u00a0: le z\u00e9ro artificialisation nette des sols et la d\u00e9simperm\u00e9abilisation de 60\u00a0ha \u00e0 Montpellier.<\/p>\n","protected":false},"excerpt":{"rendered":"Dans un communiqu\u00e9 le d\u00e9put\u00e9 \u00e9cologiste d\u00e9nonce des choix politiques \u00e0 l\u2019origine des \u00ab\u00a0rues submerg\u00e9es, tramways \u00e0 l\u2019arr\u00eat,&hellip;\n","protected":false},"author":2,"featured_media":618441,"comment_status":"","ping_status":"","sticky":false,"template":"","format":"standard","meta":{"footnotes":""},"categories":[9599],"tags":[1111,11,5949,1777,674,1011,27,7089,2208,3434,12,2680,316,25],"class_list":{"0":"post-618440","1":"post","2":"type-post","3":"status-publish","4":"format-standard","5":"has-post-thumbnail","7":"category-montpellier","8":"tag-actu","9":"tag-actualites","10":"tag-elections","11":"tag-eu","12":"tag-europe","13":"tag-fr","14":"tag-france","15":"tag-herault","16":"tag-montpellier","17":"tag-municipales-2026","18":"tag-news","19":"tag-occitanie","20":"tag-politique","21":"tag-republique-francaise"},"share_on_mastodon":{"url":"https:\/\/pubeurope.com\/@fr\/115770391609531542","error":""},"_links":{"self":[{"href":"https:\/\/www.europesays.com\/fr\/wp-json\/wp\/v2\/posts\/618440","targetHints":{"allow":["GET"]}}],"collection":[{"href":"https:\/\/www.europesays.com\/fr\/wp-json\/wp\/v2\/posts"}],"about":[{"href":"https:\/\/www.europesays.com\/fr\/wp-json\/wp\/v2\/types\/post"}],"author":[{"embeddable":true,"href":"https:\/\/www.europesays.com\/fr\/wp-json\/wp\/v2\/users\/2"}],"replies":[{"embeddable":true,"href":"https:\/\/www.europesays.com\/fr\/wp-json\/wp\/v2\/comments?post=618440"}],"version-history":[{"count":0,"href":"https:\/\/www.europesays.com\/fr\/wp-json\/wp\/v2\/posts\/618440\/revisions"}],"wp:featuredmedia":[{"embeddable":true,"href":"https:\/\/www.europesays.com\/fr\/wp-json\/wp\/v2\/media\/618441"}],"wp:attachment":[{"href":"https:\/\/www.europesays.com\/fr\/wp-json\/wp\/v2\/media?parent=618440"}],"wp:term":[{"taxonomy":"category","embeddable":true,"href":"https:\/\/www.europesays.com\/fr\/wp-json\/wp\/v2\/categories?post=618440"},{"taxonomy":"post_tag","embeddable":true,"href":"https:\/\/www.europesays.com\/fr\/wp-json\/wp\/v2\/tags?post=618440"}],"curies":[{"name":"wp","href":"https:\/\/api.w.org\/{rel}","templated":true}]}}