{"id":618450,"date":"2025-12-23T18:58:14","date_gmt":"2025-12-23T18:58:14","guid":{"rendered":"https:\/\/www.europesays.com\/fr\/618450\/"},"modified":"2025-12-23T18:58:14","modified_gmt":"2025-12-23T18:58:14","slug":"rennes-tente-le-gros-coup-claudio-echeverri","status":"publish","type":"post","link":"https:\/\/www.europesays.com\/fr\/618450\/","title":{"rendered":"Rennes tente le gros coup Claudio Echeverri !"},"content":{"rendered":"<p>Il y a presque deux ans, <a href=\"https:\/\/www.footmercato.net\/club\/manchester-city\/\" target=\"_blank\" rel=\"noopener\">Manchester City<\/a> r\u00e9alisait un joli coup en s\u2019offrant la jeune p\u00e9pite argentine de River Plate, <a href=\"https:\/\/www.footmercato.net\/joueur\/claudio-echeverri\/\" target=\"_blank\" rel=\"noopener\">Claudio Echeverri<\/a>, \u00e2g\u00e9e \u00e0 l\u2019\u00e9poque de 17 ans. Recrut\u00e9 pour un peu plus de 20 M\u20ac, le milieu offensif argentin n\u2019est cependant pas rest\u00e9 bien longtemps en Angleterre. Apr\u00e8s 3 apparitions (1 but) avec l\u2019\u00e9quipe de Pep Guardiola, l\u2019Argentin a \u00e9t\u00e9 pr\u00eat\u00e9 l\u2019\u00e9t\u00e9 dernier au <a href=\"https:\/\/www.footmercato.net\/club\/bayer-04-leverkusen\/\" target=\"_blank\" rel=\"noopener\">Bayer Leverkusen<\/a>. Un choix dict\u00e9 par l\u2019envie de rejoindre une \u00e9quipe comp\u00e9titive qualifi\u00e9e pour la prestigieuse Ligue des Champions.<\/p>\n<p>            La suite apr\u00e8s cette publicit\u00e9<\/p>\n<p>        Echeverri pas vraiment attir\u00e9 par Girona<\/p>\n<p>Autre courtisan d\u00e9clar\u00e9 du talent sud-am\u00e9ricain, <a href=\"https:\/\/www.footmercato.net\/club\/girona-fc\/\" target=\"_blank\" rel=\"noopener\">Girona<\/a> pensait profiter de son appartenance au City Football Group pour devancer son concurrent allemand. En vain. Malheureusement pour Echeverri, <a href=\"https:\/\/www.footmercato.net\/a6010093564955425637-manchester-city-la-pepite-claudio-echeverri-connait-de-gros-problemes-au-bayer-leverkusen\" target=\"_blank\" rel=\"noopener\">l\u2019exp\u00e9rience allemande va rapidement s\u2019arr\u00eater<\/a>. Apparu \u00e0 11 reprises (1 passe d\u00e9cisive), dont seulement 2 fois comme titulaire, l\u2019Argentin ne totalise que 270 minutes de jeu (environ 24,5 minutes\/rencontre) avec l\u2019actuel troisi\u00e8me du <a href=\"https:\/\/www.footmercato.net\/allemagne\/bundesliga\/classement\" target=\"_blank\" rel=\"noopener\">classement de Bundesliga<\/a>. Le divorce n\u2019est pas officiellement prononc\u00e9, mais tous les m\u00e9dias s\u2019accordent pour affirmer que le pr\u00eat d\u2019Echeverri sera cass\u00e9 d\u00e8s que le mercato hivernal sera officiellement ouvert. <\/p>\n<p>            La suite apr\u00e8s cette publicit\u00e9<\/p>\n<p>De quoi enfin profiter \u00e0 Girona ? Manchester City verrait d\u2019un tr\u00e8s bon \u0153il cette possibilit\u00e9, rappelant \u00e0 l\u2019Argentin que Savinho avait gagn\u00e9 le droit d\u2019int\u00e9grer l\u2019\u00e9quipe premi\u00e8re des Skyblues apr\u00e8s son passage concluant en <a href=\"https:\/\/www.footmercato.net\/espagne\/liga\/\" target=\"_blank\" rel=\"noopener\">Liga<\/a>. Seul souci, le clan Echeverri n\u2019est pas emball\u00e9 par Girona, 18e du <a href=\"https:\/\/www.footmercato.net\/espagne\/liga\/classement\" target=\"_blank\" rel=\"noopener\">classement de Liga<\/a>. Ce que souhaite le joueur, c\u2019est retourner \u00e0 River Plate. C\u2019est d\u2019ailleurs ce qu\u2019a confi\u00e9 son agent, dans des propos relay\u00e9s par <a href=\"https:\/\/as.com\/futbol\/primera\/el-girona-no-convence-a-echeverri-f202512-n\/\" target=\"_blank\" rel=\"noopener\">AS<\/a>. Seul souci, Manchester City n\u2019a pas vraiment les m\u00eames plans pour son milieu offensif.<\/p>\n<p>        Rennes se m\u00eale au bal des pr\u00e9tendants<\/p>\n<p>\u00ab\u00a0C\u2019est ce que souhaite Claudio, mais ce n\u2019est pas le souhait de Manchester City. J\u2019ai pr\u00e9vu des r\u00e9unions avec les dirigeants et nous allons d\u00e9finir l\u2019avenir de Claudio, mais je peux d\u00e9j\u00e0 vous dire qu\u2019il restera en Europe. Il s\u2019identifie beaucoup au club (River), c\u2019est l\u00e0 qu\u2019il s\u2019est form\u00e9 en tant que joueur et en tant que personne, c\u2019est pourquoi il aura toujours envie d\u2019y retourner. Ce n\u2019est pas possible pour l\u2019instant, mais c\u2019est parce que Manchester City ne veut pas le renvoyer en Am\u00e9rique du Sud, sinon il serait ravi \u00bb. Pas de quoi faire pour autant les affaires de Girona\u2026 qui pourrait se faire doubler par un autre club de Liga. *\u00ab Deux \u00e9quipes veulent Claudio. Girona est l\u2019option la plus concr\u00e8te, mais nous ne pouvons pas non plus exclure <a href=\"https:\/\/www.footmercato.net\/club\/villarreal-cf\/\" target=\"_blank\" rel=\"noopener\">Villarreal<\/a> \u00bb.<\/p>\n<p>            La suite apr\u00e8s cette publicit\u00e9<\/p>\n<p>Cependant, <a href=\"https:\/\/www.ouest-france.fr\/sport\/football\/stade-rennais\/mercato-en-quete-dun-profil-creatif-le-stade-rennais-sest-penche-sur-le-meneur-argentin-claudio-echeverri-8b86ae24-e011-11f0-ba14-a010db31b80d\" target=\"_blank\" rel=\"noopener\">Ouest-France<\/a> nous apprend que le Stade Rennais aimerait jouer les trouble-f\u00eates dans cette affaire ! En effet, le club breton explore plusieurs pistes dans l\u2019optique de recruter un milieu au profil cr\u00e9atif et il aurait coch\u00e9 le nom de l\u2019Argentin. Aucune information concernant une offre concr\u00e8te de la part du SRFC n\u2019a \u00e9t\u00e9 pr\u00e9cis\u00e9e, mais il convient de rappeler qu\u2019Habib Beye avait ouvert la porte \u00e0 des arriv\u00e9es durant le mois de janvier. \u00abJe pense que ce mercato sera assez calme, mais il y a quand m\u00eame une volont\u00e9 d\u2019ajuster ce groupe et de faire des choix pour que cette \u00e9quipe soit meilleure, qu\u2019il y ait peut-\u00eatre une forme de r\u00e9g\u00e9n\u00e9ration \u00e0 travers une ou deux arriv\u00e9es\u00bb. Apr\u00e8s avoir \u00e9t\u00e9 un temps annonc\u00e9 \u00e0 l\u2019OL dans le cadre du transfert de Rayan Cherki \u00e0 Manchester City, Claudio Echeverri finira-t-il par d\u00e9barquer en Ligue 1, mais en Bretagne ? Pas s\u00fbr, car le c\u00e9l\u00e8bre journaliste mercato Fabrizio Romano assure qu\u2019un pr\u00eat \u00e0 Giroan va bient\u00f4t \u00eatre boucl\u00e9.<\/p>\n<p>\n    Pub. le 23\/12\/2025 19:05<br \/>\n            &#8211; MAJ le 23\/12\/2025 19:24\n    <\/p>\n","protected":false},"excerpt":{"rendered":"Il y a presque deux ans, Manchester City r\u00e9alisait un joli coup en s\u2019offrant la jeune p\u00e9pite argentine&hellip;\n","protected":false},"author":2,"featured_media":618451,"comment_status":"","ping_status":"","sticky":false,"template":"","format":"standard","meta":{"footnotes":""},"categories":[2821],"tags":[1111,11,829,1777,674,1011,27,12,584,25],"class_list":{"0":"post-618450","1":"post","2":"type-post","3":"status-publish","4":"format-standard","5":"has-post-thumbnail","7":"category-rennes","8":"tag-actu","9":"tag-actualites","10":"tag-bretagne","11":"tag-eu","12":"tag-europe","13":"tag-fr","14":"tag-france","15":"tag-news","16":"tag-rennes","17":"tag-republique-francaise"},"share_on_mastodon":{"url":"https:\/\/pubeurope.com\/@fr\/115770419593010606","error":""},"_links":{"self":[{"href":"https:\/\/www.europesays.com\/fr\/wp-json\/wp\/v2\/posts\/618450","targetHints":{"allow":["GET"]}}],"collection":[{"href":"https:\/\/www.europesays.com\/fr\/wp-json\/wp\/v2\/posts"}],"about":[{"href":"https:\/\/www.europesays.com\/fr\/wp-json\/wp\/v2\/types\/post"}],"author":[{"embeddable":true,"href":"https:\/\/www.europesays.com\/fr\/wp-json\/wp\/v2\/users\/2"}],"replies":[{"embeddable":true,"href":"https:\/\/www.europesays.com\/fr\/wp-json\/wp\/v2\/comments?post=618450"}],"version-history":[{"count":0,"href":"https:\/\/www.europesays.com\/fr\/wp-json\/wp\/v2\/posts\/618450\/revisions"}],"wp:featuredmedia":[{"embeddable":true,"href":"https:\/\/www.europesays.com\/fr\/wp-json\/wp\/v2\/media\/618451"}],"wp:attachment":[{"href":"https:\/\/www.europesays.com\/fr\/wp-json\/wp\/v2\/media?parent=618450"}],"wp:term":[{"taxonomy":"category","embeddable":true,"href":"https:\/\/www.europesays.com\/fr\/wp-json\/wp\/v2\/categories?post=618450"},{"taxonomy":"post_tag","embeddable":true,"href":"https:\/\/www.europesays.com\/fr\/wp-json\/wp\/v2\/tags?post=618450"}],"curies":[{"name":"wp","href":"https:\/\/api.w.org\/{rel}","templated":true}]}}