{"id":618456,"date":"2025-12-23T19:03:13","date_gmt":"2025-12-23T19:03:13","guid":{"rendered":"https:\/\/www.europesays.com\/fr\/618456\/"},"modified":"2025-12-23T19:03:13","modified_gmt":"2025-12-23T19:03:13","slug":"2026-lannee-sannonce-sous-le-signe-de-louverture-pour-laapds","status":"publish","type":"post","link":"https:\/\/www.europesays.com\/fr\/618456\/","title":{"rendered":"2026, l&rsquo;ann\u00e9e s&rsquo;annonce sous le signe de l&rsquo;ouverture pour l&rsquo;AAPDS"},"content":{"rendered":"<p melodystyle=\"\" data-end=\"842\">Pr\u00e9sidente de l\u2019AAPDS depuis deux ans, en fonction jusqu\u2019\u00e0 la fin de l\u2019ann\u00e9e, Me Marie Porth\u00e9, avocat au barreau de Nice, dresse un bilan particuli\u00e8rement soutenu pour 2025. L\u2019association trentenaire, qui r\u00e9unit des professionnels des deux barreaux, a poursuivi son ambition premi\u00e8re : proposer chaque mois un cycle de formations en droit du travail et en droit de la s\u00e9curit\u00e9 sociale, con\u00e7ues en partenariat avec l\u2019\u00c9cole des avocats du Sud-Est. Point d\u2019orgue de l\u2019ann\u00e9e, l\u2019incontournable colloque a rencontr\u00e9 d\u00e9but juillet, au casino Terrazur de Cagnes-sur-Mer, un vrai succ\u00e8s avec une 25e \u00e9dition consacr\u00e9e \u00e0 \u00ab\u00a0la vie judiciaire d\u2019un dossier prud\u2019homal\u00a0\u00bb. Les participants -avocats, conseillers prud\u2019hommes, inspecteurs du travail, dirigeants d\u2019entreprise- ont pu explorer l\u2019int\u00e9gralit\u00e9 du parcours d\u2019un contentieux, depuis la saisine jusqu\u2019au pourvoi en cassation.\u00a0<\/p>\n<p>Formations plus ouvertes, partenariats \u00e9largis<\/p>\n<p melodystyle=\"\" data-end=\"2251\">En 2026, l\u2019AAPDS d\u00e9veloppera davantage ses coop\u00e9rations inter-associatives : \u00e0 l\u2019association des avocats fiscalistes (AAF), partenaire historique pour la pr\u00e9sentation de la loi de finances et de la loi de financement de la s\u00e9curit\u00e9 sociale, viendront s\u2019ajouter ADA (association des avocats en droit des affaires) ainsi que, si les discussions aboutissent, les associations d\u2019avocats en droit de la famille. L\u2019objectif : proposer des formations sur des th\u00e9matiques transverses, comme le conjoint collaborateur ou le divorce et le licenciement, \u00e9num\u00e8re Me Porth\u00e9. Autre nouveaut\u00e9, l\u2019AAPDS a propos\u00e9 aux barreaux de Nice et de Grasse de dispenser trois formations \u00ab\u00a0grand public\u00a0\u00bb. En l\u2019esp\u00e8ce, des modules \u00ab\u00a0moins techniques\u00ab\u00a0, destin\u00e9s \u00e0 des confr\u00e8res \u00ab\u00a0qui ne sont pas\u00a0forc\u00e9ment des travaillistes purs et durs comme le sont les membres de l\u2019association, et qui pourraient \u00eatre quand m\u00eame int\u00e9ress\u00e9s par des formations sur des sujets type en droit du travail\u00ab\u00a0, explique Marie Porth\u00e9. Au menu, \u00ab\u00a0mon premier prud\u2019homme\u00a0\u00bb, un autre module sur les clauses types du contrat de travail et un troisi\u00e8me sur les diff\u00e9rents mode de rupture.<\/p>\n<p melodystyle=\"\" data-end=\"2251\">Cette ouverture r\u00e9pond \u00e0 un double constat : \u00ab\u00a0nous avons bien conscience que ne viennent \u00e0 nos formations mensuelles que des avocats qui font assez r\u00e9guli\u00e8rement du droit du travail -qu\u2019ils soient membres ou pas de l\u2019association. Nous avons donc jug\u00e9 utile de nous tourner vers des confr\u00e8res qui, sans faire r\u00e9guli\u00e8rement du droit du travail, sont amen\u00e9s \u00e0 en faire. Et nous y avons tout int\u00e9r\u00eat pour une raison simple : quand on est face \u00e0 un confr\u00e8re qui est un peu au fait de la mati\u00e8re, on rencontre moins de difficult\u00e9s dans les dossiers\u00ab\u00a0. Les r\u00e9unions mensuelles se tiendront d\u00e9sormais au Novotel Nice A\u00e9roport Cap 3000, plus accessible que l\u2019Ar\u00e9nas.<\/p>\n<p melodystyle=\"\" data-end=\"2251\">L\u2019association poursuivra \u00e9galement son r\u00f4le au sein du CDAD, dont elle assure historiquement les permanences en droit du travail, un dispositif essentiel face \u00e0 la hausse des demandes, souligne Marie Porth\u00e9.<\/p>\n<p melodystyle=\"\" data-end=\"2251\">La pr\u00e9sidente devrait en toute logique c\u00e9der son fauteuil d\u00e8s janvier \u00e0 Me Amal Bouabdelli Vasseur, avocat au barreau de Grasse, actuelle vice-pr\u00e9sidente de l\u2019AAPDS.<\/p>\n","protected":false},"excerpt":{"rendered":"Pr\u00e9sidente de l\u2019AAPDS depuis deux ans, en fonction jusqu\u2019\u00e0 la fin de l\u2019ann\u00e9e, Me Marie Porth\u00e9, avocat au&hellip;\n","protected":false},"author":2,"featured_media":618457,"comment_status":"","ping_status":"","sticky":false,"template":"","format":"standard","meta":{"footnotes":""},"categories":[2819],"tags":[1111,11,1777,674,1011,27,12,2401,882,25],"class_list":{"0":"post-618456","1":"post","2":"type-post","3":"status-publish","4":"format-standard","5":"has-post-thumbnail","7":"category-nice","8":"tag-actu","9":"tag-actualites","10":"tag-eu","11":"tag-europe","12":"tag-fr","13":"tag-france","14":"tag-news","15":"tag-nice","16":"tag-provence-alpes-cote-dazur","17":"tag-republique-francaise"},"share_on_mastodon":{"url":"https:\/\/pubeurope.com\/@fr\/115770438759330210","error":""},"_links":{"self":[{"href":"https:\/\/www.europesays.com\/fr\/wp-json\/wp\/v2\/posts\/618456","targetHints":{"allow":["GET"]}}],"collection":[{"href":"https:\/\/www.europesays.com\/fr\/wp-json\/wp\/v2\/posts"}],"about":[{"href":"https:\/\/www.europesays.com\/fr\/wp-json\/wp\/v2\/types\/post"}],"author":[{"embeddable":true,"href":"https:\/\/www.europesays.com\/fr\/wp-json\/wp\/v2\/users\/2"}],"replies":[{"embeddable":true,"href":"https:\/\/www.europesays.com\/fr\/wp-json\/wp\/v2\/comments?post=618456"}],"version-history":[{"count":0,"href":"https:\/\/www.europesays.com\/fr\/wp-json\/wp\/v2\/posts\/618456\/revisions"}],"wp:featuredmedia":[{"embeddable":true,"href":"https:\/\/www.europesays.com\/fr\/wp-json\/wp\/v2\/media\/618457"}],"wp:attachment":[{"href":"https:\/\/www.europesays.com\/fr\/wp-json\/wp\/v2\/media?parent=618456"}],"wp:term":[{"taxonomy":"category","embeddable":true,"href":"https:\/\/www.europesays.com\/fr\/wp-json\/wp\/v2\/categories?post=618456"},{"taxonomy":"post_tag","embeddable":true,"href":"https:\/\/www.europesays.com\/fr\/wp-json\/wp\/v2\/tags?post=618456"}],"curies":[{"name":"wp","href":"https:\/\/api.w.org\/{rel}","templated":true}]}}