{"id":618460,"date":"2025-12-23T19:05:20","date_gmt":"2025-12-23T19:05:20","guid":{"rendered":"https:\/\/www.europesays.com\/fr\/618460\/"},"modified":"2025-12-23T19:05:20","modified_gmt":"2025-12-23T19:05:20","slug":"il-a-ecrit-un-livre-sur-les-sdf-pour-casser-les-prejuges","status":"publish","type":"post","link":"https:\/\/www.europesays.com\/fr\/618460\/","title":{"rendered":"il a \u00e9crit un livre sur les SDF pour \u00ab casser les pr\u00e9jug\u00e9s \u00bb"},"content":{"rendered":"<p>                    Par<br \/>\n        <strong><br \/>\n            <a href=\"https:\/\/actu.fr\/auteur\/thomas-bernard\" title=\"Consulter tous les articles de Thomas Bernard\" target=\"_blank\" rel=\"noopener\">Thomas Bernard<\/a><br \/>\n                    <\/strong><\/p>\n<p>        Publi\u00e9 le<\/p>\n<p>            23 d\u00e9c. 2025 \u00e0 17h33        <\/p>\n<p>Dans son 30\u1d49 rapport, la Fondation pour le logement des d\u00e9favoris\u00e9s (ex-fondation Abb\u00e9 Pierre) a recens\u00e9 <a href=\"https:\/\/www.fondationpourlelogement.fr\/30e-rapport-sur-letat-du-mal-logement-en-france-2025\/\" target=\"_blank\" rel=\"noopener\">350\u2009000\u00a0personnes sans domicile en France<\/a>. \u00c0 <b>Nantes<\/b>, Dominique Arrouet est b\u00e9n\u00e9vole depuis trois ans au sein de <a href=\"https:\/\/diocese44.fr\/les-mouvements-et-associations-de-fideles\/fraternite-ecoute-de-la-rue\/\" target=\"_blank\" rel=\"noopener\">l\u2019association Fraternit\u00e9 l\u2019\u00c9coute de la Rue<\/a>. Une association qui rencontre des personnes sans domicile, pour un accompagnement solidaire. Le Nantais vient de publier La rue en plein c\u0153ur, <b>un recueil de 20 t\u00e9moignages<\/b> (12 personnes \u00e0 la rue et huit b\u00e9n\u00e9voles), aux \u00e9ditions d\u2019Orbestier. Les profits g\u00e9n\u00e9r\u00e9s par la vente <b>seront revers\u00e9s \u00e0 l\u2019association nantaise<\/b>. Un ouvrage de 217 pages dans lequel Dominique Arrouet veut \u00ab\u2009casser les pr\u00e9jug\u00e9s\u2009\u00bb. Rencontre.<\/p>\n<p>\u00c0 Nantes, il voulait \u00ab\u2009casser les pr\u00e9jug\u00e9s\u2009\u00bb<\/p>\n<p class=\" wall-content\">L\u2019auteur a toujours eu une vocation d\u2019aider les autres. C\u2019est \u00e0 la retraite que l\u2019ancien employ\u00e9 de banque veut accentuer son engagement solidaire. Son fr\u00e8re lui parle de l\u2019association Fraternit\u00e9 l\u2019\u00c9coute de la Rue. Depuis pr\u00e8s de trois ans, Dominique y est b\u00e9n\u00e9vole.<\/p>\n<p class=\" wall-content\">\u00ab\u2009On a un local, rue de Coulmiers, o\u00f9 on accueille, par demi-journ\u00e9e, les personnes de la rue. On leur propose \u00e0 manger et on \u00e9change avec eux s\u2019ils le souhaitent. Notre deuxi\u00e8me vocation, c\u2019est de rencontrer ces publics dans la rue lors de maraudes\u2009\u00bb, explique Dominique Arrouet.<\/p>\n<p class=\" wall-content\">Au cours des maraudes, le Nantais rencontre des personnes de la rue. \u00c0 chaque interaction, Dominique retient les visages et les histoires de ces \u00ab\u2009oubli\u00e9s de la soci\u00e9t\u00e9\u2009\u00bb, caboss\u00e9s par leur parcours de vie. \u00ab\u2009Ce sont des gens comme vous et moi (sic). Ils ont les m\u00eames envies et les m\u00eames besoins, sauf qu\u2019\u00e0 un moment donn\u00e9, <b>il s\u2019est pass\u00e9 quelque chose qui ne s\u2019est pas pass\u00e9 chez nous\u2009\u00bb<\/b>, d\u00e9taille Dominique Arrouet.<\/p>\n<blockquote class=\"ac-article-quote wall-content\">\n<p>\u00c0 chaque fois, je me demande ce que je peux faire pour les aider. Je me sens un peu d\u00e9muni parce que, malgr\u00e9 l\u2019envie, je ne suis pas un sauveur, ni mes coll\u00e8gues, d\u2019ailleurs. On voit bien qu\u2019on est limit\u00e9. Le logement, ce n\u2019est pas \u00e0 notre main. La nourriture, on peut leur donner de la nourriture, on peut leur donner du temps, mais c\u2019est \u00e0 peu pr\u00e8s tout ce qu\u2019on peut leur donner.<\/p>\n<p>Dominique Arrouet, auteur de La rue en plein c\u0153ur<\/p><\/blockquote>\n<p class=\" wall-content\">Passionn\u00e9 d\u2019\u00e9criture, Dominique Arrouet a \u00e9crit quatre livres. Roman rocambolesque, recueil de po\u00e9sie ou r\u00e9cit sur son p\u00e8re d\u00e9c\u00e9d\u00e9, le Nantais varie les genres.<\/p>\n<p class=\" wall-content\">En tant que b\u00e9n\u00e9vole et auteur, l\u2019\u00e9crivain confie pratiquer la <a href=\"https:\/\/fr.wikipedia.org\/wiki\/Communication_non_violente\" target=\"_blank\" rel=\"noopener\">\u00ab\u2009communication non-violente<\/a>\u2009\u00bb. Une m\u00e9thode th\u00e9oris\u00e9e par Marshall Rosenberg, psychologue clinicien am\u00e9ricain, o\u00f9 la bienveillance est mise en exergue et<b> o\u00f9 le processus am\u00e8ne \u00e0 ne pas \u00eatre dans le jugement<\/b>. Cette philosophie est le point de d\u00e9part de la narration du livre. \u00ab<b>\u2009Je voulais casser les pr\u00e9jug\u00e9s<\/b>. Qui de mieux que les gens de la rue pourrait donner leur v\u00e9rit\u00e9\u2009? Ce n\u2019est pas une v\u00e9rit\u00e9 universelle, <b>mais au moins, c\u2019est la leur\u2009\u00bb<\/b>, argumente le b\u00e9n\u00e9vole.<\/p>\n<p>Votre r\u00e9gion, votre actu !<\/p>\n<p>Recevez chaque jour les infos qui comptent pour vous.<\/p>\n<p>\t<a href=\"https:\/\/actu.fr\/newsletter\" class=\"ac-btn ac-btn--corner ac-btn--medium ac-btn--blue800\" target=\"_blank\" rel=\"noopener\">S&rsquo;incrire<\/a><br \/>\n\u00ab\u2009Je me suis mis \u00e0 pleurer\u2009\u00bb<\/p>\n<p class=\" wall-content\">Pour ce projet \u00e9ditorial, le Nantais interroge 12 \u00ab\u2009accueillis\u2009\u00bb, comprenez les personnes sans abri, et huit b\u00e9n\u00e9voles de l\u2019association. Avec une oreille attentive, Dominique recueille les t\u00e9moignages avec bienveillance\u2009: l\u2019histoire des uns, l\u2019engagement des autres.<\/p>\n<p class=\" wall-content\">Chez les accueillis, chaque parole narre des histoires diff\u00e9rentes, mais le traumatisme est souvent commun. \u00ab\u2009Il y a souvent un d\u00e9nominateur commun, <b>c\u2019est l\u2019enfance\u2009\u00bb<\/b>, observe le natif de Saint-S\u00e9bastien-sur-Loire.<\/p>\n<p class=\" wall-content\">Les r\u00e9cits content les d\u00e9ceptions amoureuses, les violences familiales ou les d\u00e9ceptions professionnelles qui sont \u00e0 l\u2019origine de la marginalisation des \u00ab\u2009accueillis\u2009\u00bb.<\/p>\n<p class=\" wall-content\">\u00ab\u2009Il y a plein de gens que j\u2019ai interview\u00e9s qui seraient sans doute en capacit\u00e9 de travailler. Sans doute, ils sont en manque de confiance en eux et de valorisation. Au bout d\u2019un moment, on s\u2019installe dans une esp\u00e8ce de routine. Ce n\u2019est pas g\u00e9nial mais il y a pire, c\u2019est ce qu\u2019ils se disent\u2009\u00bb, note l\u2019auteur.<\/p>\n<p class=\" wall-content\">Deux rencontres ont touch\u00e9 le b\u00e9n\u00e9vole de l\u2019association Fraternit\u00e9 l\u2019\u00c9coute de la Rue. Dominique a rencontr\u00e9 un quadrag\u00e9naire qui s\u2019est drogu\u00e9 une bonne partie de sa vie \u00e0 l\u2019h\u00e9ro\u00efne. L\u2019auteur confie avoir \u00e9t\u00e9 <b>particuli\u00e8rement \u00e9mu par l\u2019histoire d\u2019une jeune femme<\/b>.<\/p>\n<blockquote class=\"ac-article-quote wall-content\">\n<p>Avec sa s\u0153ur jumelle, elle est arriv\u00e9e dans une famille apr\u00e8s le d\u00e9c\u00e8s de ses deux fr\u00e8res. Elle a \u00e9t\u00e9 reni\u00e9e. Son p\u00e8re les appelait \u00ab\u2009les non voulues\u2009\u00bb. Pour \u00e9chapper \u00e0 cette enfance difficile, cette jeune fille est partie vivre dans la rue \u00e0 15 ans. Elle a d\u2019abord \u00e9t\u00e9 prot\u00e9g\u00e9e dans la rue puis s\u2019est drogu\u00e9e jusqu\u2019\u00e0 une rencontre amoureuse. Malheureusement, elle a \u00e9t\u00e9 victime de violences conjugales au cours desquelles elle a souffert d\u2019un traumatisme cr\u00e2nien. La garde de ses enfants lui a \u00e9t\u00e9 retir\u00e9e ensuite car elle devait subir une grosse intervention chirurgicale au cerveau.<\/p>\n<p>Dominique Arrouet, auteur de La rue en plein c\u0153ur<\/p><\/blockquote>\n<p class=\" wall-content\">\u00c0 l\u2019\u00e9vocation de cette histoire, Dominique Arrouet n\u2019a pu retenir ses larmes.<br \/>\u00ab\u2009Je me suis mis \u00e0 pleurer en l\u2019\u00e9coutant. Elle m\u2019a demand\u00e9 pourquoi. Je lui ai dit que sa vie me touchait. Elle m\u2019a r\u00e9pondu\u2009: <b>j\u2019aime cette vie, je l\u2019ai choisie\u2009\u00bb<\/b>, confie avec \u00e9motion le grand-p\u00e8re de sept petits-enfants. Outre l\u2019\u00e9motion des entretiens, l\u2019auteur a \u00e9galement ri lors de l\u2019\u00e9criture de son ouvrage, notamment en pensant \u00e0 un homme \u00ab\u2009au jargon de Jean Gabin dans un film d\u2019Audiard\u2009\u00bb.<\/p>\n<p class=\" wall-content\">Les fonds r\u00e9colt\u00e9s par ce livre seront enti\u00e8rement revers\u00e9s \u00e0 l\u2019association Fraternit\u00e9 l\u2019\u00c9coute de la Rue. L\u2019auteur souhaite contribuer \u00e0 une prise de conscience de la soci\u00e9t\u00e9 sur la marginalisation des personnes sans abri. \u00ab\u2009La vocation de ce livre, s\u2019il n\u2019y avait qu\u2019une ambition, <b>ce serait de faire changer le regard des gens vis-\u00e0-vis des personnes qui sont dans la rue.\u2009\u00bb<\/b><\/p>\n<p>La rue en plein c\u0153ur, Dominique Arrouet, \u00c9ditions d\u2019Orbestier, 271 pages. Prix\u2009: 20 \u20ac.<br \/>Le livre est disponible \u00e0 <a href=\"https:\/\/maps.app.goo.gl\/C8vt8VddQVpUunVM8\" target=\"_blank\" rel=\"noopener\">la librairie Silo\u00e9<\/a> (3, rue du G\u00e9n\u00e9ral-Leclerc-de-Hautecloque \u00e0 Nantes) ou en s\u2019adressant directement \u00e0 l\u2019auteur\u2009: <a href=\"https:\/\/actu.fr\/cdn-cgi\/l\/email-protection\" class=\"__cf_email__\" data-cfemail=\"25414a484c4b4c5450400b4457574a504051654a57444b42400b4357\" target=\"_blank\" rel=\"noopener\">[email\u00a0protected]<\/a><\/p>\n<p class=\" wall-content\">Personnalisez votre actualit\u00e9 en ajoutant vos villes et m\u00e9dias en favori avec <a href=\"https:\/\/moncompte.actu.fr\" title=\"D\u00e9couvez Mon Actu\" rel=\"nofollow noopener\" data-trk=\"{&quot;cta&quot;:{&quot;action&quot;:&quot;https:\\\/\\\/moncompte.actu.fr&quot;,&quot;category&quot;:&quot;mon compte&quot;,&quot;from&quot;:&quot;article footer&quot;,&quot;name&quot;:&quot;Mon actu&quot;,&quot;type&quot;:&quot;cta&quot;}}\" target=\"_blank\">Mon Actu<\/a>.<\/p>\n","protected":false},"excerpt":{"rendered":"Par Thomas Bernard Publi\u00e9 le 23 d\u00e9c. 2025 \u00e0 17h33 Dans son 30\u1d49 rapport, la Fondation pour le&hellip;\n","protected":false},"author":2,"featured_media":618461,"comment_status":"","ping_status":"","sticky":false,"template":"","format":"standard","meta":{"footnotes":""},"categories":[2818],"tags":[1111,11,1777,674,1011,27,1380,766,12,2636,25,104,3400,240],"class_list":{"0":"post-618460","1":"post","2":"type-post","3":"status-publish","4":"format-standard","5":"has-post-thumbnail","7":"category-nantes","8":"tag-actu","9":"tag-actualites","10":"tag-eu","11":"tag-europe","12":"tag-fr","13":"tag-france","14":"tag-livres","15":"tag-nantes","16":"tag-news","17":"tag-pays-de-la-loire","18":"tag-republique-francaise","19":"tag-societe","20":"tag-solidarite","21":"tag-temoignage"},"share_on_mastodon":{"url":"https:\/\/pubeurope.com\/@fr\/115770446709482891","error":""},"_links":{"self":[{"href":"https:\/\/www.europesays.com\/fr\/wp-json\/wp\/v2\/posts\/618460","targetHints":{"allow":["GET"]}}],"collection":[{"href":"https:\/\/www.europesays.com\/fr\/wp-json\/wp\/v2\/posts"}],"about":[{"href":"https:\/\/www.europesays.com\/fr\/wp-json\/wp\/v2\/types\/post"}],"author":[{"embeddable":true,"href":"https:\/\/www.europesays.com\/fr\/wp-json\/wp\/v2\/users\/2"}],"replies":[{"embeddable":true,"href":"https:\/\/www.europesays.com\/fr\/wp-json\/wp\/v2\/comments?post=618460"}],"version-history":[{"count":0,"href":"https:\/\/www.europesays.com\/fr\/wp-json\/wp\/v2\/posts\/618460\/revisions"}],"wp:featuredmedia":[{"embeddable":true,"href":"https:\/\/www.europesays.com\/fr\/wp-json\/wp\/v2\/media\/618461"}],"wp:attachment":[{"href":"https:\/\/www.europesays.com\/fr\/wp-json\/wp\/v2\/media?parent=618460"}],"wp:term":[{"taxonomy":"category","embeddable":true,"href":"https:\/\/www.europesays.com\/fr\/wp-json\/wp\/v2\/categories?post=618460"},{"taxonomy":"post_tag","embeddable":true,"href":"https:\/\/www.europesays.com\/fr\/wp-json\/wp\/v2\/tags?post=618460"}],"curies":[{"name":"wp","href":"https:\/\/api.w.org\/{rel}","templated":true}]}}