{"id":618466,"date":"2025-12-23T19:08:16","date_gmt":"2025-12-23T19:08:16","guid":{"rendered":"https:\/\/www.europesays.com\/fr\/618466\/"},"modified":"2025-12-23T19:08:16","modified_gmt":"2025-12-23T19:08:16","slug":"ex-girondins-malcom-bokele-sindigne-de-larbitrage-contre-bordeaux","status":"publish","type":"post","link":"https:\/\/www.europesays.com\/fr\/618466\/","title":{"rendered":"Ex-Girondins : Malcom Bok\u00e9l\u00e9 s\u2019indigne de l&rsquo;arbitrage contre Bordeaux"},"content":{"rendered":"<p><img decoding=\"async\" src=\"https:\/\/www.europesays.com\/fr\/wp-content\/uploads\/2025\/12\/671_b5228f76c190cc9944a4c7c8eddf483f.jpg\" alt=\"Ex-Girondins : Malcom Bok\u00e9l\u00e9 s\u2019indigne de l'arbitrage contre Bordeaux\" class=\"img-responsive mt-3\"\/><\/p>\n<p class=\"text-center mb-3\" style=\"font-size: 14px\">\u00a9 Iconsport<\/p>\n<p><strong>La r\u00e9action d\u2019un ancien d\u00e9fenseur des Girondins de Bordeaux<\/strong><\/p>\n<p style=\"text-align: justify;\">Joueur des Girondins entre 2020 et 2022, l\u2019ancien d\u00e9fenseur bordelais suit toujours l\u2019actualit\u00e9 de son ancien club et y r\u00e9agit r\u00e9guli\u00e8rement. D\u00e9sormais en Turquie, au club de G\u00f6ztepe, Malcom Bok\u00e9l\u00e9 a laiss\u00e9 un message pour le moins revendicatif : \u00ab\u00a0Crari rouge sur \u00e7a ? On aura tout vu vraiment.\u00a0\u00bb Un message auquel Lud\u00e9ric \u00c9tond\u00e9 a r\u00e9pondu, lui qui <a href=\"https:\/\/www.webgirondins.com\/actualite-girondins-girondins-luderic-etonde-reagit-avec-ironie-apres-son-expulsion-face-au-puy-131591\" target=\"_blank\" rel=\"noopener\">s\u2019\u00e9tait d\u00e9j\u00e0 exprim\u00e9 sur son expulsion<\/a> via le m\u00eame r\u00e9seau social.<\/p>\n<p style=\"text-align: justify;\">\u00a0<\/p>\n<p style=\"text-align: justify;\"><img decoding=\"async\" src=\"https:\/\/www.europesays.com\/fr\/wp-content\/uploads\/2025\/12\/crari bokele.png\" alt=\"crari bokele.png (434 KB)\" style=\"width:700px;max-width:100%;\"\/><\/p>\n<p style=\"text-align: justify;\">\u00a0<\/p>\n<p style=\"text-align: justify;\">\u00c0 d\u00e9couvrir :\u00a0<strong><a href=\"https:\/\/www.webgirondins.com\/actualite-girondins-girondins-steve-shamal-appelle-a-l-unite-apres-la-defaite-au-puy-131594\" target=\"_blank\" rel=\"noopener\">Girondins : Steve Shamal appelle \u00e0 l\u2019unit\u00e9 apr\u00e8s la d\u00e9faite au Puy<\/a><\/strong><\/p>\n<p style=\"text-align: justify;\">\u00c9coutez dans le podcast court ci-dessous les trois flops de cette rencontre de Coupe (moins de deux minutes) :<\/p>\n<p style=\"text-align: justify;\">\u00a0<\/p>\n<p style=\"text-align: justify;\">\u00a0<\/p>\n","protected":false},"excerpt":{"rendered":"\u00a9 Iconsport La r\u00e9action d\u2019un ancien d\u00e9fenseur des Girondins de Bordeaux Joueur des Girondins entre 2020 et 2022,&hellip;\n","protected":false},"author":2,"featured_media":618467,"comment_status":"","ping_status":"","sticky":false,"template":"","format":"standard","meta":{"footnotes":""},"categories":[2817],"tags":[1111,11,4255,150,8487,72859,1997,1444,8484,15013,1777,674,2823,2257,1011,27,1987,72860,2440,72858,12,2219,1062,56545,25],"class_list":{"0":"post-618466","1":"post","2":"type-post","3":"status-publish","4":"format-standard","5":"has-post-thumbnail","7":"category-bordeaux","8":"tag-actu","9":"tag-actualites","10":"tag-ancien","11":"tag-apres","12":"tag-arbitrage","13":"tag-bokele","14":"tag-bordeaux","15":"tag-contre","16":"tag-defaite","17":"tag-defenseur","18":"tag-eu","19":"tag-europe","20":"tag-face","21":"tag-foot","22":"tag-fr","23":"tag-france","24":"tag-girondins","25":"tag-indigne","26":"tag-instagram","27":"tag-malcom","28":"tag-news","29":"tag-nouvelle-aquitaine","30":"tag-polemique","31":"tag-reagi","32":"tag-republique-francaise"},"share_on_mastodon":{"url":"https:\/\/pubeurope.com\/@fr\/115770458580433037","error":""},"_links":{"self":[{"href":"https:\/\/www.europesays.com\/fr\/wp-json\/wp\/v2\/posts\/618466","targetHints":{"allow":["GET"]}}],"collection":[{"href":"https:\/\/www.europesays.com\/fr\/wp-json\/wp\/v2\/posts"}],"about":[{"href":"https:\/\/www.europesays.com\/fr\/wp-json\/wp\/v2\/types\/post"}],"author":[{"embeddable":true,"href":"https:\/\/www.europesays.com\/fr\/wp-json\/wp\/v2\/users\/2"}],"replies":[{"embeddable":true,"href":"https:\/\/www.europesays.com\/fr\/wp-json\/wp\/v2\/comments?post=618466"}],"version-history":[{"count":0,"href":"https:\/\/www.europesays.com\/fr\/wp-json\/wp\/v2\/posts\/618466\/revisions"}],"wp:featuredmedia":[{"embeddable":true,"href":"https:\/\/www.europesays.com\/fr\/wp-json\/wp\/v2\/media\/618467"}],"wp:attachment":[{"href":"https:\/\/www.europesays.com\/fr\/wp-json\/wp\/v2\/media?parent=618466"}],"wp:term":[{"taxonomy":"category","embeddable":true,"href":"https:\/\/www.europesays.com\/fr\/wp-json\/wp\/v2\/categories?post=618466"},{"taxonomy":"post_tag","embeddable":true,"href":"https:\/\/www.europesays.com\/fr\/wp-json\/wp\/v2\/tags?post=618466"}],"curies":[{"name":"wp","href":"https:\/\/api.w.org\/{rel}","templated":true}]}}