{"id":618470,"date":"2025-12-23T19:10:13","date_gmt":"2025-12-23T19:10:13","guid":{"rendered":"https:\/\/www.europesays.com\/fr\/618470\/"},"modified":"2025-12-23T19:10:13","modified_gmt":"2025-12-23T19:10:13","slug":"du-beton-sur-la680-lacces-a-lautoroute-albi-toulouse-coupe-dans-les-deux-sens","status":"publish","type":"post","link":"https:\/\/www.europesays.com\/fr\/618470\/","title":{"rendered":"Du b\u00e9ton sur l\u2019A680, l\u2019acc\u00e8s \u00e0 l\u2019autoroute Albi-Toulouse coup\u00e9 dans les deux sens"},"content":{"rendered":"<p>\n                                                                    l&rsquo;essentiel<br \/>\n                                                                Un camion a perdu son chargement sur l\u2019A 680, \u00e0 hauteur de Verfeil, l\u2019axe qui permet de relier l\u2019A 68, entre le sud du Tarn et la Haute-Garonne. L\u2019acc\u00e8s est coup\u00e9 dans les deux sens. Le nettoyage s\u2019annonce long.\n                            <\/p>\n<p>\u00ab\u00a0Nous avons de gros moyens sur place pour d\u00e9gager le b\u00e9ton mais cette intervention s\u2019annonce encore longue.\u00a0\u00bb Chez Vinci Autoroutes, on ne se risque pas \u00e0 des pronostics horaires apr\u00e8s l\u2019incident inhabituel qui s\u2019est produit peu apr\u00e8s 16\u00a0heures, sur l\u2019A 680, l\u2019axe \u00e0 voie unique qui permet de rejoindre l\u2019autoroute Albi-Toulouse depuis la Nationale 126, dans le sud du Tarn.<\/p>\n<p>Un camion a perdu une partie importante de son chargement de b\u00e9ton. \u00ab\u00a0Pas mal de mati\u00e8re s\u2019est r\u00e9pandue sur la voie, dans les deux sens, ce qui explique la fermeture. Les voies ne seront ouvertes qu\u2019une fois la s\u00e9curit\u00e9 des usagers assur\u00e9e\u00a0\u00bb, pr\u00e9cise Vinci.<\/p>\n<p>Une fois le constat r\u00e9alis\u00e9 par les premiers patrouilleurs, Vinci a envoy\u00e9 sur place de gros moyens de nettoyage. \u00ab\u00a0Ils sont au travail depuis 17\u00a0heures mais l\u2019op\u00e9ration n\u2019est pas encore termin\u00e9e. Et nous ne disposons pas encore d\u2019une \u00e9valuation pr\u00e9cise du temps n\u00e9cessaire \u00e0 cette intervention\u00a0\u00bb, pr\u00e9cise Vinci Autoroutes.<\/p>\n","protected":false},"excerpt":{"rendered":"l&rsquo;essentiel Un camion a perdu son chargement sur l\u2019A 680, \u00e0 hauteur de Verfeil, l\u2019axe qui permet de&hellip;\n","protected":false},"author":2,"featured_media":618471,"comment_status":"","ping_status":"","sticky":false,"template":"","format":"standard","meta":{"footnotes":""},"categories":[2816],"tags":[1111,11,1777,674,118,1011,27,2722,12,2680,25,2312],"class_list":{"0":"post-618470","1":"post","2":"type-post","3":"status-publish","4":"format-standard","5":"has-post-thumbnail","7":"category-toulouse","8":"tag-actu","9":"tag-actualites","10":"tag-eu","11":"tag-europe","12":"tag-faits-divers","13":"tag-fr","14":"tag-france","15":"tag-haute-garonne","16":"tag-news","17":"tag-occitanie","18":"tag-republique-francaise","19":"tag-toulouse"},"share_on_mastodon":{"url":"https:\/\/pubeurope.com\/@fr\/115770466266690012","error":""},"_links":{"self":[{"href":"https:\/\/www.europesays.com\/fr\/wp-json\/wp\/v2\/posts\/618470","targetHints":{"allow":["GET"]}}],"collection":[{"href":"https:\/\/www.europesays.com\/fr\/wp-json\/wp\/v2\/posts"}],"about":[{"href":"https:\/\/www.europesays.com\/fr\/wp-json\/wp\/v2\/types\/post"}],"author":[{"embeddable":true,"href":"https:\/\/www.europesays.com\/fr\/wp-json\/wp\/v2\/users\/2"}],"replies":[{"embeddable":true,"href":"https:\/\/www.europesays.com\/fr\/wp-json\/wp\/v2\/comments?post=618470"}],"version-history":[{"count":0,"href":"https:\/\/www.europesays.com\/fr\/wp-json\/wp\/v2\/posts\/618470\/revisions"}],"wp:featuredmedia":[{"embeddable":true,"href":"https:\/\/www.europesays.com\/fr\/wp-json\/wp\/v2\/media\/618471"}],"wp:attachment":[{"href":"https:\/\/www.europesays.com\/fr\/wp-json\/wp\/v2\/media?parent=618470"}],"wp:term":[{"taxonomy":"category","embeddable":true,"href":"https:\/\/www.europesays.com\/fr\/wp-json\/wp\/v2\/categories?post=618470"},{"taxonomy":"post_tag","embeddable":true,"href":"https:\/\/www.europesays.com\/fr\/wp-json\/wp\/v2\/tags?post=618470"}],"curies":[{"name":"wp","href":"https:\/\/api.w.org\/{rel}","templated":true}]}}