{"id":618479,"date":"2025-12-23T19:15:11","date_gmt":"2025-12-23T19:15:11","guid":{"rendered":"https:\/\/www.europesays.com\/fr\/618479\/"},"modified":"2025-12-23T19:15:11","modified_gmt":"2025-12-23T19:15:11","slug":"gregory-doucet-pour-demenager-le-marche-de-noel-a-bellecour","status":"publish","type":"post","link":"https:\/\/www.europesays.com\/fr\/618479\/","title":{"rendered":"Gr\u00e9gory Doucet pour d\u00e9m\u00e9nager le march\u00e9 de No\u00ebl \u00e0 Bellecour"},"content":{"rendered":"<p>                    Par<br \/>\n        <strong><br \/>\n            <a href=\"https:\/\/actu.fr\/auteur\/nicolas-zaugra\" title=\"Consulter tous les articles de Nicolas Zaugra\" target=\"_blank\" rel=\"noopener\">Nicolas Zaugra<\/a><br \/>\n                    <\/strong><\/p>\n<p>        Publi\u00e9 le<\/p>\n<p>            23 d\u00e9c. 2025 \u00e0 19h06        <\/p>\n<p>Un possible d\u00e9m\u00e9nagement du <a href=\"https:\/\/actu.fr\/auvergne-rhone-alpes\/lyon_69123\/lyon-le-marche-de-noel-de-retour-100-chalets-horaires-dates-a-quoi-s-attendre_63432618.html\" target=\"_blank\" rel=\"noopener\">march\u00e9 de No\u00ebl<\/a> de <a href=\"https:\/\/actu.fr\/lyon\/\" target=\"_blank\" rel=\"noopener\">Lyon<\/a> install\u00e9 depuis plusieurs ann\u00e9es \u00e0 Perrache sur la place Carnot dans le 2e arrondissement fait parler ces derniers mois. Encore cette ann\u00e9e, les commer\u00e7ants interrog\u00e9s par actu Lyon \u00e9taient plut\u00f4t <a href=\"https:\/\/actu.fr\/auvergne-rhone-alpes\/lyon_69123\/lyon-demenager-le-marche-de-noel-a-bellecour-fait-parler-ce-qu-en-pensent-les-commercants_63496471.html\" target=\"_blank\" rel=\"noopener\">favorables \u00e0 une installation sur l\u2019embl\u00e9matique place Bellecour<\/a>. Une <a href=\"https:\/\/actu.fr\/auvergne-rhone-alpes\/lyon_69123\/lyon-un-marche-de-noel-magistral-et-geant-place-bellecour-la-proposition-d-un-lyonnais_63149902.html\" target=\"_blank\" rel=\"noopener\">p\u00e9tition<\/a> lanc\u00e9e par un Lyonnais proposer la cr\u00e9ation d\u2019un grand march\u00e9 et d\u2019animations de No\u00ebl \u00e0 Bellecour a en effet cartonn\u00e9 recueillant pr\u00e8s de 15 000 signatures.<\/p>\n<p>Un march\u00e9 de No\u00ebl \u00e0 Bellecour s\u00e9duit Gr\u00e9gory Doucet<\/p>\n<p class=\" wall-content\">Le maire \u00e9cologiste de Lyon <a href=\"https:\/\/actu.fr\/auvergne-rhone-alpes\/lyon_69123\/lyon-polemiques-injustifiees-salir-les-artistes-gregory-doucet-defend-la-fete-des-lumieres_63595841.html\" target=\"_blank\" rel=\"noopener\">Gr\u00e9gory Doucet<\/a> et candidat \u00e0 sa r\u00e9\u00e9lection a annonc\u00e9 mardi 23 d\u00e9cembre \u00eatre favorable \u00e0 un d\u00e9m\u00e9nagement du march\u00e9 \u00e0 Bellecour. \u00ab\u00a0Je trouve tr\u00e8s int\u00e9ressante l\u2019id\u00e9e d\u2019un march\u00e9 de No\u00ebl place Bellecour. Le succ\u00e8s de la p\u00e9tition t\u00e9moigne de l\u2019enthousiasme des Lyonnaises et des Lyonnais pour ce projet\u00a0\u00bb, a \u00e9crit l\u2019\u00e9lu sur Instagram, a fait savoir son \u00e9quipe de campagne \u00e0 la presse.<\/p>\n<blockquote class=\"ac-article-quote wall-content\">\n<p>Cela pose \u00e9videmment des questions, notamment en mati\u00e8re de s\u00e9curisation de la place et d&rsquo;\u00e9quilibre commercial, mais je pense que ces enjeux peuvent \u00eatre \u00e9tudi\u00e9s s\u00e9rieusement, en lien avec les forains, les commer\u00e7ants et l\u2019ensemble des acteurs concern\u00e9s pour donner un nouveau souffle \u00e0 ce march\u00e9 pl\u00e9biscit\u00e9.<\/p>\n<p>    <strong>Gr\u00e9gory Doucet, maire de Lyon et candidat \u00e0 sa r\u00e9\u00e9lection<\/strong>\n            <\/p><\/blockquote>\n<p>Une \u00e9tude pour un d\u00e9m\u00e9nagement en 2028<\/p>\n<p class=\" wall-content\">L\u2019\u00e9lu dit \u00ab\u00a0prendre acte\u00a0\u00bb de la \u00ab\u00a0mobilisation citoyenne\u00a0\u00bb et propose de lancer une \u00e9tude. \u00ab\u00a0Une \u00e9tude pourrait donc \u00eatre engag\u00e9e en 2026 afin d\u2019\u00e9valuer les conditions d\u2019une \u00e9ventuelle installation du march\u00e9 de No\u00ebl place Bellecour \u00e0 l\u2019horizon 2028, apr\u00e8s la fin de la convention liant le march\u00e9 \u00e0 la place Carnot\u00a0\u00bb, selon son \u00e9quipe de campagne.\u00a0<\/p>\n<p class=\" wall-content\"><a href=\"https:\/\/www.instagram.com\/reel\/DSnVBjLDKfg\/embed\" title=\"Ouvrir le lien sur Instagram\" target=\"_blank\" rel=\"noopener\">Visualiser le contenu sur Instagram<\/a><\/p>\n<p class=\" wall-content\">Au lancement de la p\u00e9tition, l\u2019id\u00e9e de d\u00e9placer le march\u00e9 de No\u00ebl semblait peu convaincre la municipalit\u00e9, l\u2019adjointe au maire en charge du commerce, Camille Augey, estimant qu\u2019il n\u2019y a \u00ab\u2009pas de sujet\u2009\u00bb et que la place Carnot reste le \u00ab\u2009meilleur endroit\u2009\u00bb.<\/p>\n<p class=\" wall-content\">Dans le camp Aulas, le candidat \u00e0 la mairie de Lyon n\u2019a pas partag\u00e9 sa position sur ce sujet. Mais l\u2019une de ses trois directrices de campagne, B\u00e9atrice de Montille, avait notamment salu\u00e9 \u00ab\u2009une belle initiative citoyenne, f\u00e9erique et lumineuse\u2009\u00bb.<\/p>\n<p class=\" wall-content\">Personnalisez votre actualit\u00e9 en ajoutant vos villes et m\u00e9dias en favori avec <a href=\"https:\/\/moncompte.actu.fr\" title=\"D\u00e9couvez Mon Actu\" rel=\"nofollow noopener\" data-trk=\"{&quot;cta&quot;:{&quot;action&quot;:&quot;https:\\\/\\\/moncompte.actu.fr&quot;,&quot;category&quot;:&quot;mon compte&quot;,&quot;from&quot;:&quot;article footer&quot;,&quot;name&quot;:&quot;Mon actu&quot;,&quot;type&quot;:&quot;cta&quot;}}\" target=\"_blank\">Mon Actu<\/a>.<\/p>\n<p>                    <script async src=\"\/\/www.instagram.com\/embed.js\"><\/script><\/p>\n","protected":false},"excerpt":{"rendered":"Par Nicolas Zaugra Publi\u00e9 le 23 d\u00e9c. 2025 \u00e0 19h06 Un possible d\u00e9m\u00e9nagement du march\u00e9 de No\u00ebl de&hellip;\n","protected":false},"author":2,"featured_media":618480,"comment_status":"","ping_status":"","sticky":false,"template":"","format":"standard","meta":{"footnotes":""},"categories":[1889],"tags":[1111,11,2430,4188,1777,674,1011,27,5226,2428,3434,12,15830,316,25],"class_list":{"0":"post-618479","1":"post","2":"type-post","3":"status-publish","4":"format-standard","5":"has-post-thumbnail","7":"category-lyon","8":"tag-actu","9":"tag-actualites","10":"tag-auvergne-rhone-alpes","11":"tag-elections-municipales","12":"tag-eu","13":"tag-europe","14":"tag-fr","15":"tag-france","16":"tag-gregory-doucet","17":"tag-lyon","18":"tag-municipales-2026","19":"tag-news","20":"tag-noel","21":"tag-politique","22":"tag-republique-francaise"},"share_on_mastodon":{"url":"https:\/\/pubeurope.com\/@fr\/115770485969009842","error":""},"_links":{"self":[{"href":"https:\/\/www.europesays.com\/fr\/wp-json\/wp\/v2\/posts\/618479","targetHints":{"allow":["GET"]}}],"collection":[{"href":"https:\/\/www.europesays.com\/fr\/wp-json\/wp\/v2\/posts"}],"about":[{"href":"https:\/\/www.europesays.com\/fr\/wp-json\/wp\/v2\/types\/post"}],"author":[{"embeddable":true,"href":"https:\/\/www.europesays.com\/fr\/wp-json\/wp\/v2\/users\/2"}],"replies":[{"embeddable":true,"href":"https:\/\/www.europesays.com\/fr\/wp-json\/wp\/v2\/comments?post=618479"}],"version-history":[{"count":0,"href":"https:\/\/www.europesays.com\/fr\/wp-json\/wp\/v2\/posts\/618479\/revisions"}],"wp:featuredmedia":[{"embeddable":true,"href":"https:\/\/www.europesays.com\/fr\/wp-json\/wp\/v2\/media\/618480"}],"wp:attachment":[{"href":"https:\/\/www.europesays.com\/fr\/wp-json\/wp\/v2\/media?parent=618479"}],"wp:term":[{"taxonomy":"category","embeddable":true,"href":"https:\/\/www.europesays.com\/fr\/wp-json\/wp\/v2\/categories?post=618479"},{"taxonomy":"post_tag","embeddable":true,"href":"https:\/\/www.europesays.com\/fr\/wp-json\/wp\/v2\/tags?post=618479"}],"curies":[{"name":"wp","href":"https:\/\/api.w.org\/{rel}","templated":true}]}}