{"id":618493,"date":"2025-12-23T19:23:14","date_gmt":"2025-12-23T19:23:14","guid":{"rendered":"https:\/\/www.europesays.com\/fr\/618493\/"},"modified":"2025-12-23T19:23:14","modified_gmt":"2025-12-23T19:23:14","slug":"la-russie-emet-un-mandat-darret-contre-la-legende-des-echecs-garry-kasparov-fervent-opposant-de-vladimir-poutine-pour-apologie-du-terrorisme","status":"publish","type":"post","link":"https:\/\/www.europesays.com\/fr\/618493\/","title":{"rendered":"La Russie \u00e9met un mandat d\u2019arr\u00eat contre la l\u00e9gende des \u00e9checs Garry Kasparov, fervent opposant de Vladimir Poutine, pour apologie du terrorisme"},"content":{"rendered":"<p>\n    La l\u00e9gende des \u00e9checs Garry Kasparov, fervent opposant \u00e0 Vladimir Poutine, fait \u00e0 nouveau l\u2019objet d\u2019un mandat d\u2019arr\u00eat \u00e9mis par la Russie pour apologie du terrorisme.<\/p>\n<p class=\"fig-paragraph\">\u00abLe but de Poutine est la liquidation de l\u2019Otan et de l\u2019Union europ\u00e9enne.\u00bb Il y a quelques semaines,\u00a0<a href=\"http:\/\/www.lefigaro.fr\/vox\/monde\/garry-kasparov-le-but-de-poutine-est-la-liquidation-de-l-otan-et-de-l-union-europeenne-20251204\" target=\"_blank\" data-fig-type=\"Article\" rel=\"sponsored noopener\" data-gtm-custom-categorie=\"navigation\" data-gtm-custom-action=\"crossclick\" data-gtm-custom-label=\"Contextuel\" data-gtm-event=\"customEventSPE\" data-fig-domain=\"LEFIGARO\">lors d\u2019un entretien exclusif au Figaro,<\/a>\u00a0l\u2019ancien champion du monde d\u2019\u00e9checs, opposant \u00e0 Vladimir Poutine, lan\u00e7ait un s\u00e9v\u00e8re avertissement \u00e0 l\u2019Europe sur les intentions du ma\u00eetre du Kremlin. Depuis, Garry Kasparov fait l\u2019objet d\u2019un mandat d\u2019arr\u00eat \u00e9mis lundi par un tribunal de Moscou pour \u00abdes appels publics et la justification du terrorisme\u00bb, selon l\u2019agence russe TASS.<\/p>\n<p class=\"fig-body-link\">\n            \u00c0 lire aussi<br \/>\n        <a class=\"fig-body-link__link fig-premium-mark\" href=\"http:\/\/www.lefigaro.fr\/vox\/monde\/garry-kasparov-le-but-de-poutine-est-la-liquidation-de-l-otan-et-de-l-union-europeenne-20251204\" target=\"_blank\" data-fig-type=\"Article\" rel=\"sponsored noopener\" data-gtm-custom-categorie=\"navigation\" data-gtm-custom-action=\"crossclick\" data-gtm-custom-label=\"Contextuel\" data-gtm-event=\"customEventSPE\" data-fig-domain=\"LEFIGARO\"><\/p>\n<p>        Garry Kasparov\u00a0: \u00abLe but de Poutine est la liquidation de l\u2019Otan et de l\u2019Union europ\u00e9enne\u00bb<br \/>\n    <\/a>\n<\/p>\n<blockquote class=\"fig-quote&#10;    \">\n<p class=\"fig-quote__text\">Encore\u00a0? S\u2019opposer \u00e0 un \u00c9tat terroriste, c\u2019est forc\u00e9ment du terrorisme<\/p>\n<p>            Garry Kasparov\n    <\/p><\/blockquote>\n<p class=\"fig-paragraph\">Aujourd\u2019hui d\u00e9tenteur de la nationalit\u00e9 croate, Garry Kasparov, consid\u00e9r\u00e9 comme un \u00ab agent de l\u2019\u00e9tranger\u00a0\u00bb par Moscou et inscrit sur le registre des terroristes et extr\u00e9mistes pour son activit\u00e9 politique, a r\u00e9pondu toujours sur X\u00a0: \u00abEncore\u00a0? S\u2019opposer \u00e0 un \u00c9tat terroriste, c\u2019est forc\u00e9ment du terrorisme\u00bb. En 2024, il avait d\u00e9j\u00e0 \u00e9t\u00e9 cibl\u00e9 par un mandat d\u2019arr\u00eat pour des raisons similaires.<\/p>\n","protected":false},"excerpt":{"rendered":"La l\u00e9gende des \u00e9checs Garry Kasparov, fervent opposant \u00e0 Vladimir Poutine, fait \u00e0 nouveau l\u2019objet d\u2019un mandat d\u2019arr\u00eat&hellip;\n","protected":false},"author":2,"featured_media":618494,"comment_status":"","ping_status":"","sticky":false,"template":"","format":"standard","meta":{"footnotes":""},"categories":[1591],"tags":[11,12329,1887,72861,12,1885,1886,132,135],"class_list":{"0":"post-618493","1":"post","2":"type-post","3":"status-publish","4":"format-standard","5":"has-post-thumbnail","7":"category-russie","8":"tag-actualites","9":"tag-echec","10":"tag-federation-de-russie","11":"tag-garry-kasparov","12":"tag-news","13":"tag-russia","14":"tag-russian-federation","15":"tag-russie","16":"tag-vladimir-poutine"},"share_on_mastodon":{"url":"https:\/\/pubeurope.com\/@fr\/115770517392992019","error":""},"_links":{"self":[{"href":"https:\/\/www.europesays.com\/fr\/wp-json\/wp\/v2\/posts\/618493","targetHints":{"allow":["GET"]}}],"collection":[{"href":"https:\/\/www.europesays.com\/fr\/wp-json\/wp\/v2\/posts"}],"about":[{"href":"https:\/\/www.europesays.com\/fr\/wp-json\/wp\/v2\/types\/post"}],"author":[{"embeddable":true,"href":"https:\/\/www.europesays.com\/fr\/wp-json\/wp\/v2\/users\/2"}],"replies":[{"embeddable":true,"href":"https:\/\/www.europesays.com\/fr\/wp-json\/wp\/v2\/comments?post=618493"}],"version-history":[{"count":0,"href":"https:\/\/www.europesays.com\/fr\/wp-json\/wp\/v2\/posts\/618493\/revisions"}],"wp:featuredmedia":[{"embeddable":true,"href":"https:\/\/www.europesays.com\/fr\/wp-json\/wp\/v2\/media\/618494"}],"wp:attachment":[{"href":"https:\/\/www.europesays.com\/fr\/wp-json\/wp\/v2\/media?parent=618493"}],"wp:term":[{"taxonomy":"category","embeddable":true,"href":"https:\/\/www.europesays.com\/fr\/wp-json\/wp\/v2\/categories?post=618493"},{"taxonomy":"post_tag","embeddable":true,"href":"https:\/\/www.europesays.com\/fr\/wp-json\/wp\/v2\/tags?post=618493"}],"curies":[{"name":"wp","href":"https:\/\/api.w.org\/{rel}","templated":true}]}}