{"id":618499,"date":"2025-12-23T19:26:14","date_gmt":"2025-12-23T19:26:14","guid":{"rendered":"https:\/\/www.europesays.com\/fr\/618499\/"},"modified":"2025-12-23T19:26:14","modified_gmt":"2025-12-23T19:26:14","slug":"des-sud-africains-manifestent-leur-solidarite-avec-les-grevistes-de-la-faim-pro-palestiniens-emprisonnes-au-royaume-uni","status":"publish","type":"post","link":"https:\/\/www.europesays.com\/fr\/618499\/","title":{"rendered":"Des Sud-Africains manifestent leur solidarit\u00e9 avec les gr\u00e9vistes de la faim pro-palestiniens emprisonn\u00e9s au Royaume-Uni"},"content":{"rendered":"<p>AA \/ Afrique du Sud \/ Hassan Isilow<\/p>\n<p>Des militants sud-africains ont manifest\u00e9 mardi devant les bureaux du British Council \u00e0 Johannesburg, d\u00e9non\u00e7ant le sort des gr\u00e9vistes de la faim pro-palestiniens d\u00e9tenus dans les prisons britanniques et appelant le gouvernement britannique \u00e0 les lib\u00e9rer imm\u00e9diatement.<\/p>\n<p>Certains manifestants brandissaient des pancartes o\u00f9 l&rsquo;on pouvait lire, entre autres : \u00ab Solidarit\u00e9 avec les gr\u00e9vistes de la faim \u00bb, \u00ab Soutien \u00e0 Palestine Action \u00bb et \u00ab Lutter contre le g\u00e9nocide n&rsquo;est pas un crime \u00bb.<\/p>\n<p>Les manifestants ont remis leur liste de revendications \u00e0 un repr\u00e9sentant du British Council, lui demandant de la transmettre \u00e0 l&rsquo;ambassadeur du Royaume-Uni.<\/p>\n<p>Firoza Mayet, de l&rsquo;Alliance de solidarit\u00e9 avec la Palestine (PSA), a d\u00e9clar\u00e9 \u00e0 Anadolu qu&rsquo;ils avaient \u00e9galement envoy\u00e9 leurs revendications par courriel \u00e0 l&rsquo;ambassadeur, demandant la lib\u00e9ration des gr\u00e9vistes de la faim, dont l&rsquo;\u00e9tat de sant\u00e9 serait critique.<\/p>\n<p>Lundi, plusieurs organisations de la soci\u00e9t\u00e9 civile sud-africaines avaient exprim\u00e9 leur solidarit\u00e9 avec les gr\u00e9vistes de la faim et appel\u00e9 le gouvernement britannique \u00e0 leur accorder une lib\u00e9ration sous caution imm\u00e9diate et \u00e0 garantir leur droit \u00e0 un proc\u00e8s \u00e9quitable, transparent et rapide.<\/p>\n<p>Dans un communiqu\u00e9 conjoint transmis \u00e0 Anadolu, le groupe a d\u00e9clar\u00e9 : \u00ab Certains gr\u00e9vistes de la faim n&rsquo;ont plus mang\u00e9 depuis plus de 50 jours et pourraient mourir si des mesures urgentes ne sont pas prises. \u00bb<\/p>\n<p>Ces prisonniers gr\u00e9vistes de la faim sont accus\u00e9s d&rsquo;avoir p\u00e9n\u00e9tr\u00e9 par effraction dans les locaux de la filiale britannique de la soci\u00e9t\u00e9 isra\u00e9lienne d&rsquo;armement Elbit Systems \u00e0 Bristol et dans une base de la Royal Air Force dans l&rsquo;Oxfordshire.<\/p>\n<p>Mayet a d\u00e9clar\u00e9 \u00e0 Anadolu qu&rsquo;Elbit Systems se rendait complice d&rsquo;un g\u00e9nocide en fournissant des armes \u00e0 Isra\u00ebl. \u00ab Ces jeunes militants s&rsquo;opposaient \u00e0 ce qu&rsquo;Elbit Systems envoie des armes \u00e0 Isra\u00ebl \u00bb, a-t-elle affirm\u00e9.<\/p>\n<p>Le communiqu\u00e9 conjoint de plus de 20 organisations indique : \u00ab Nous exhortons le gouvernement du Premier ministre Keir Starmer \u00e0 m\u00e9diter sur les cons\u00e9quences historiques de la r\u00e9action thatch\u00e9rienne \u00e0 la gr\u00e8ve de la faim qui a conduit \u00e0 la mort de Bobby Sands et de neuf autres prisonniers politiques r\u00e9publicains irlandais en 1981. \u00bb<\/p>\n<p><strong>Mettre fin au g\u00e9nocide<\/strong><\/p>\n<p>Des militants ont r\u00e9it\u00e9r\u00e9 mardi leurs appels \u00e0 la communaut\u00e9 internationale pour qu&rsquo;elle mette fin au g\u00e9nocide \u00e0 Gaza et aux atrocit\u00e9s commises dans les territoires palestiniens occup\u00e9s.<\/p>\n<p>\u00ab Ce g\u00e9nocide doit cesser. Le pr\u00e9tendu cessez-le-feu est bafou\u00e9 quotidiennement et, m\u00eame aujourd&rsquo;hui (mardi), des personnes ont \u00e9t\u00e9 tu\u00e9es \u00e0 Gaza et en Cisjordanie. La situation s&rsquo;aggrave avec des emprisonnements et des assassinats arbitraires \u00bb, a d\u00e9clar\u00e9 Mayet \u00e0 Anadolu.<\/p>\n<p>Elle a ajout\u00e9 que la communaut\u00e9 internationale devait continuer \u00e0 soutenir les Palestiniens, car leurs terres sont annex\u00e9es en Cisjordanie, les chassant de leurs terres et les emp\u00eachant de cultiver.<\/p>\n<p>Des organisations de la soci\u00e9t\u00e9 civile ont indiqu\u00e9 lundi que cinq des gr\u00e9vistes de la faim d\u00e9tenus dans les prisons britanniques ont moins de 31 ans, le plus jeune ayant 20 ans, et que leur \u00e9tat de sant\u00e9 est critique.<\/p>\n<p>Parmi ces gr\u00e9vistes de la faim figurent Qesser Zuhrah, Teuta Hoxha, Heba Muraisi, Kamran Ahmed et Amu Gib.<\/p>\n<p>Le groupe a d\u00e9clar\u00e9 que Gib et Ahmed ont \u00e9t\u00e9 hospitalis\u00e9s, que Zuhrah commence \u00e0 perdre la vue, que Muraisi souffre de pertes de m\u00e9moire et que Hoxha pr\u00e9sente une hypoglyc\u00e9mie dangereuse et que sa peau devient grise.<\/p>\n<p>\u00ab Leur coll\u00e8gue Lewie Chiaramello observe une gr\u00e8ve de la faim partielle en raison de son diab\u00e8te, tandis que Jon Cink et Umer Khalid \u2013 atteint de dystrophie musculaire \u2013 ont r\u00e9cemment interrompu leur gr\u00e8ve de la faim apr\u00e8s avoir \u00e9t\u00e9 hospitalis\u00e9s. \u00bb<\/p>\n<p>Les gr\u00e9vistes de la faim exigent la lev\u00e9e de toute censure de leurs communications en prison, notamment la privation de lettres, d&rsquo;appels t\u00e9l\u00e9phoniques et de livres.<\/p>\n<p>Ils r\u00e9clament la lib\u00e9ration sous caution imm\u00e9diate de tous les membres de Palestine Action actuellement d\u00e9tenus dans les prisons britanniques, le droit \u00e0 un proc\u00e8s \u00e9quitable et rapide pour tous les prisonniers de Palestine Action, ainsi que la lev\u00e9e de l&rsquo;interdiction de Palestine Action et la suppression de sa classification comme organisation terroriste.<\/p>\n<p>Ils demandent \u00e9galement la fermeture de tous les sites et filiales d&rsquo;Elbit Systems op\u00e9rant au Royaume-Uni.<\/p>\n<p>*Traduit de l\u2019anglais par Ayse Bashoruz<\/p>\n<p>                            &#13;<br \/>\n                                <a href=\"https:\/\/www.aa.com.tr\/fr\/p\/abonnement\/1001\" target=\"_blank\" style=\"font-size:12px; color:#444; text-decoration:none;\" rel=\"noopener\">&#13;<br \/>\n                                    Seulement une partie des d\u00e9p\u00eaches, que l&rsquo;Agence Anadolu diffuse \u00e0 ses abonn\u00e9s via le Syst\u00e8me de Diffusion interne (HAS), est diffus\u00e9e sur le site de l&rsquo;AA, de mani\u00e8re r\u00e9sum\u00e9e. <b style=\"color:#1897F7\">Contactez-nous s&rsquo;il vous pla\u00eet pour vous abonner.<\/b>&#13;<br \/>\n                                <\/a>&#13;<\/p>\n","protected":false},"excerpt":{"rendered":"AA \/ Afrique du Sud \/ Hassan Isilow Des militants sud-africains ont manifest\u00e9 mardi devant les bureaux du&hellip;\n","protected":false},"author":2,"featured_media":618500,"comment_status":"","ping_status":"","sticky":false,"template":"","format":"standard","meta":{"footnotes":""},"categories":[1588],"tags":[11,1785,72862,1777,674,72863,2581,72864,72865,12,473,1853,1851,1850,1852],"class_list":{"0":"post-618499","1":"post","2":"type-post","3":"status-publish","4":"format-standard","5":"has-post-thumbnail","7":"category-royaume-uni","8":"tag-actualites","9":"tag-anadolu-ajansi","10":"tag-conseil-britannique","11":"tag-eu","12":"tag-europe","13":"tag-firoza-mayet","14":"tag-keir-starmer","15":"tag-lalliance-de-la-solidarit-palestienne","16":"tag-les-manifestants-de-lafrique-du-sud","17":"tag-news","18":"tag-royaume-uni","19":"tag-royaume-uni-de-grande-bretagne-et-dirlande-du-nord","20":"tag-uk","21":"tag-united-kingdom","22":"tag-united-kingdom-of-great-britain-and-northern-ireland"},"share_on_mastodon":{"url":"https:\/\/pubeurope.com\/@fr\/115770529226172958","error":""},"_links":{"self":[{"href":"https:\/\/www.europesays.com\/fr\/wp-json\/wp\/v2\/posts\/618499","targetHints":{"allow":["GET"]}}],"collection":[{"href":"https:\/\/www.europesays.com\/fr\/wp-json\/wp\/v2\/posts"}],"about":[{"href":"https:\/\/www.europesays.com\/fr\/wp-json\/wp\/v2\/types\/post"}],"author":[{"embeddable":true,"href":"https:\/\/www.europesays.com\/fr\/wp-json\/wp\/v2\/users\/2"}],"replies":[{"embeddable":true,"href":"https:\/\/www.europesays.com\/fr\/wp-json\/wp\/v2\/comments?post=618499"}],"version-history":[{"count":0,"href":"https:\/\/www.europesays.com\/fr\/wp-json\/wp\/v2\/posts\/618499\/revisions"}],"wp:featuredmedia":[{"embeddable":true,"href":"https:\/\/www.europesays.com\/fr\/wp-json\/wp\/v2\/media\/618500"}],"wp:attachment":[{"href":"https:\/\/www.europesays.com\/fr\/wp-json\/wp\/v2\/media?parent=618499"}],"wp:term":[{"taxonomy":"category","embeddable":true,"href":"https:\/\/www.europesays.com\/fr\/wp-json\/wp\/v2\/categories?post=618499"},{"taxonomy":"post_tag","embeddable":true,"href":"https:\/\/www.europesays.com\/fr\/wp-json\/wp\/v2\/tags?post=618499"}],"curies":[{"name":"wp","href":"https:\/\/api.w.org\/{rel}","templated":true}]}}