{"id":618511,"date":"2025-12-23T19:34:13","date_gmt":"2025-12-23T19:34:13","guid":{"rendered":"https:\/\/www.europesays.com\/fr\/618511\/"},"modified":"2025-12-23T19:34:13","modified_gmt":"2025-12-23T19:34:13","slug":"en-plus-de-la-neige-meteo-france-place-le-departement-de-lorne-en-vigilance-grand-froid","status":"publish","type":"post","link":"https:\/\/www.europesays.com\/fr\/618511\/","title":{"rendered":"En plus de la neige, M\u00e9t\u00e9o France place le d\u00e9partement de l\u2019Orne en vigilance grand froid"},"content":{"rendered":"<p>                    Par<br \/>\n        <strong><br \/>\n            <a href=\"https:\/\/actu.fr\/auteur\/christophe\" title=\"Consulter tous les articles de Christophe Rivard\" target=\"_blank\" rel=\"noopener\">Christophe Rivard<\/a><br \/>\n                    <\/strong><\/p>\n<p>        Publi\u00e9 le<\/p>\n<p>            23 d\u00e9c. 2025 \u00e0 20h19        <\/p>\n<p>Si la neige pourrait \u00eatre <a href=\"https:\/\/actu.fr\/meteo\/de-la-neige-dans-lorne-pour-noel-une-meteo-tres-agitee-voici-les-previsions_63613810.html\" target=\"_blank\" rel=\"noopener\">pr\u00e9sente pour le jour de No\u00ebl<\/a>, selon certains organismes comme <a href=\"https:\/\/actu.fr\/tag\/meteo-france\" target=\"_blank\" rel=\"noopener\">M\u00e9t\u00e9o France<\/a>, le d\u00e9partement de l\u2019<a href=\"https:\/\/actu.fr\/normandie\/orne_61\" target=\"_blank\" rel=\"noopener\">Orne<\/a> vient d\u2019\u00eatre plac\u00e9 en vigilance grand froid.<\/p>\n<p>Jusqu\u2019\u00e0 -10\u00a0\u00b0C ressentis<\/p>\n<p class=\" wall-content\">Si vous avez mis le nez dehors ce mardi 23\u00a0d\u00e9cembre 2025, vous avez certainement remarqu\u00e9 l\u2019arriv\u00e9e du froid. Pas forc\u00e9ment au niveau du thermom\u00e8tre, mais au niveau du ressenti.<\/p>\n<p class=\" wall-content\">C\u2019est pourquoi <b>M\u00e9t\u00e9o France<\/b> a plac\u00e9 le d\u00e9partement de l\u2019Orne en <a href=\"https:\/\/actu.fr\/meteo\/neige-en-plaine-et-froid-en-france-les-regions-concernees-a-noel-mercredi-24-et-jeudi-25-decembre_63614246.html\" target=\"_blank\" rel=\"noopener\">vigilance jaune au grand froid<\/a>. Une vigilance qui d\u00e9marrera ce mercredi 24\u00a0d\u00e9cembre \u00e0 21\u00a0heures et qui est pr\u00e9vue, pour l\u2019instant, pour durer jusqu\u2019au vendredi 26\u00a0d\u00e9cembre.<\/p>\n<p class=\" wall-content\">Ainsi, selon M\u00e9t\u00e9o France, dans la nuit du mercredi\u00a024 au jeudi 25\u00a0d\u00e9cembre, si de petites chutes de neige sont annonc\u00e9es, le ressenti devrait \u00eatre autour de -10\u00a0\u00b0C.<\/p>\n<p>    <img   decoding=\"async\" loading=\"lazy\" class=\"size-large\" src=\"https:\/\/www.europesays.com\/fr\/wp-content\/uploads\/2025\/12\/e2f42cc6ea496f6f42cc6ea49daf42v-960x640.jpg\" alt=\"Le d\u00e9partement de l'Orne, comme les d\u00e9partements voisins de l'Eure et de l'Eure-et-Loir viennent d'\u00eatre plac\u00e9s en vigilance grand froid.\" width=\"960\" height=\"640\"\/><br \/>\n    Le d\u00e9partement de l\u2019Orne, comme les d\u00e9partements voisins de l\u2019Eure et de l\u2019Eure-et-Loir viennent d\u2019\u00eatre plac\u00e9s en vigilance grand froid. \u00a9Capture d\u2019\u00e9cran M\u00e9t\u00e9o FranceVid\u00e9os : en ce moment sur ActuUn radoucissement pour le week-end<\/p>\n<p class=\" wall-content\">Des temp\u00e9ratures qui resteront d\u2019actualit\u00e9 dans la nuit du jeudi\u00a025 au vendredi 26\u00a0d\u00e9cembre. Ce, avant un <b>radoucissement progressif<\/b> annonc\u00e9 pour les samedi\u00a027 et dimanche 28\u00a0d\u00e9cembre.<\/p>\n<p>Votre r\u00e9gion, votre actu !<\/p>\n<p>Recevez chaque jour les infos qui comptent pour vous.<\/p>\n<p>\t<a href=\"https:\/\/actu.fr\/newsletter\" class=\"ac-btn ac-btn--corner ac-btn--medium ac-btn--blue800\" target=\"_blank\" rel=\"noopener\">S&rsquo;incrire<\/a><\/p>\n<blockquote class=\"ac-article-quote wall-content\">\n<p>Dans ce contexte hivernal soyez attentifs aux personnes vuln\u00e9rables et contactez le 115 le cas \u00e9ch\u00e9ant. Restez prudents, notamment sur la route ou lors de toute activit\u00e9 ext\u00e9rieure.<\/p>\n<p>La pr\u00e9fecture de l\u2019Orne<\/p><\/blockquote>\n<p>    <a href=\"https:\/\/www.facebook.com\/plugins\/post.php?href=https%3A%2F%2Fwww.facebook.com%2Fprefetdelorne%2Fposts%2Fpfbid07Wnnua8CahqyDmvQvbqCSJ2qa1MZpNVREwgJDA1FYtiqDjTabzweu5tQGvs6h3Xil&amp;show_text=true&amp;width=350\" title=\"Ouvrie le lien\" target=\"_blank\" rel=\"noopener\">Cliquez ici pour visualiser le contenu<\/a><\/p>\n<p class=\" wall-content\">Personnalisez votre actualit\u00e9 en ajoutant vos villes et m\u00e9dias en favori avec <a href=\"https:\/\/moncompte.actu.fr\" title=\"D\u00e9couvez Mon Actu\" rel=\"nofollow noopener\" data-trk=\"{&quot;cta&quot;:{&quot;action&quot;:&quot;https:\\\/\\\/moncompte.actu.fr&quot;,&quot;category&quot;:&quot;mon compte&quot;,&quot;from&quot;:&quot;article footer&quot;,&quot;name&quot;:&quot;Mon actu&quot;,&quot;type&quot;:&quot;cta&quot;}}\" target=\"_blank\">Mon Actu<\/a>.<\/p>\n","protected":false},"excerpt":{"rendered":"Par Christophe Rivard Publi\u00e9 le 23 d\u00e9c. 2025 \u00e0 20h19 Si la neige pourrait \u00eatre pr\u00e9sente pour le&hellip;\n","protected":false},"author":2,"featured_media":618512,"comment_status":"","ping_status":"","sticky":false,"template":"","format":"standard","meta":{"footnotes":""},"categories":[4],"tags":[11,1011,27,3447,10584,12,25,104],"class_list":{"0":"post-618511","1":"post","2":"type-post","3":"status-publish","4":"format-standard","5":"has-post-thumbnail","7":"category-france","8":"tag-actualites","9":"tag-fr","10":"tag-france","11":"tag-froid","12":"tag-neige","13":"tag-news","14":"tag-republique-francaise","15":"tag-societe"},"share_on_mastodon":{"url":"https:\/\/pubeurope.com\/@fr\/115770560849601645","error":""},"_links":{"self":[{"href":"https:\/\/www.europesays.com\/fr\/wp-json\/wp\/v2\/posts\/618511","targetHints":{"allow":["GET"]}}],"collection":[{"href":"https:\/\/www.europesays.com\/fr\/wp-json\/wp\/v2\/posts"}],"about":[{"href":"https:\/\/www.europesays.com\/fr\/wp-json\/wp\/v2\/types\/post"}],"author":[{"embeddable":true,"href":"https:\/\/www.europesays.com\/fr\/wp-json\/wp\/v2\/users\/2"}],"replies":[{"embeddable":true,"href":"https:\/\/www.europesays.com\/fr\/wp-json\/wp\/v2\/comments?post=618511"}],"version-history":[{"count":0,"href":"https:\/\/www.europesays.com\/fr\/wp-json\/wp\/v2\/posts\/618511\/revisions"}],"wp:featuredmedia":[{"embeddable":true,"href":"https:\/\/www.europesays.com\/fr\/wp-json\/wp\/v2\/media\/618512"}],"wp:attachment":[{"href":"https:\/\/www.europesays.com\/fr\/wp-json\/wp\/v2\/media?parent=618511"}],"wp:term":[{"taxonomy":"category","embeddable":true,"href":"https:\/\/www.europesays.com\/fr\/wp-json\/wp\/v2\/categories?post=618511"},{"taxonomy":"post_tag","embeddable":true,"href":"https:\/\/www.europesays.com\/fr\/wp-json\/wp\/v2\/tags?post=618511"}],"curies":[{"name":"wp","href":"https:\/\/api.w.org\/{rel}","templated":true}]}}