{"id":618513,"date":"2025-12-23T19:37:13","date_gmt":"2025-12-23T19:37:13","guid":{"rendered":"https:\/\/www.europesays.com\/fr\/618513\/"},"modified":"2025-12-23T19:37:13","modified_gmt":"2025-12-23T19:37:13","slug":"siya-kolisi-a-fait-son-choix","status":"publish","type":"post","link":"https:\/\/www.europesays.com\/fr\/618513\/","title":{"rendered":"Siya Kolisi a fait son choix"},"content":{"rendered":"<p><strong>En fin de contrat en juin<br \/>\nprochain avec les Sharks et annonc\u00e9 partant pour le Japon, Siya<br \/>\nKolisi a finalement d\u00e9cid\u00e9 de faire son retour chez les Stormers,<br \/>\no\u00f9 il a jou\u00e9 entre 2013 et 2020.<\/strong><\/p>\n<p>Apr\u00e8s avoir r\u00e9cemment fait prolonger Sacha Feinberg-Mngomezulu,<br \/>\nles Stormers viennent de r\u00e9aliser un nouveau gros coup sur le<br \/>\nmarch\u00e9 des transferts. En effet, alors qu\u2019il \u00e9tait annonc\u00e9 partant<br \/>\npour le Japon, Siya Kolisi va finalement rester en Afrique du Sud<br \/>\net va faire son grand retour au sein de la franchise bas\u00e9e au Cap,<br \/>\no\u00f9 il a d\u00e9j\u00e0 \u00e9volu\u00e9 la majeure partie de sa carri\u00e8re entre 2013 et<br \/>\n2020 (89 matchs). La nouvelle a \u00e9t\u00e9 officialis\u00e9e ce mardi.<\/p>\n<p>En fin de contrat avec les Sharks en juin prochain, le 3e ligne<br \/>\nsud-africain (34 ans) \u00e9tait convoit\u00e9 mais a pr\u00e9f\u00e9r\u00e9 faire un choix<br \/>\nfamilial avec ce retour aux sources. \u00ab Siya est une ic\u00f4ne<br \/>\nnationale qui a toujours conserv\u00e9 une \u00e9troite relation avec notre<br \/>\n\u00e9quipe et nos supporters. C\u2019est aussi un p\u00e8re de famille qui a<br \/>\nenvie d\u2019\u00eatre aupr\u00e8s de ses enfants le plus souvent possible \u00bb,<br \/>\na notamment r\u00e9agi Johan Le Roux, le chef ex\u00e9cutif des Stormers,<br \/>\ndans un communiqu\u00e9.<\/p>\n<blockquote class=\"twitter-tweet\">\n<p dir=\"ltr\" lang=\"en\">The icon <a href=\"https:\/\/twitter.com\/SiyaKolisi?ref_src=twsrc%5Etfw\" target=\"_blank\" rel=\"noopener\">@SiyaKolisi<\/a><br \/>\nmakes his return in July 2026. <a href=\"https:\/\/twitter.com\/hashtag\/inittogether?src=hash&amp;ref_src=twsrc%5Etfw\" target=\"_blank\" rel=\"noopener\"><br \/>\n#inittogether<\/a> <a href=\"https:\/\/t.co\/0astkJyQhJ\">pic.twitter.com\/0astkJyQhJ<\/a><\/p>\n<p>\u2014 DHL Stormers (@THESTORMERS) <a href=\"https:\/\/twitter.com\/THESTORMERS\/status\/2003411832195989845?ref_src=twsrc%5Etfw\" target=\"_blank\" rel=\"noopener\"><br \/>\nDecember 23, 2025<\/a><\/p>\n<\/blockquote>\n<p>Kolisi : \u00ab J\u2019ai des souvenirs<br \/>\nincroyables \u00bb<\/p>\n<p>\u00ab Nous avons une excellente cuv\u00e9e de troisi\u00e8me-lignes dans<br \/>\nnotre \u00e9quipe, dont beaucoup de jeunes leaders. Siya pourra aider \u00e0<br \/>\nd\u00e9velopper ces jeunes talents comme personne d\u2019autre dans le projet<br \/>\nque nous nous sommes fix\u00e9s jusqu\u2019en 2029 \u00bb, a pour sa part<br \/>\nd\u00e9clar\u00e9 John Dobson, le directeur du rugby de la franchise<br \/>\nsud-africaine, \u00e0 propos de la signature du capitaine des<br \/>\nSpringboks.<\/p>\n<p>\u00ab J\u2019ai des souvenirs incroyables de mes premi\u00e8res ann\u00e9es<br \/>\nchez les Stormers. Je n\u2019ai jamais oubli\u00e9 la fa\u00e7on avec laquelle les<br \/>\nsupporters m\u2019ont pris en affection lors de mes ann\u00e9es de formation.<br \/>\nMa famille est au Cap et c\u2019\u00e9tait important pour moi de me<br \/>\nrapprocher d\u2019elle. Ce nouveau contrat me permet de revenir au club<br \/>\nqui a tant contribu\u00e9 \u00e0 faire de moi l\u2019homme et le joueur que je<br \/>\nsuis aujourd\u2019hui \u00bb, a expliqu\u00e9 Kolisi \u00e0 propos de son choix de<br \/>\nrejoindre une formation en mesure de viser des titres en United<br \/>\nRugby Championship et en Champions Cup.<\/p>\n<p><script async src=\"https:\/\/platform.twitter.com\/widgets.js\" charset=\"utf-8\"><\/script><\/p>\n","protected":false},"excerpt":{"rendered":"En fin de contrat en juin prochain avec les Sharks et annonc\u00e9 partant pour le Japon, Siya Kolisi&hellip;\n","protected":false},"author":2,"featured_media":618514,"comment_status":"","ping_status":"","sticky":false,"template":"","format":"standard","meta":{"footnotes":""},"categories":[1416],"tags":[5594,1011,27,72866,479,1468,57681,60,72553],"class_list":{"0":"post-618513","1":"post","2":"type-post","3":"status-publish","4":"format-standard","5":"has-post-thumbnail","7":"category-rugby","8":"tag-afrique-du-sud","9":"tag-fr","10":"tag-france","11":"tag-kolisi","12":"tag-rugby","13":"tag-rugby-football","14":"tag-sport365-fr","15":"tag-sports","16":"tag-stormers"},"share_on_mastodon":{"url":"https:\/\/pubeurope.com\/@fr\/115770572448780969","error":""},"_links":{"self":[{"href":"https:\/\/www.europesays.com\/fr\/wp-json\/wp\/v2\/posts\/618513","targetHints":{"allow":["GET"]}}],"collection":[{"href":"https:\/\/www.europesays.com\/fr\/wp-json\/wp\/v2\/posts"}],"about":[{"href":"https:\/\/www.europesays.com\/fr\/wp-json\/wp\/v2\/types\/post"}],"author":[{"embeddable":true,"href":"https:\/\/www.europesays.com\/fr\/wp-json\/wp\/v2\/users\/2"}],"replies":[{"embeddable":true,"href":"https:\/\/www.europesays.com\/fr\/wp-json\/wp\/v2\/comments?post=618513"}],"version-history":[{"count":0,"href":"https:\/\/www.europesays.com\/fr\/wp-json\/wp\/v2\/posts\/618513\/revisions"}],"wp:featuredmedia":[{"embeddable":true,"href":"https:\/\/www.europesays.com\/fr\/wp-json\/wp\/v2\/media\/618514"}],"wp:attachment":[{"href":"https:\/\/www.europesays.com\/fr\/wp-json\/wp\/v2\/media?parent=618513"}],"wp:term":[{"taxonomy":"category","embeddable":true,"href":"https:\/\/www.europesays.com\/fr\/wp-json\/wp\/v2\/categories?post=618513"},{"taxonomy":"post_tag","embeddable":true,"href":"https:\/\/www.europesays.com\/fr\/wp-json\/wp\/v2\/tags?post=618513"}],"curies":[{"name":"wp","href":"https:\/\/api.w.org\/{rel}","templated":true}]}}