{"id":618517,"date":"2025-12-23T19:42:20","date_gmt":"2025-12-23T19:42:20","guid":{"rendered":"https:\/\/www.europesays.com\/fr\/618517\/"},"modified":"2025-12-23T19:42:20","modified_gmt":"2025-12-23T19:42:20","slug":"disparition-le-biathlete-norvegien-sivert-guttorm-bakken-retrouve-mort-dans-sa-chambre-dhotel-a-27-ans","status":"publish","type":"post","link":"https:\/\/www.europesays.com\/fr\/618517\/","title":{"rendered":"Disparition . Le biathl\u00e8te norv\u00e9gien Sivert Guttorm Bakken retrouv\u00e9 mort dans sa chambre d&rsquo;h\u00f4tel \u00e0\u00a027 ans"},"content":{"rendered":"<p>Terrible nouvelle. La F\u00e9d\u00e9ration norv\u00e9gienne a annonc\u00e9 dans <a href=\"https:\/\/kommunikasjon.ntb.no\/pressemelding\/18762098\/skiskytter-funnet-dod?publisherId=17849318&amp;lang=no\" target=\"_blank\" rel=\"noopener\"><strong>un communiqu\u00e9,<\/strong> <\/a>ce mardi, que <a href=\"https:\/\/www.ledauphine.com\/p\/sivert-guttorm-bakken\" target=\"_blank\" rel=\"noopener\">Sivert Guttorm Bakken<\/a> a \u00e9t\u00e9 retrouv\u00e9 mort dans sa chambre d\u2019h\u00f4tel au col de Lavaz\u00e8 en Italie o\u00f9 les Norv\u00e9giens \u00e9taient en stage juste apr\u00e8s l\u2019\u00e9tape fran\u00e7aise de Coupe du monde au Grand-Bornand. \u00ab\u00a0Les causes de son d\u00e9c\u00e8s ne sont pas encore connues\u00a0\u00bb, dit le communiqu\u00e9 f\u00e9d\u00e9ral.<\/p>\n<p>\u00ab Nos pens\u00e9es vont avant tout \u00e0 la famille de Sivert et \u00e0 tous ses proches, en Norv\u00e8ge comme \u00e0 l\u2019\u00e9tranger. Nous coop\u00e9rons pleinement avec les autorit\u00e9s italiennes sur place \u00bb, a d\u00e9clar\u00e9 Emilie Nordskar, secr\u00e9taire g\u00e9n\u00e9rale par int\u00e9rim.<\/p>\n<p>Ce contenu est bloqu\u00e9 car vous n&rsquo;avez pas accept\u00e9 les cookies et autres traceurs.<\/p>\n<p>En cliquant sur \u00ab J\u2019accepte \u00bb, les cookies et autres traceurs seront d\u00e9pos\u00e9s et vous pourrez visualiser les contenus  (<a href=\"\" class=\"consentModule_policy\" target=\"_blank\" title=\"Consulter la politique de protection des donn\u00e9es du fournisseur\">plus d&rsquo;informations<\/a>).<\/p>\n<p>En cliquant sur \u00ab J\u2019accepte tous les cookies \u00bb, vous autorisez des d\u00e9p\u00f4ts de cookies et autres traceurs pour le stockage de vos donn\u00e9es sur nos sites et applications \u00e0 des fins de personnalisation et de ciblage publicitaire.<\/p>\n<p class=\"consentModule_secondaryText\">Vous gardez la possibilit\u00e9 de retirer votre consentement \u00e0 tout moment en consultant notre <a href=\"https:\/\/www.ledauphine.com\/protection-des-donnees\" target=\"_blank\" title=\"Consulter notre politique de protection des donn\u00e9es\" rel=\"noopener\">politique de protection des donn\u00e9es<\/a>. <br \/>&#13;<br \/>\n            <a href=\"https:\/\/www.ledauphine.com\/skichrono\/2025\/12\/23\/javascript:Didomi.notice.show()\" class=\"consentModule_cmp\" target=\"_blank\" rel=\"noopener\">G\u00e9rer mes choix<\/a>&#13;\n        <\/p>\n<p>&#13;<br \/>\n                        J&rsquo;accepte&#13;<br \/>\n            J&rsquo;accepte tous les cookies&#13;\n        <\/p>\n<p>\u00ab\u00a0Les athl\u00e8tes et leurs proches b\u00e9n\u00e9ficieront d&rsquo;un soutien de la part d\u2019une cellule de soutien psychologiques, rappelle le communiqu\u00e9 f\u00e9d\u00e9ral. Ses co\u00e9quipiers demandent du calme durant cette p\u00e9riode difficile.\u00a0\u00bb Une c\u00e9r\u00e9monie comm\u00e9morative est pr\u00e9vue ce mardi soir en Norv\u00e8ge, \u00e0 l&rsquo;\u00e9glise de Lillehammer, d&rsquo;o\u00f9 Bakken \u00e9tait originaire.<\/p>\n<p>Ce contenu est bloqu\u00e9 car vous n&rsquo;avez pas accept\u00e9 les cookies et autres traceurs.<\/p>\n<p>En cliquant sur \u00ab J\u2019accepte \u00bb, les cookies et autres traceurs seront d\u00e9pos\u00e9s et vous pourrez visualiser les contenus  (<a href=\"\" class=\"consentModule_policy\" target=\"_blank\" title=\"Consulter la politique de protection des donn\u00e9es du fournisseur\">plus d&rsquo;informations<\/a>).<\/p>\n<p>En cliquant sur \u00ab J\u2019accepte tous les cookies \u00bb, vous autorisez des d\u00e9p\u00f4ts de cookies et autres traceurs pour le stockage de vos donn\u00e9es sur nos sites et applications \u00e0 des fins de personnalisation et de ciblage publicitaire.<\/p>\n<p class=\"consentModule_secondaryText\">Vous gardez la possibilit\u00e9 de retirer votre consentement \u00e0 tout moment en consultant notre <a href=\"https:\/\/www.ledauphine.com\/protection-des-donnees\" target=\"_blank\" title=\"Consulter notre politique de protection des donn\u00e9es\" rel=\"noopener\">politique de protection des donn\u00e9es<\/a>. <br \/>&#13;<br \/>\n            <a href=\"https:\/\/www.ledauphine.com\/skichrono\/2025\/12\/23\/javascript:Didomi.notice.show()\" class=\"consentModule_cmp\" target=\"_blank\" rel=\"noopener\">G\u00e9rer mes choix<\/a>&#13;\n        <\/p>\n<p>&#13;<br \/>\n                        J&rsquo;accepte&#13;<br \/>\n            J&rsquo;accepte tous les cookies&#13;\n        <\/p>\n","protected":false},"excerpt":{"rendered":"Terrible nouvelle. La F\u00e9d\u00e9ration norv\u00e9gienne a annonc\u00e9 dans un communiqu\u00e9, ce mardi, que Sivert Guttorm Bakken a \u00e9t\u00e9&hellip;\n","protected":false},"author":2,"featured_media":618518,"comment_status":"","ping_status":"","sticky":false,"template":"","format":"standard","meta":{"footnotes":""},"categories":[1411],"tags":[4130,1154,207,3856,107,1011,27,329,4638,452,72724,14279,517,60,9589],"class_list":{"0":"post-618517","1":"post","2":"type-post","3":"status-publish","4":"format-standard","5":"has-post-thumbnail","7":"category-cyclisme","8":"tag-biathlon","9":"tag-cycling","10":"tag-cyclisme","11":"tag-edition-annecy-rumilly-les-aravis","12":"tag-fil-info","13":"tag-fr","14":"tag-france","15":"tag-france-monde","16":"tag-haute-savoie","17":"tag-italie","18":"tag-le-grand-bornand","19":"tag-skichrono","20":"tag-sport","21":"tag-sports","22":"tag-sports-dhiver"},"share_on_mastodon":{"url":"https:\/\/pubeurope.com\/@fr\/115770592135666696","error":""},"_links":{"self":[{"href":"https:\/\/www.europesays.com\/fr\/wp-json\/wp\/v2\/posts\/618517","targetHints":{"allow":["GET"]}}],"collection":[{"href":"https:\/\/www.europesays.com\/fr\/wp-json\/wp\/v2\/posts"}],"about":[{"href":"https:\/\/www.europesays.com\/fr\/wp-json\/wp\/v2\/types\/post"}],"author":[{"embeddable":true,"href":"https:\/\/www.europesays.com\/fr\/wp-json\/wp\/v2\/users\/2"}],"replies":[{"embeddable":true,"href":"https:\/\/www.europesays.com\/fr\/wp-json\/wp\/v2\/comments?post=618517"}],"version-history":[{"count":0,"href":"https:\/\/www.europesays.com\/fr\/wp-json\/wp\/v2\/posts\/618517\/revisions"}],"wp:featuredmedia":[{"embeddable":true,"href":"https:\/\/www.europesays.com\/fr\/wp-json\/wp\/v2\/media\/618518"}],"wp:attachment":[{"href":"https:\/\/www.europesays.com\/fr\/wp-json\/wp\/v2\/media?parent=618517"}],"wp:term":[{"taxonomy":"category","embeddable":true,"href":"https:\/\/www.europesays.com\/fr\/wp-json\/wp\/v2\/categories?post=618517"},{"taxonomy":"post_tag","embeddable":true,"href":"https:\/\/www.europesays.com\/fr\/wp-json\/wp\/v2\/tags?post=618517"}],"curies":[{"name":"wp","href":"https:\/\/api.w.org\/{rel}","templated":true}]}}