{"id":618523,"date":"2025-12-23T19:45:52","date_gmt":"2025-12-23T19:45:52","guid":{"rendered":"https:\/\/www.europesays.com\/fr\/618523\/"},"modified":"2025-12-23T19:45:52","modified_gmt":"2025-12-23T19:45:52","slug":"enila-artiste-de-narbonne-donne-un-sens-nouveau-et-pop-art-aux-jeux-et-jouets-de-la-generation-80-90","status":"publish","type":"post","link":"https:\/\/www.europesays.com\/fr\/618523\/","title":{"rendered":"Enila, artiste de Narbonne, donne un sens nouveau et pop-art aux jeux et jouets de la g\u00e9n\u00e9ration 80-90"},"content":{"rendered":"<p>\n                                                                Aux cimaises et dans les galeries, elle se nomme Enila. Derri\u00e8re l\u2019anagramme, se cache (un peu) Aline Alli\u00e8s. Graphiste et designer, au sein d&rsquo;une \u00e9quipe pluridisciplinaire, donne des couleurs et belle image \u00e0 la ville de Narbonne depuis 2017. Depuis deux ans environ, elle met de la couleur dans l\u2019art avec ses cr\u00e9ations en 2D et 3D. Une p\u00e9tillante \u00ab\u00a0enfulte\u00a0\u00bb dont l\u2019univers ludique est loin d\u2019\u00eatre immature. Son monde est \u00e0 d\u00e9couvrir \u00e0 Saint-Marcel jusqu\u2019en f\u00e9vrier.\n                            <\/p>\n<p><a href=\"https:\/\/www.facebook.com\/profile.php?id=61572765687380\" target=\"_self\" rel=\"noopener\">Enila<\/a> est profond\u00e9ment ancr\u00e9e dans la g\u00e9n\u00e9ration Y qui est la sienne. Les Millenials comme elle ont grandi en m\u00eame temps que naissaient les jeux vid\u00e9o, dont le quadrag\u00e9naire Mario Bros, tout en jouant \u00e0 la Barbie, aux Playmobil tandis que les super-h\u00e9ros prenaient chair, sortaient des Comics et des dessins anim\u00e9s pour devenir des personnages de film.<\/p>\n<p>        <img decoding=\"async\" class=\"std-img__img responsive-img\" src=\"https:\/\/www.europesays.com\/fr\/wp-content\/uploads\/2025\/12\/1766519148_850_image.jpg\" alt=\"Enila, une &quot;enfulte&quot; de la g\u00e9n\u00e9ration Y redonne vie et sens aux h\u00e9ros de sa jeunesse.\"\/><\/p>\n<p>                Enila, une \u00ab\u00a0enfulte\u00a0\u00bb de la g\u00e9n\u00e9ration Y redonne vie et sens aux h\u00e9ros de sa jeunesse.<br \/>\n                                    Independant &#8211; Jo\u00ebl RUIZ<\/p>\n<p>\nOn dit des natifs des ann\u00e9es 80 jusqu\u2019au milieu des ann\u00e9es 90 qu\u2019ils sont empreints de nostalgie. Enila la transforme en art. Mais c\u2019est aussi une g\u00e9n\u00e9ration qui s\u2019accroche \u00e0 ses r\u00eaves. \u00ab\u00a0J\u2019ai fait des \u00e9tudes au Beaux-Arts du\u00a0Mans. J\u2019ai toujours aim\u00e9 dessiner depuis toute petite et mon r\u00eave c\u2019\u00e9tait de devenir artiste donc c\u2019est pour \u00e7a que j\u2019ai fait les beaux-arts. Et puis, je me suis rendue compte que c\u2019\u00e9tait un m\u00e9tier assez \u00e9litiste et qu\u2019au final c\u2019\u00e9tait compliqu\u00e9 donc\u00a0je me suis dirig\u00e9e dans le graphisme parce que je me suis dit qu\u2019\u00e0 la fois \u00e7a restait de la cr\u00e9ation et que c\u2019\u00e9tait un peu plus facile de trouver un m\u00e9tier dans ce domaine. Mais quand on est sur un ordinateur toute la journ\u00e9e, il vous manque quand m\u00eame le contact avec la mati\u00e8re, de dessiner pour de vrai sur une feuille de papier et tout. Donc c\u2019est pour \u00e7a que l\u00e0, depuis deux ans, je suis revenue un peu \u00e0 mes premi\u00e8res\u00a0amours\u00a0\u00bb, explique la jeune femme originaire de Chartres.<\/p>\n<p>        <img decoding=\"async\" class=\"std-img__img responsive-img\" src=\"https:\/\/www.europesays.com\/fr\/wp-content\/uploads\/2025\/12\/1766519149_498_image.jpg\" alt=\"Choc des cultures\u00a0: un Play-Popeye qui renoue avec la pipe et les \u00e9pinards en 2025.\"\/><\/p>\n<p>                Choc des cultures\u00a0: un Play-Popeye qui renoue avec la pipe et les \u00e9pinards en 2025.<br \/>\n                                    Independant &#8211; Jo\u00ebl RUIZ<\/p>\n<p>Des messages adultes dans un univers enfantin<\/p>\n<p>R\u00e9sidente \u00e0 Saint-Marcel,<a href=\"https:\/\/www.instagram.com\/enila_creation_\/?hl=fr\" target=\"_self\" rel=\"noopener\"> Enila <\/a>a eu t\u00f4t fait de s\u2019int\u00e9grer au r\u00e9seau culturel, artistique et associatif de Septimanie. Et le moins que l\u2019on puisse dire, c\u2019est que cette artiste \u00e9mergente met de la couleur, du p\u00e9tillant et du sens partout o\u00f9 elle expose. Tr\u00e8s inspir\u00e9e par le pop-art, Enila, comme dans la chanson des Rolling Stones, est un arc-en-ciel. Mais ne vous m\u00e9prenez pas, les symboles joyeux de l\u2019enfance ne sauraient totalement masquer les engagements d\u2019adultes. En cela, elle ne trahit pas les artistes qui l\u2019inspirent. \u00ab\u00a0Warhol, j\u2019aime beaucoup bien s\u00fbr. J\u2019aime aussi Marcel Duchamp, parce que \u00e7a a \u00e9t\u00e9 le premier \u00e0 casser un peu les codes de l\u2019art, \u00e0 cr\u00e9er des ready-mades, \u00e0 d\u00e9tourner des objets. Avant, on n\u2019avait jamais vu \u00e7a. C\u2019\u00e9tait \u00e9tonnamment in\u00e9dit, pendant la Premi\u00e8re Guerre mondiale, de faire ce qu\u2019il a fait. Voil\u00e0. J\u2019aime bien des artistes comme Armand qui ont beaucoup d\u00e9tourn\u00e9 des objets. Lui, il \u00e9tait plus dans l\u2019accumulation d\u2019objets pour questionner un peu la soci\u00e9t\u00e9 de consommation et l\u2019univers, la vie dans laquelle il \u00e9tait. Mais j\u2019aime bien tous les artistes qui ont un rapport personnel avec les objets, qui essayent d\u2019\u00e9voquer des choses \u00e0 travers eux. Parce que c\u2019est vrai qu\u2019apr\u00e8s, je fais des toiles, mais j\u2019ai quand m\u00eame plus une app\u00e9tence pour les objets en 3D, et qui ont d\u00e9j\u00e0 servi, parce qu\u2019en fait, je trouve qu\u2019ils ont d\u00e9j\u00e0 une empreinte personnelle\u00a0\u00bb, explique Enila.<\/p>\n<p>        <img decoding=\"async\" class=\"std-img__img responsive-img\" src=\"https:\/\/www.europesays.com\/fr\/wp-content\/uploads\/2025\/12\/1766519151_794_image.jpg\" alt=\"Mario Bros est l\u2019un des supports f\u00e9tiches de l\u2019artiste.\"\/><\/p>\n<p>                Mario Bros est l\u2019un des supports f\u00e9tiches de l\u2019artiste.<br \/>\n                                    Independant &#8211; Jo\u00ebl RUIZ<\/p>\n<p>Aline Alli\u00e8s ne fait du neuf qu\u2019avec du vieux<\/p>\n<p>\u00ab\u00a0Je n\u2019ach\u00e8te rien de neuf, je passe ma vie en brocante ou dans les magasins de seconde main. Je fais beaucoup de veilles sur internet et je fais beaucoup de brocantes. Et puis, des fois, les gens le savent, donc ils m\u2019en apportent aussi. L\u00e0 encore, j\u2019ai un ami ce matin qui m\u2019a donn\u00e9\u00a0un jouet dont il ne se sert plus. Les gens, \u00e0 force, m\u2019apportent des choses aussi. Je ne prends pas de neufs, \u00e7a, j\u2019insiste l\u00e0-dessus. J\u2019ai commenc\u00e9 en r\u00e9cup\u00e9rant des choses qui \u00e9taient chez moi, que je n\u2019utilisais plus, qui \u00e9taient cass\u00e9es, qui \u00e9taient ab\u00eem\u00e9es. C\u2019\u00e9tait dans le but de recycler\u00a0\u00bb, explique Enila. Quand c\u2019est cass\u00e9, elle r\u00e9pare. Quand c\u2019est ab\u00eem\u00e9, elle retape. Quand c\u2019est bancal, elle \u00e9quilibre. Son travail est une all\u00e9gorie de la vie. Et une passion qu\u2019elle partage avec ses enfants et avec un public g\u00e9n\u00e9ralement conquis. Y compris au bout du monde comme en t\u00e9moigne <a href=\"https:\/\/www.etsy.com\/shop\/EnilaCreation\" target=\"_self\" rel=\"noopener\">l\u2019engouement d\u2019acheteurs partout sur la plan\u00e8te<\/a>\u00a0!<\/p>\n<p>        <img decoding=\"async\" class=\"std-img__img responsive-img\" src=\"https:\/\/www.europesays.com\/fr\/wp-content\/uploads\/2025\/12\/1766519152_156_image.jpg\" alt=\"Une exposition d\u00e9di\u00e9e aux femmes se pr\u00e9pare. Elle sera pr\u00e9sent\u00e9e en mars \u00e0 Carcassonne.\"\/><\/p>\n<p>                Une exposition d\u00e9di\u00e9e aux femmes se pr\u00e9pare. Elle sera pr\u00e9sent\u00e9e en mars \u00e0 Carcassonne.<\/p>\n<p>Pour elle, son activit\u00e9 d\u2019artiste n\u2019est encore qu\u2019une passion, un hobby, un passe-temps et un exutoire. Modeste, elle n\u2019entend que s\u2019exprimer et faire passer des messages. Et aussi, accessoirement, gagner quatre ronds pour renouveler son mat\u00e9riel.<\/p>\n<p>    Une expo d\u00e9di\u00e9e \u00e0 la femme en mars \u00e0 Carcassonne<\/p>\n<p>L\u2019ann\u00e9e 2026 va d\u00e9buter sur les chapeaux de roues pour Enila qui pr\u00e9pare activement une exposition qui sera accueillie mi-mars \u00e0 la maison de la R\u00e9gion \u00e0 Carcassonne. Celle-ci sera consacr\u00e9e aux femmes, aux \u00ab\u00a0Wonder-Women\u00a0\u00bb qui parfois se cachent (trop) en elles. Avec sa touche personnelle, l\u2019artiste fera l\u2019\u00e9loge de l\u2019\u00e9mancipation, des Droits des femmes et des forces qui sommeillent en elles. Sans oublier les clich\u00e9s \u00e0 balayer.<\/p>\n<p>\u00ab\u00a0En fait, je suis partie vraiment de vieilles publicit\u00e9s. Et au d\u00e9but, c\u2019\u00e9tait vraiment pour les mettre en parall\u00e8le avec des personnages ou des mots d\u00e9coup\u00e9s ou des phrases\u2026 Du coup, j\u2019en ai fait plusieurs. Et apr\u00e8s, j\u2019ai commenc\u00e9 \u00e0 d\u00e9tourner des objets. Les Playmobil, c\u2019est assez r\u00e9current chez moi. J\u2019ai \u00e9galement d\u00e9tourn\u00e9 une machine \u00e0 \u00e9crire et plein de choses autour de cet univers-l\u00e0. Et c\u2019est pour montrer un peu l\u2019\u00e9volution et inviter \u00e0 la r\u00e9flexion. J\u2019aimerais emmener\u00a0les gens \u00e0 se questionner, qu\u2019ils soient femmes ou hommes. Donc c\u2019est un projet un peu plus personnel. Je le classe un peu \u00e0 part parce qu\u2019il y a toujours ce fil conducteur de la couleur, des ic\u00f4nes pop culture et tout \u00e7a. J\u2019ai commenc\u00e9 par la femme, parce que forc\u00e9ment, j\u2019en suis une et \u00e7a me touche plus. Mais j\u2019envisage aussi un projet masculin, car ils ne sont pas non plus \u00e9pargn\u00e9s, parfois\u00a0\u00bb, explique-t-elle.<\/p>\n<p>Exposition en cours \u00e0 la <a href=\"https:\/\/www.facebook.com\/raymond.bacque11\" target=\"_self\" rel=\"noopener\">galerie L\u00e9zart \u00e0 Saint-Marcel-sur-Aude<\/a>, 4 rue des Horts, jusqu\u2019\u00e0 fin f\u00e9vrier avec Fabi, Faby, Minou et Quand je serai grand.<\/p>\n<p>                                                                                                                                                                                                        <script async src=\"\/\/www.instagram.com\/embed.js\"><\/script><\/p>\n","protected":false},"excerpt":{"rendered":"Aux cimaises et dans les galeries, elle se nomme Enila. Derri\u00e8re l\u2019anagramme, se cache (un peu) Aline Alli\u00e8s.&hellip;\n","protected":false},"author":2,"featured_media":618524,"comment_status":"","ping_status":"","sticky":false,"template":"","format":"standard","meta":{"footnotes":""},"categories":[1358],"tags":[1348,1384,1385,4086,872,1386,58,59,1011,27,35514],"class_list":{"0":"post-618523","1":"post","2":"type-post","3":"status-publish","4":"format-standard","5":"has-post-thumbnail","7":"category-arts-et-design","8":"tag-arts","9":"tag-arts-and-design","10":"tag-arts-et-design","11":"tag-aude","12":"tag-culture-et-loisirs","13":"tag-design","14":"tag-divertissement","15":"tag-entertainment","16":"tag-fr","17":"tag-france","18":"tag-narbonne"},"share_on_mastodon":{"url":"https:\/\/pubeurope.com\/@fr\/115770609104119129","error":""},"_links":{"self":[{"href":"https:\/\/www.europesays.com\/fr\/wp-json\/wp\/v2\/posts\/618523","targetHints":{"allow":["GET"]}}],"collection":[{"href":"https:\/\/www.europesays.com\/fr\/wp-json\/wp\/v2\/posts"}],"about":[{"href":"https:\/\/www.europesays.com\/fr\/wp-json\/wp\/v2\/types\/post"}],"author":[{"embeddable":true,"href":"https:\/\/www.europesays.com\/fr\/wp-json\/wp\/v2\/users\/2"}],"replies":[{"embeddable":true,"href":"https:\/\/www.europesays.com\/fr\/wp-json\/wp\/v2\/comments?post=618523"}],"version-history":[{"count":0,"href":"https:\/\/www.europesays.com\/fr\/wp-json\/wp\/v2\/posts\/618523\/revisions"}],"wp:featuredmedia":[{"embeddable":true,"href":"https:\/\/www.europesays.com\/fr\/wp-json\/wp\/v2\/media\/618524"}],"wp:attachment":[{"href":"https:\/\/www.europesays.com\/fr\/wp-json\/wp\/v2\/media?parent=618523"}],"wp:term":[{"taxonomy":"category","embeddable":true,"href":"https:\/\/www.europesays.com\/fr\/wp-json\/wp\/v2\/categories?post=618523"},{"taxonomy":"post_tag","embeddable":true,"href":"https:\/\/www.europesays.com\/fr\/wp-json\/wp\/v2\/tags?post=618523"}],"curies":[{"name":"wp","href":"https:\/\/api.w.org\/{rel}","templated":true}]}}